{"id":17381,"date":"2025-02-28T15:22:04","date_gmt":"2025-02-28T18:22:04","guid":{"rendered":"https:\/\/www.visionweb.com.ar\/?p=17381"},"modified":"2025-02-28T15:22:04","modified_gmt":"2025-02-28T18:22:04","slug":"inseguridad-en-la-provincia-alonso-afirmo-que-el-conurbano-tiene-una-criminalidad-baja-comparado-con-grandes-ciudades-de-america","status":"publish","type":"post","link":"https:\/\/www.visionweb.com.ar\/?p=17381","title":{"rendered":"Inseguridad en la Provincia: Alonso afirm\u00f3 que el conurbano tiene una criminalidad baja comparado con grandes ciudades de Am\u00e9rica"},"content":{"rendered":"<p><em><strong>El titular de la cartera de seguridad bonaerense compar\u00f3 la situaci\u00f3n delictiva de la provincia con otras regiones de Am\u00e9rica Latina y afirm\u00f3 que\u00a0\u201cel Conurbano Bonaerense es el conglomerado de Am\u00e9rica con las tasas criminales m\u00e1s bajas\u201d,\u00a0y cit\u00f3 a ciudades como San Pablo, Lima y Montevideo.<\/strong><\/em><!--more--><\/p>\n<p><strong><img loading=\"lazy\" decoding=\"async\" class=\"size-medium wp-image-17382 alignright\" src=\"https:\/\/www.visionweb.com.ar\/wp-content\/uploads\/2025\/02\/javier-alonso-seg-prov-300x158.png\" alt=\"\" width=\"300\" height=\"158\" srcset=\"https:\/\/www.visionweb.com.ar\/wp-content\/uploads\/2025\/02\/javier-alonso-seg-prov-300x158.png 300w, https:\/\/www.visionweb.com.ar\/wp-content\/uploads\/2025\/02\/javier-alonso-seg-prov.png 504w\" sizes=\"auto, (max-width: 300px) 100vw, 300px\" \/>\u00a0\u00a0 E<\/strong>l <strong>ministro de Seguridad bonaerense<\/strong>,\u00a0<strong>Javier Alonso, afirm\u00f3 que la Polic\u00eda de la provincia est\u00e1 llevando adelante \u201cun trabajo contundente\u201d en materia de seguridad<\/strong>.<\/p>\n<p>En el entorno de una seguidilla de hechos delictivos graves ocurridos en los \u00faltimos d\u00edas en el conurbano bonaerense, el funcionario sostuvo que\u00a0<strong>muchos de los casos de inseguridad est\u00e1n relacionados con \u201clos valores, la educaci\u00f3n y un modelo econ\u00f3mico\u201d\u00a0<\/strong>que afecta a la sociedad.<\/p>\n<p>En declaraciones a la prensa, Alonso<strong> se\u00f1al\u00f3 ayer que la cobertura de estos hechos por parte de los medios de comunicaci\u00f3n \u201cest\u00e1 perfecta\u201d y que \u201cse tiene que hablar de todo\u201d.<\/strong>\u00a0Sin embargo, plante\u00f3 que <strong>la seguridad no puede reducirse solo al accionar policial<\/strong>.<\/p>\n<p>\u201c\u00bfCre\u00e9s que la Polic\u00eda y el Ministerio de Seguridad lo pueden resolver? Hay<strong>\u00a0causas profundas que tienen que ver con c\u00f3mo estamos conviviendo\u201d, expres\u00f3.<\/strong><\/p>\n<p>Adem\u00e1s, enfatiz\u00f3 que<strong>\u00a0\u201cno hay zonas liberadas\u201d\u00a0<\/strong>y que \u201ccada m\u00f3vil tiene un GPS\u201d, lo que permite que cada municipio controle en tiempo real la ubicaci\u00f3n de los patrulleros.<\/p>\n<p>El funcionario detall\u00f3 que actualmente<strong>\u00a0la Polic\u00eda bonaerense \u201crecorre 665 mil cruces de calles\u201d y que \u201cpor primera vez\u201d, cada cuatro horas, transita \u201cel 75% del territorio urbano\u201d<\/strong>.<\/p>\n<p>Seg\u00fan precis\u00f3, esta cobertura es posible debido a la incorporaci\u00f3n de<strong>\u00a0\u201c5.500 patrulleros en la calle\u201d y a una inversi\u00f3n significativa en materia de seguridad. \u201cCuando llegamos hab\u00eda 790\u201d, asegur\u00f3.<\/strong><\/p>\n<p>Por otro lado, Alonso critic\u00f3 el <strong>enfoque simplista<\/strong> de algunos sectores frente a la inseguridad y asegur\u00f3 que la lucha contra el delito\u00a0<strong>\u201cse vuelve efectiva con hechos y con inversi\u00f3n\u201d y no con declaraciones como \u201chay que meter bala\u201d,<\/strong>\u00a0ya que \u201ccon esas frases no resolvemos nada\u201d.<\/p>\n<p>Tambi\u00e9n compar\u00f3 la situaci\u00f3n delictiva de la provincia con otras regiones de Am\u00e9rica Latina y afirm\u00f3 que\u00a0<strong>\u201cel Conurbano Bonaerense es el conglomerado de Am\u00e9rica con las tasas criminales m\u00e1s bajas\u201d,<\/strong>\u00a0mencionando a ciudades como <strong>San Pablo, Lima y Montevideo<\/strong>.<\/p>\n<p>En relaci\u00f3n con el Gobierno nacional, el ministro sostuvo que\u00a0<strong>\u201cel a\u00f1o pasado nos sacaron 750 mil millones de pesos, que era como se financiaba la pol\u00edtica de Seguridad\u201d<\/strong>. Tambi\u00e9n revel\u00f3 que la ministra de Seguridad de la Naci\u00f3n<strong>, Patricia Bullrich, le solicit\u00f3 patrulleros para reforzar la seguridad en Rosario <\/strong>y que la provincia accedi\u00f3 a enviar m\u00f3viles por un plazo de 90 d\u00edas.<\/p>\n<p>Sin embargo, critic\u00f3 que \u201cuna senadora de la provincia de Buenos Aires me inicia una causa penal por incumplimiento de funcionario p\u00fablico\u201d y que \u201cel presidente, que es el jefe de Bullrich, le da like y lo retuitea en redes sociales\u201d. Alonso calific\u00f3 la situaci\u00f3n como\u00a0<strong>\u201cun desquicio\u201d y acus\u00f3 al Gobierno nacional de generar \u201ccaos y desolaci\u00f3n\u201d<\/strong>\u00a0a trav\u00e9s de una agenda medi\u00e1tica basada en redes sociales y programas de televisi\u00f3n. <strong>(VW)<\/strong><\/p>\n","protected":false},"excerpt":{"rendered":"<p>El titular de la cartera de seguridad bonaerense compar\u00f3 la situaci\u00f3n delictiva de la provincia con otras regiones de Am\u00e9rica Latina y afirm\u00f3 que\u00a0\u201cel Conurbano Bonaerense es el conglomerado de Am\u00e9rica con las tasas&#46;&#46;&#46;<\/p>\n","protected":false},"author":4,"featured_media":17382,"comment_status":"closed","ping_status":"closed","sticky":false,"template":"","format":"standard","meta":{"_monsterinsights_skip_tracking":false,"_monsterinsights_sitenote_active":false,"_monsterinsights_sitenote_note":"","_monsterinsights_sitenote_category":0,"footnotes":""},"categories":[4,5],"tags":[240,7417,7416],"class_list":["post-17381","post","type-post","status-publish","format-standard","has-post-thumbnail","hentry","category-politica","category-sociedad","tag-inseguridad","tag-javier-alonso","tag-rovincia"],"_links":{"self":[{"href":"https:\/\/www.visionweb.com.ar\/index.php?rest_route=\/wp\/v2\/posts\/17381","targetHints":{"allow":["GET"]}}],"collection":[{"href":"https:\/\/www.visionweb.com.ar\/index.php?rest_route=\/wp\/v2\/posts"}],"about":[{"href":"https:\/\/www.visionweb.com.ar\/index.php?rest_route=\/wp\/v2\/types\/post"}],"author":[{"embeddable":true,"href":"https:\/\/www.visionweb.com.ar\/index.php?rest_route=\/wp\/v2\/users\/4"}],"replies":[{"embeddable":true,"href":"https:\/\/www.visionweb.com.ar\/index.php?rest_route=%2Fwp%2Fv2%2Fcomments&post=17381"}],"version-history":[{"count":1,"href":"https:\/\/www.visionweb.com.ar\/index.php?rest_route=\/wp\/v2\/posts\/17381\/revisions"}],"predecessor-version":[{"id":17383,"href":"https:\/\/www.visionweb.com.ar\/index.php?rest_route=\/wp\/v2\/posts\/17381\/revisions\/17383"}],"wp:featuredmedia":[{"embeddable":true,"href":"https:\/\/www.visionweb.com.ar\/index.php?rest_route=\/wp\/v2\/media\/17382"}],"wp:attachment":[{"href":"https:\/\/www.visionweb.com.ar\/index.php?rest_route=%2Fwp%2Fv2%2Fmedia&parent=17381"}],"wp:term":[{"taxonomy":"category","embeddable":true,"href":"https:\/\/www.visionweb.com.ar\/index.php?rest_route=%2Fwp%2Fv2%2Fcategories&post=17381"},{"taxonomy":"post_tag","embeddable":true,"href":"https:\/\/www.visionweb.com.ar\/index.php?rest_route=%2Fwp%2Fv2%2Ftags&post=17381"}],"curies":[{"name":"wp","href":"https:\/\/api.w.org\/{rel}","templated":true}]}}