{"id":17376,"date":"2025-02-28T14:27:31","date_gmt":"2025-02-28T17:27:31","guid":{"rendered":"https:\/\/www.visionweb.com.ar\/?p=17376"},"modified":"2025-02-28T14:27:31","modified_gmt":"2025-02-28T17:27:31","slug":"milei-rechazo-trabajar-con-kicillof-le-pidio-que-renuncie-y-quiere-intervenir-la-provincia","status":"publish","type":"post","link":"https:\/\/www.visionweb.com.ar\/?p=17376","title":{"rendered":"Milei rechaz\u00f3 trabajar con Kicillof, le pidi\u00f3 que renuncie y quiere intervenir la Provincia"},"content":{"rendered":"<p><em><strong>\u201cEn un a\u00f1o, nosotros vamos a terminar con la violencia\u201d, escribi\u00f3\u00a0Milei, y le pidi\u00f3 a Kicillof que renuncie, luego de la conferencia de prensa del gobernador. Hay reclamos entre unos y otros, en un muy caliente entorno pol\u00edtico. Mientras tanto, la inseguridad sigue a la orden del d\u00eda. Los detalles, los apoyos y los repudios.<\/strong><\/em><!--more--><\/p>\n<div id=\"attachment_17377\" style=\"width: 310px\" class=\"wp-caption alignright\"><img loading=\"lazy\" decoding=\"async\" aria-describedby=\"caption-attachment-17377\" class=\"wp-image-17377 size-medium\" src=\"https:\/\/www.visionweb.com.ar\/wp-content\/uploads\/2025\/02\/milei-kicillof-300x169.png\" alt=\"\" width=\"300\" height=\"169\" srcset=\"https:\/\/www.visionweb.com.ar\/wp-content\/uploads\/2025\/02\/milei-kicillof-300x169.png 300w, https:\/\/www.visionweb.com.ar\/wp-content\/uploads\/2025\/02\/milei-kicillof.png 576w\" sizes=\"auto, (max-width: 300px) 100vw, 300px\" \/><p id=\"caption-attachment-17377\" class=\"wp-caption-text\">Milei &#8211; Kicillof Foto de internet<\/p><\/div>\n<p><strong>\u00a0\u00a0\u00a0\u00a0 E<\/strong>n el entorno de la <strong>inseguridad en la Provincia de Buenos Aire<\/strong>s, en las \u00faltimas horas agravado por el crimen de la ni\u00f1a Kim G\u00f3mez, el presidente\u00a0<strong>Javier Milei<\/strong> respondi\u00f3 al gobernador bonaerense,\u00a0<strong>Axel Kicillof<\/strong>, que<strong>\u00a0en su discurso de ayer <\/strong>le propuso al jefe de Estado \u201creunirse para trabajar juntos y con seriedad\u201d.<\/p>\n<p><strong>El mandatario Javier Milei<\/strong> poste\u00f3 un escrito que titul\u00f3 \u201cba\u00f1o de sangre en la Provincia y la incompetencia de\u00a0<strong>Kicillof<\/strong>\u201d.<\/p>\n<p>\u201cDado que est\u00e1 admitiendo su fracaso, y si realmente le interesa el bienestar de los bonaerenses, c<strong>\u00f3rrase del camino (esto es, renuncie), y d\u00e9jenos intervenir la\u00a0<\/strong><strong><a href=\"https:\/\/www.gba.gob.ar\/\">provincia de Buenos Aires<\/a><\/strong>. En <strong>un a\u00f1o, nosotros vamos a terminar con la violencia<\/strong>\u201d, escribi\u00f3\u00a0Milei.<\/p>\n<p>Luego, en esa l\u00ednea, el\u00a0<strong>Presidente\u00a0<\/strong>rechaz\u00f3 rotundamente la propuesta del mandatario bonaerense de que la Provincia y la Naci\u00f3n <strong>unan fuerzas<\/strong> para frenar la\u00a0<strong>ola de inseguridad<\/strong>, y remarc\u00f3 que \u201c<strong>no se puede trabajar con alguien que cree que los delincuentes son las v\u00edctimas<\/strong>\u201d, y mientras que \u00e9l los considera \u201cNosotros creemos que los delincuentes son los malos, y el que las hace las paga\u201d, enfatiz\u00f3 el jefe de Estado.<\/p>\n<p>\u201cSu doctrina prodelincuentes con ra\u00edces en el pensamiento atroz de\u00a0<strong>Eugenio Zaffaroni\u00a0<\/strong>est\u00e1 en las ant\u00edpodas de la tolerancia cero de\u00a0<strong>Becker-Giuliani\u00a0<\/strong>a la que nosotros en Naci\u00f3n suscribimos\u201d, complet\u00f3\u00a0<strong>Milei\u00a0<\/strong>en el p\u00e1rrafo donde, sin tapujos, se resisti\u00f3 a aceptar una tregua entre el\u00a0<strong>Gobierno bonaerense\u00a0<\/strong>y <strong>el nacional<\/strong> en pos de los ciudadanos.<\/p>\n<p>Al final del escrito, el\u00a0<strong>Presidente\u00a0<\/strong>le pidi\u00f3 al Gobernador de la\u00a0<strong>provincia de Buenos Aires\u00a0<\/strong>que \u201cse fije y analice si le interesa m\u00e1s el bienestar y la\u00a0<strong>seguridad<\/strong>\u00a0de los bonaerenses o sus <strong>intereses pol\u00edticos personales<\/strong>\u201d, y dej\u00f3 abierta la puerta para que\u00a0<strong>Kicillof\u00a0<\/strong><strong>acepte abandonar la Gobernaci\u00f3n<\/strong>.<\/p>\n<p>Qu\u00e9 dijo ayer el gobernador:<\/p>\n<p>El <strong>gobernador bonaerense Axel Kicllof<\/strong> responsabiliz\u00f3 a <strong>la justicia por el crimen de Kim G\u00f3mez<\/strong>, al tiempo que cuestion\u00f3 el \u00abuso miserable del caso\u00bb por parte de la oposici\u00f3n. Aunque el inicio de la conferencia, comenz\u00f3 con un <strong>balance del turismo<\/strong>.<\/p>\n<p>A trav\u00e9s de una conferencia de verano que tuvo lugar ayer en el\u00a0<strong>Partido de La Costa<\/strong>,\u00a0<strong>Kicillof calific\u00f3\u00a0<\/strong>como <strong>una \u201cbajeza\u201d las cr\u00edticas efectuadas desde la oposici\u00f3n, entre las cuales ped\u00edan su renuncia<\/strong>. \u201cS\u00e9 que hay campa\u00f1a electoral, s\u00e9 que algunos usan esto para ganar un voto y lucrar con el dolor. Se han traspasado todos los l\u00edmites\u201d, afirm\u00f3.<\/p>\n<p>\u201cLo que necesitamos hoy es justicia, no todo vale por un voto. Hay l\u00edmites, A m\u00ed me han visto hacer campa\u00f1a cuando era oposici\u00f3n, donde hab\u00eda hechos graves de inseguridad, pero nunca trat\u00e9 de lucrar con ese tema. Hay ahora una campa\u00f1a miserable\u201d, puntualiz\u00f3 el mandatario bonaerense.<\/p>\n<p>En ese sentido,\u00a0<strong>Kicillof\u00a0<\/strong>sostuvo que los pedidos de baja de edad de <strong>imputabilidad no rigen<\/strong> para el asesinato de\u00a0<strong>Kim G\u00f3mez<\/strong>\u00a0porque el principal responsable tiene 17 de a\u00f1os, y ya es sujeto al que pueden aplicarse la ley penal. \u201c<strong>Uno espera que se act\u00fae con todo el rigor y que se haga justicia<\/strong>\u201d, manifest\u00f3.<\/p>\n<p>\u201c<strong>El problema es que se aplican mal las leyes<\/strong>. <strong>Yo no nombro jueces, no pongo preso a nadie ni hago las leyes, somos responsables de la polic\u00eda<\/strong>. Apresamos inmediatamente a quien cometi\u00f3 esta atrocidad, de hecho ya lo hab\u00edamos apresado en febrero y lo liberaron inmediatamente cuando seguramente tendr\u00eda que haber estar preso\u201d.<\/p>\n<p>Por \u00faltimo, Kicillof cuestion\u00f3 al gobierno de Milei por no enviar los <strong>recursos del fondo de Seguridad<\/strong>, estimado en USD 750 mil mllones. \u201cCada uno se tiene que hacer cargo de su responsabilidad, hacemos muchas cosas en materia de seguridad, porque hab\u00eda 790 patrulleros en la provincia y compramos m\u00e1s de 5.000 a\u00fan con el robo de recursos de Naci\u00f3n\u201d, concluy\u00f3.<\/p>\n<p>Mientras tanto, este viernes, un importante n\u00famero de\u00a0<strong>ministros\u00a0<\/strong>e\u00a0<strong>intendentes bonaerenses<\/strong>\u00a0respaldaron al gobernador de la\u00a0<strong>provincia de Buenos Aires<\/strong>,\u00a0<strong>Axel Kicillof<\/strong>, luego de que\u00a0<strong>Javier Milei\u00a0<\/strong>le pidiera <strong>la renuncia al cargo<\/strong> y advirtiera sobre una <strong>intervenci\u00f3n\u00a0a la Provincia<\/strong> por la\u00a0<strong>ola de inseguridad\u00a0<\/strong>que aqueja a gran parte de los municipios.<\/p>\n<p>\u201cSe\u00f1or Presidente, en vez de pensar en Golpes institucionales, que nada tienen que ver con la vida democr\u00e1tica que elige nuestro pueblo y que no solucionan los problemas que pueden atravesarlo, le pedimos que <strong>acepte la invitaci\u00f3n<\/strong> de\u00a0<strong>Kicillof\u00a0<\/strong>a <strong>trabajar de manera conjunta<\/strong> en asuntos como la\u00a0<strong>seguridad<\/strong>, la salud y la infraestructura\u201d, escribieron los\u00a0<strong>intendentes bonaerenses<\/strong>.<\/p>\n<p>En ese sentido, los jefes comunales, enfatizaron: \u201cEstamos seguros de que la salida est\u00e1 en el trabajo conjunto entre la Naci\u00f3n, la Provincia y los municipios\u201d.<\/p>\n<p><strong>Por su parte, la ministra de Seguridad Patricia Bullrich dijo que la sociedad \u201cpide a gritos\u201d intervenir la provincia de Buenos Aires.<\/strong><\/p>\n<p>En ese sentido, la\u00a0<strong>ministra de Seguridad de la Naci\u00f3n<\/strong>,\u00a0<strong>Patricia Bullrich<\/strong>, <strong>respald\u00f3<\/strong> este viernes la idea del presidente,\u00a0<strong>Javier Milei<\/strong>, de <strong>intervenir la\u00a0provincia de Buenos Aires.<\/strong><\/p>\n<p>\u201c<strong>Kicillof habl\u00f3 como un sobrador, se tom\u00f3 el tema con poca seriedad cuando hay familias llorando. El Presidente le respondi\u00f3 hoy a las 7 de la ma\u00f1ana. Lo que dijo el Gobernador fue una falta de respeto porque no pidi\u00f3 ayuda, no dijo \u2018voy a adherir a las teor\u00edas que hacen bien a la seguridad\u2019. Fue soberbio, chicanero<\/strong>\u201c, afirm\u00f3\u00a0<strong>Bullrich<\/strong>.<\/p>\n<p>Asimismo, la\u00a0<strong>Ministra\u00a0<\/strong>plante\u00f3 que la\u00a0<strong>Casa Rosada<\/strong>\u00a0aplica estrategias \u201cmucho mejores\u201d contra la inseguridad que el\u00a0<strong>Gobierno bonaerense\u00a0<\/strong>y se\u00f1al\u00f3 que, seg\u00fan encuestas \u201cel 80% de la sociedad\u201d conf\u00eda en el\u00a0<strong>Ejecutivo<\/strong>\u00a0<strong>nacional\u00a0<\/strong>para resolver la problem\u00e1tica. \u201c<strong>Nos est\u00e1n llamando a los gritos. Por eso el Presidente dice: \u2018C\u00f3rrase y deje a los que saben y tienen la filosof\u00eda contraria<\/strong>\u2018\u201d, justific\u00f3.<\/p>\n<p><strong>Bullrich\u00a0<\/strong>admiti\u00f3 que el anuncio de la intervenci\u00f3n fue \u201c<strong>fuerte<\/strong>\u201d, pero argument\u00f3 que <strong>\u201cm\u00e1s fuerte\u201d es el crecimiento de la violencia y los delitos<\/strong>. \u201c<strong>Abuelos torturados en sus casas, gente arrastrada en autos, entraderas\u2026 eso es m\u00e1s violento todav\u00eda\u201d<\/strong>, sostuvo la ministra. <strong>(VW)<\/strong><\/p>\n","protected":false},"excerpt":{"rendered":"<p>\u201cEn un a\u00f1o, nosotros vamos a terminar con la violencia\u201d, escribi\u00f3\u00a0Milei, y le pidi\u00f3 a Kicillof que renuncie, luego de la conferencia de prensa del gobernador. Hay reclamos entre unos y otros, en un&#46;&#46;&#46;<\/p>\n","protected":false},"author":4,"featured_media":17377,"comment_status":"closed","ping_status":"closed","sticky":false,"template":"","format":"standard","meta":{"_monsterinsights_skip_tracking":false,"_monsterinsights_sitenote_active":false,"_monsterinsights_sitenote_note":"","_monsterinsights_sitenote_category":0,"footnotes":""},"categories":[4],"tags":[240,7415,167,4530],"class_list":["post-17376","post","type-post","status-publish","format-standard","has-post-thumbnail","hentry","category-politica","tag-inseguridad","tag-intervencion-a-la-provincia","tag-kicillof","tag-milei"],"_links":{"self":[{"href":"https:\/\/www.visionweb.com.ar\/index.php?rest_route=\/wp\/v2\/posts\/17376","targetHints":{"allow":["GET"]}}],"collection":[{"href":"https:\/\/www.visionweb.com.ar\/index.php?rest_route=\/wp\/v2\/posts"}],"about":[{"href":"https:\/\/www.visionweb.com.ar\/index.php?rest_route=\/wp\/v2\/types\/post"}],"author":[{"embeddable":true,"href":"https:\/\/www.visionweb.com.ar\/index.php?rest_route=\/wp\/v2\/users\/4"}],"replies":[{"embeddable":true,"href":"https:\/\/www.visionweb.com.ar\/index.php?rest_route=%2Fwp%2Fv2%2Fcomments&post=17376"}],"version-history":[{"count":1,"href":"https:\/\/www.visionweb.com.ar\/index.php?rest_route=\/wp\/v2\/posts\/17376\/revisions"}],"predecessor-version":[{"id":17378,"href":"https:\/\/www.visionweb.com.ar\/index.php?rest_route=\/wp\/v2\/posts\/17376\/revisions\/17378"}],"wp:featuredmedia":[{"embeddable":true,"href":"https:\/\/www.visionweb.com.ar\/index.php?rest_route=\/wp\/v2\/media\/17377"}],"wp:attachment":[{"href":"https:\/\/www.visionweb.com.ar\/index.php?rest_route=%2Fwp%2Fv2%2Fmedia&parent=17376"}],"wp:term":[{"taxonomy":"category","embeddable":true,"href":"https:\/\/www.visionweb.com.ar\/index.php?rest_route=%2Fwp%2Fv2%2Fcategories&post=17376"},{"taxonomy":"post_tag","embeddable":true,"href":"https:\/\/www.visionweb.com.ar\/index.php?rest_route=%2Fwp%2Fv2%2Ftags&post=17376"}],"curies":[{"name":"wp","href":"https:\/\/api.w.org\/{rel}","templated":true}]}}