{"id":17372,"date":"2025-02-28T12:48:33","date_gmt":"2025-02-28T15:48:33","guid":{"rendered":"https:\/\/www.visionweb.com.ar\/?p=17372"},"modified":"2025-02-28T12:48:33","modified_gmt":"2025-02-28T15:48:33","slug":"lanus-habra-cortes-de-calles-durante-el-proximo-fin-de-semana-por-los-carnavales-2025","status":"publish","type":"post","link":"https:\/\/www.visionweb.com.ar\/?p=17372","title":{"rendered":"Lan\u00fas: Habr\u00e1 cortes de calles durante el pr\u00f3ximo fin de semana por los Carnavales 2025"},"content":{"rendered":"<p><em><strong>En diferentes barrios de la ciudad habr\u00e1 cortes de calles por los festejos. Los detalles.<\/strong><\/em><!--more--><\/p>\n<p><strong><img loading=\"lazy\" decoding=\"async\" class=\"size-medium wp-image-17373 alignright\" src=\"https:\/\/www.visionweb.com.ar\/wp-content\/uploads\/2025\/02\/calles-cortes-Carnavales-240x300.jpg\" alt=\"\" width=\"240\" height=\"300\" srcset=\"https:\/\/www.visionweb.com.ar\/wp-content\/uploads\/2025\/02\/calles-cortes-Carnavales-240x300.jpg 240w, https:\/\/www.visionweb.com.ar\/wp-content\/uploads\/2025\/02\/calles-cortes-Carnavales.jpg 395w\" sizes=\"auto, (max-width: 240px) 100vw, 240px\" \/>\u00a0\u00a0\u00a0\u00a0\u00a0 E<\/strong>l <strong>Municipio de Lan\u00fas<\/strong> inform\u00f3 que con motivo de las celebraciones por Carnaval habr\u00e1 cortes de calles durante el domingo 2, lunes 3 y martes 4 de marzo, en Monte Chingolo y Villa Caraza y Lan\u00fas Centro.<\/p>\n<p>Aqu\u00ed el detalle, conforme indic\u00f3 la Secretar\u00eda de Prensa de Lan\u00fas:<\/p>\n<p><strong>Monte Chingolo<\/strong>\u00a0(s\u00e1bado 1\u00b0 y domingo 2 de marzo): Eva Per\u00f3n, desde De La Pe\u00f1a hasta Av. General Pinto; Gral. Guido, desde M\u00e9ndez hasta Gral. Guido; Av. Gral Pinto, desde Pringles hasta Kloosterman.<\/p>\n<p><strong>Villa Caraza<\/strong>\u00a0(domingo 2 y lunes 3 de marzo): Tagle, desde 25 de Mayo Olazabal; Pilcomayo, desde Olaz\u00e1bal hasta Grecia.<\/p>\n<p><strong>Lan\u00fas Centro<\/strong>\u00a0(lunes 3 y martes 4 de marzo): 25 de Mayo, desde Av. Hip\u00f3lito Yrigoyen hasta Urquiza; Carlos Gardel, desde Av. Hip\u00f3lito Yrigoyen hasta 14 de Julio.<\/p>\n<p>Detalle de las celebraciones:<\/p>\n<p>Cabe recordar, durante los pr\u00f3ximos domingo 2, lunes 3 y martes 4 de marzo, la propuesta cultural y recreativa, se desplegar\u00e1 con murgas, bandas, espect\u00e1culos en vivo y puestos gastron\u00f3micos, con motivo de los Carnavales 2025.<\/p>\n<p><strong>Domingo 2 de marzo<\/strong>, sobre Eva Per\u00f3n, desde Chilavert hasta Coronel M\u00e9ndez, Monte Chingolo, a partir de las 18 horas.<\/p>\n<p>19 horas: Los Elegantes de Villa Diamante.<\/p>\n<p>20 horas: Centro Murga El Metej\u00f3n de Mi Vida.<\/p>\n<p>21 horas: Viva La Pepa.<\/p>\n<p>22 horas: Los Pegotes de Florida.<\/p>\n<p>23 horas: DJ Cabra.<\/p>\n<p>23.30 horas: Los del Fuego.<\/p>\n<div id=\"attachment_17374\" style=\"width: 310px\" class=\"wp-caption alignleft\"><img loading=\"lazy\" decoding=\"async\" aria-describedby=\"caption-attachment-17374\" class=\"wp-image-17374 size-medium\" src=\"https:\/\/www.visionweb.com.ar\/wp-content\/uploads\/2025\/02\/Carnavales-2025-lanus-300x200.jpg\" alt=\"\" width=\"300\" height=\"200\" srcset=\"https:\/\/www.visionweb.com.ar\/wp-content\/uploads\/2025\/02\/Carnavales-2025-lanus-300x200.jpg 300w, https:\/\/www.visionweb.com.ar\/wp-content\/uploads\/2025\/02\/Carnavales-2025-lanus.jpg 368w\" sizes=\"auto, (max-width: 300px) 100vw, 300px\" \/><p id=\"caption-attachment-17374\" class=\"wp-caption-text\">Foto: Prensa de Lan\u00fas<\/p><\/div>\n<p><strong>Lunes 3 de marzo<\/strong>, sobre Tagle, desde 1\u00b0 de Mayo hasta Manuel Castro, Villa Caraza, a partir de las 18 horas.<\/p>\n<p>20 horas: Los Caprichosos de San Telmo.<\/p>\n<p>21 horas: Fantoche de Villa Urquiza.<\/p>\n<p>22 horas: Alegr\u00eda de Zona Sur<\/p>\n<p>23 horas: Jimmy y su Combo Negro.<\/p>\n<p><strong>Martes 4 de marzo<\/strong>, sobre la Avenida 25 de Mayo, desde Iberlucea hasta 14 de julio, Lan\u00fas Centro, a partir de las 17 horas.<\/p>\n<p>18 horas: Escalandombe<\/p>\n<p>18.30 horas: Locademia del ritmo<\/p>\n<p>19 horas: Esta\u00e7\u00e3o Primeira de Lan\u00fas.<\/p>\n<p>20 horas: Los Dioses de La Paternal.<\/p>\n<p>21 horas: Mar\u00ed Mar\u00ed. <strong>(VW)<\/strong><\/p>\n","protected":false},"excerpt":{"rendered":"<p>En diferentes barrios de la ciudad habr\u00e1 cortes de calles por los festejos. Los detalles.<\/p>\n","protected":false},"author":4,"featured_media":17373,"comment_status":"closed","ping_status":"closed","sticky":false,"template":"","format":"standard","meta":{"_monsterinsights_skip_tracking":false,"_monsterinsights_sitenote_active":false,"_monsterinsights_sitenote_note":"","_monsterinsights_sitenote_category":0,"footnotes":""},"categories":[4,5],"tags":[7413,7414,3319,19],"class_list":["post-17372","post","type-post","status-publish","format-standard","has-post-thumbnail","hentry","category-politica","category-sociedad","tag-carnavales-2025","tag-corte-de-calles","tag-festejos","tag-lanus"],"_links":{"self":[{"href":"https:\/\/www.visionweb.com.ar\/index.php?rest_route=\/wp\/v2\/posts\/17372","targetHints":{"allow":["GET"]}}],"collection":[{"href":"https:\/\/www.visionweb.com.ar\/index.php?rest_route=\/wp\/v2\/posts"}],"about":[{"href":"https:\/\/www.visionweb.com.ar\/index.php?rest_route=\/wp\/v2\/types\/post"}],"author":[{"embeddable":true,"href":"https:\/\/www.visionweb.com.ar\/index.php?rest_route=\/wp\/v2\/users\/4"}],"replies":[{"embeddable":true,"href":"https:\/\/www.visionweb.com.ar\/index.php?rest_route=%2Fwp%2Fv2%2Fcomments&post=17372"}],"version-history":[{"count":1,"href":"https:\/\/www.visionweb.com.ar\/index.php?rest_route=\/wp\/v2\/posts\/17372\/revisions"}],"predecessor-version":[{"id":17375,"href":"https:\/\/www.visionweb.com.ar\/index.php?rest_route=\/wp\/v2\/posts\/17372\/revisions\/17375"}],"wp:featuredmedia":[{"embeddable":true,"href":"https:\/\/www.visionweb.com.ar\/index.php?rest_route=\/wp\/v2\/media\/17373"}],"wp:attachment":[{"href":"https:\/\/www.visionweb.com.ar\/index.php?rest_route=%2Fwp%2Fv2%2Fmedia&parent=17372"}],"wp:term":[{"taxonomy":"category","embeddable":true,"href":"https:\/\/www.visionweb.com.ar\/index.php?rest_route=%2Fwp%2Fv2%2Fcategories&post=17372"},{"taxonomy":"post_tag","embeddable":true,"href":"https:\/\/www.visionweb.com.ar\/index.php?rest_route=%2Fwp%2Fv2%2Ftags&post=17372"}],"curies":[{"name":"wp","href":"https:\/\/api.w.org\/{rel}","templated":true}]}}