{"id":17364,"date":"2025-02-27T13:46:08","date_gmt":"2025-02-27T16:46:08","guid":{"rendered":"https:\/\/www.visionweb.com.ar\/?p=17364"},"modified":"2025-02-27T13:46:08","modified_gmt":"2025-02-27T16:46:08","slug":"el-terrible-crimen-de-la-nina-kim-gomez-desato-furia-en-la-plata","status":"publish","type":"post","link":"https:\/\/www.visionweb.com.ar\/?p=17364","title":{"rendered":"El terrible crimen de la ni\u00f1a Kim G\u00f3mez desat\u00f3 furia en La Plata"},"content":{"rendered":"<p><em><strong>Comenz\u00f3 una marcha con un pedido de justicia, pero la indignaci\u00f3n generalizada por el brutal asesinato estall\u00f3 en las calles y desat\u00f3 incidentes contra el Municipio y la Gobernaci\u00f3n. Una familia destrozada, dos menores detenidos y el pedido a gritos de justicia. Para el Gobierno la imputabilidad de menores es un \u201ctema de agenda\u201d y vuelve al Congreso nacional. \u201cLo vamos a trabajar\u201d, dijo Adorni.\u00a0<\/strong><\/em><!--more--><\/p>\n<p><strong><img loading=\"lazy\" decoding=\"async\" class=\"size-medium wp-image-17365 alignright\" src=\"https:\/\/www.visionweb.com.ar\/wp-content\/uploads\/2025\/02\/Kim-pedido-de-justicia-300x169.png\" alt=\"\" width=\"300\" height=\"169\" srcset=\"https:\/\/www.visionweb.com.ar\/wp-content\/uploads\/2025\/02\/Kim-pedido-de-justicia-300x169.png 300w, https:\/\/www.visionweb.com.ar\/wp-content\/uploads\/2025\/02\/Kim-pedido-de-justicia.png 514w\" sizes=\"auto, (max-width: 300px) 100vw, 300px\" \/> \u00a0\u00a0 La incesante y cruel inseguridad en la provincia de Buenos Aires <\/strong>estall\u00f3 con<strong> una furiosa manifestaci\u00f3n en La Plata, donde vecinos, indignados por el brutal asesinato de la ni\u00f1a Kim G\u00f3mez, de 7 a\u00f1os, apuntaron contra las autoridades municipales y bonaerenses. <\/strong><\/p>\n<p><strong>La protesta comenz\u00f3 pac\u00edficamente, <\/strong>pero deriv\u00f3 en incidentes cuando un grupo de manifestantes<strong> lanz\u00f3 piedras contra la sede de la Municipalidad de\u00a0La Plata\u00a0<\/strong>y destroz\u00f3 parte de su fachada.<\/p>\n<p><strong>El hartazgo social por la falta de respuestas y la impunidad se sinti\u00f3 con fuerza en la movilizaci\u00f3n, donde las cr\u00edticas no solo fueron contra la intendencia, sino tambi\u00e9n contra el Gobierno bonaerense de\u00a0Axel Kicillof. <\/strong><\/p>\n<p><strong>\u201cEstos hijos de puta no laburan\u201d, exclam\u00f3 un manifestante a la prensa mientras otros intentaban forzar las puertas del edificio municipal, en medio de gritos de desesperaci\u00f3n y bronca contenida. La movilizaci\u00f3n, que hab\u00eda arrancado con velas y carteles pidiendo justicia, termin\u00f3 con momentos de caos y furia.<\/strong><\/p>\n<p>Las im\u00e1genes de la protesta mostraron c\u00f3mo la indignaci\u00f3n se extend\u00eda entre personas de todas las edades.<strong> Hombres, mujeres, j\u00f3venes y adultos mayores se sumaron al reclamo, en una clara se\u00f1al de que la inseguridad y el miedo ya no tienen distinci\u00f3n de sectores. <\/strong><\/p>\n<p><strong>Sin polic\u00edas en la zona, la sede municipal qued\u00f3 expuesta a los disturbios, <\/strong>con manifestantes que golpearon puertas y ventanas, y algunos encapuchados arrojaron piedras contra la estructura.<\/p>\n<p><strong>El estallido social por\u00a0Kim G\u00f3mez\u00a0fue reflejo de una bronca contenida que crece d\u00eda a d\u00eda. Los vecinos se\u00f1alaron que no es un hecho aislado, sino parte de una escalada de violencia sin freno. \u201cNos prometen seguridad, pero la realidad es que cada vez vivimos peor. Salimos a la calle sin saber si vamos a volver<\/strong>\u201d, reclam\u00f3 una mujer entre l\u00e1grimas.<\/p>\n<p><strong>Otro vecino agreg\u00f3: \u201cNos gobiernan desde escritorios, pero no saben lo que es vivir con miedo todos los d\u00edas. Queremos respuestas, no discursos vac\u00edos\u201d.<\/strong><\/p>\n<p><strong>Mientras la protesta avanzaba en la tarde de ayer por las calles platenses, se sumaban m\u00e1s ciudadanos indignados. La falta de efectivos policiales en la zona dej\u00f3 expuesto el descontrol. <\/strong><\/p>\n<p>\u201cEs incre\u00edble que el municipio y la gobernaci\u00f3n no prevean este tipo de situaciones. <strong>No hay nadie que escuche el reclamo de la gente\u201d, se quej\u00f3 otro manifestante. En la Gobernaci\u00f3n, la escena era similar: puertas cerradas y funcionarios ausentes.<\/strong><\/p>\n<p><strong>El crimen de\u00a0Kim G\u00f3mez\u00a0se convirti\u00f3 en el s\u00edmbolo de un hartazgo generalizado ante la ola de violencia delictiva que sacude la provincia. No es el primer caso de una v\u00edctima inocente asesinada en un hecho de inseguridad, <\/strong>y los vecinos lo dejaron en claro: \u201c\u00bfCu\u00e1ntos hechos m\u00e1s tienen que pasar para que algo cambie?\u201d, se preguntaban con furia y desesperaci\u00f3n.<\/p>\n<p>Mientras la protesta se dirig\u00eda hacia la sede de la\u00a0Gobernaci\u00f3n\u00a0bonaerense, en la<strong> Municipalidad de\u00a0La\u00a0Plata\u00a0intentaban minimizar los hechos. <\/strong>Sin embargo, el mensaje de los vecinos fue contundente: <strong>no quieren m\u00e1s excusas ni promesas vac\u00edas. Quieren seguridad. Quieren que la impunidad termine.<\/strong><\/p>\n<p><strong>Tras el crimen de Kim, la Rosada insistir\u00e1 con la baja en la edad de imputabilidad<\/strong><\/p>\n<p>Luego de que se conociera que los dos sospechosos detenidos son<strong> menores de 14 y 17 a\u00f1os, el Gobierno nacional ratific\u00f3 que impulsar\u00e1 una\u00a0baja en la edad de imputabilidad.<\/strong><\/p>\n<p><strong>\u201cEs una aberraci\u00f3n m\u00e1s por parte de asesinos que no pueden seguir conviviendo en sociedad matando gente\u201d, dijo el vocero presidencial\u00a0Manuel Adorni\u00a0sobre el hecho que le cost\u00f3 la vida a Kim G\u00f3mez.<\/strong><\/p>\n<p><strong>\u201cEs un tema en agenda.\u00a0<\/strong>(Patricia, ministra de Seguridad de la Naci\u00f3n)<strong> Bullrich lo dijo. <\/strong><strong>Lo vamos a trabajar\u201d, agreg\u00f3 Adorni.<\/strong><\/p>\n<p><strong>A fines de junio del a\u00f1o pasado, Bullrich y su par de Justicia,\u00a0Mariano C\u00faneo Libarona,\u00a0<\/strong>confirmaron el<strong> env\u00edo de un proyecto de ley al Congreso para\u00a0bajar la edad de imputabilidad desde los 16 a los 13 a\u00f1os. <\/strong>En los meses siguientes<strong>, el tratamiento de la iniciativa se vio postergado en la agenda parlamentaria.<\/strong><\/p>\n<p>El denominado proyecto de \u201cR\u00e9gimen Penal Juvenil\u201d establece una serie de medidas de ordenamiento del C\u00f3digo Penal de acuerdo a los delitos. Seg\u00fan se inform\u00f3, la s\u00edntesis de la iniciativa se\u00f1ala que las edades de los menores punibles ir\u00edan de<strong> \u201cadolescentes de entre 13 y 18 a\u00f1os\u201d.<\/strong><\/p>\n<p><strong>Adem\u00e1s, detalla que\u00a0los chicos de esas edades que delinquen pueden ser privados de su libertad en \u201cestablecimientos especiales o secciones separadas de los establecimientos penitenciarios, bajo la direcci\u00f3n de personal id\u00f3neo<\/strong>\u201d. Los padres de los mismos deben ser comunicados sobre la imputaci\u00f3n y los actos procesales.<\/p>\n<p>Por otro lado, el proyecto se\u00f1ala que, <strong>si se impone condena condicional, se tendr\u00e1n que aplicar medidas complementarias, como \u201casistencia a programas educativos, formaci\u00f3n ciudadana, capacitaci\u00f3n laboral, concurrencia a los servicios de salud, tratamiento m\u00e9dico o psicol\u00f3gico, obligaci\u00f3n de buscar y, en lo posible, obtener un trabajo, concurrencia al tribunal, prohibici\u00f3n del consumo de bebidas alcoh\u00f3licas y estupefacientes\u201d.<\/strong><\/p>\n<p><strong>Asimismo, se\u00f1ala que las penas ser\u00edan de 3 a 6 a\u00f1os de prisi\u00f3n \u201csiempre que no haya existido muerte de la v\u00edctima, <\/strong>grave violencia f\u00edsica o ps\u00edquica sobre las personas, no haya lesiones grav\u00edsimas en delitos culposos y<strong> no registrare otros procesos o condenas\u201d.<\/strong><\/p>\n<p><strong>La ni\u00f1a falleci\u00f3 tras ser arrastrada quince cuadras por delincuentes.<\/strong><\/p>\n<p>Cabe remarcar, que la ni\u00f1a platense de 7 a\u00f1os \u201csufri\u00f3 lesiones traum\u00e1ticas, fracturas m\u00faltiples y lesiones por arrastre\u201d, luego de que ladrones le robaran el auto a la madre, con la menor en su interior.<\/p>\n<p>La ni\u00f1a muri\u00f3 como consecuencia\u00a0<strong>\u201cde un shock hipovol\u00e9mico secundario a politraumatismos\u201d<\/strong>. As\u00ed lo revel\u00f3 el informe preliminar de la autopsia que le fue entregado a la fiscal Carmen Ibarra, a cargo de la investigaci\u00f3n.<strong>\u00a0\u201cLa ni\u00f1a sufri\u00f3 lesiones traum\u00e1ticas, fracturas m\u00faltiples y lesiones por arrastre\u201d<\/strong>, explicaron fuentes con acceso al expediente.<\/p>\n<p><strong>El menor de 17 a\u00f1os est\u00e1 detenido en un instituto de menores por disposici\u00f3n de la fiscal Carmen Ibarra, mientras que el de 14 a\u00f1os, por su edad, es inimputable. <\/strong><\/p>\n<p><strong>La familia de la v\u00edctima exige que no quede libre y que la Justicia tome medidas para evitar que el caso quede impune. \u201cNos est\u00e1n matando, basta de inseguridad, La Plata es una ciudad liberada\u201d, <\/strong>rezaban los carteles de la marcha. <strong>Un grito de desesperaci\u00f3n que, por ahora, sigue sin respuestas.<\/strong><strong> (VW)<\/strong><\/p>\n","protected":false},"excerpt":{"rendered":"<p>Comenz\u00f3 una marcha con un pedido de justicia, pero la indignaci\u00f3n generalizada por el brutal asesinato estall\u00f3 en las calles y desat\u00f3 incidentes contra el Municipio y la Gobernaci\u00f3n. Una familia destrozada, dos menores&#46;&#46;&#46;<\/p>\n","protected":false},"author":4,"featured_media":17365,"comment_status":"closed","ping_status":"closed","sticky":false,"template":"","format":"standard","meta":{"_monsterinsights_skip_tracking":false,"_monsterinsights_sitenote_active":false,"_monsterinsights_sitenote_note":"","_monsterinsights_sitenote_category":0,"footnotes":""},"categories":[4,5],"tags":[1340,240,7407,95,7409,7408],"class_list":["post-17364","post","type-post","status-publish","format-standard","has-post-thumbnail","hentry","category-politica","category-sociedad","tag-asesinato","tag-inseguridad","tag-kim-gomez","tag-la-plata","tag-leyes","tag-pedido-de-justicia"],"_links":{"self":[{"href":"https:\/\/www.visionweb.com.ar\/index.php?rest_route=\/wp\/v2\/posts\/17364","targetHints":{"allow":["GET"]}}],"collection":[{"href":"https:\/\/www.visionweb.com.ar\/index.php?rest_route=\/wp\/v2\/posts"}],"about":[{"href":"https:\/\/www.visionweb.com.ar\/index.php?rest_route=\/wp\/v2\/types\/post"}],"author":[{"embeddable":true,"href":"https:\/\/www.visionweb.com.ar\/index.php?rest_route=\/wp\/v2\/users\/4"}],"replies":[{"embeddable":true,"href":"https:\/\/www.visionweb.com.ar\/index.php?rest_route=%2Fwp%2Fv2%2Fcomments&post=17364"}],"version-history":[{"count":1,"href":"https:\/\/www.visionweb.com.ar\/index.php?rest_route=\/wp\/v2\/posts\/17364\/revisions"}],"predecessor-version":[{"id":17366,"href":"https:\/\/www.visionweb.com.ar\/index.php?rest_route=\/wp\/v2\/posts\/17364\/revisions\/17366"}],"wp:featuredmedia":[{"embeddable":true,"href":"https:\/\/www.visionweb.com.ar\/index.php?rest_route=\/wp\/v2\/media\/17365"}],"wp:attachment":[{"href":"https:\/\/www.visionweb.com.ar\/index.php?rest_route=%2Fwp%2Fv2%2Fmedia&parent=17364"}],"wp:term":[{"taxonomy":"category","embeddable":true,"href":"https:\/\/www.visionweb.com.ar\/index.php?rest_route=%2Fwp%2Fv2%2Fcategories&post=17364"},{"taxonomy":"post_tag","embeddable":true,"href":"https:\/\/www.visionweb.com.ar\/index.php?rest_route=%2Fwp%2Fv2%2Ftags&post=17364"}],"curies":[{"name":"wp","href":"https:\/\/api.w.org\/{rel}","templated":true}]}}