{"id":17362,"date":"2025-02-27T12:14:04","date_gmt":"2025-02-27T15:14:04","guid":{"rendered":"https:\/\/www.visionweb.com.ar\/?p=17362"},"modified":"2025-02-27T12:14:04","modified_gmt":"2025-02-27T15:14:04","slug":"desde-ahora-los-artistas-podran-gestionar-sus-derechos-sin-intermediarios","status":"publish","type":"post","link":"https:\/\/www.visionweb.com.ar\/?p=17362","title":{"rendered":"Desde ahora los artistas podr\u00e1n gestionar sus derechos sin intermediarios"},"content":{"rendered":"<p><em><strong>Cambios en los derechos de autor y fin de monopolio, dijo el ministro de Desregulaci\u00f3n. El Decreto 138\/2025 pone fin a la obligatoriedad de que los creadores canalicen sus derechos a trav\u00e9s de entidades como SADAIC, SAGAI, AADI-CAPIF, DAC y ARGENTORES, las cuales controlaban la recaudaci\u00f3n y distribuci\u00f3n de estos ingresos.<\/strong><\/em><!--more--><\/p>\n<p><strong><img loading=\"lazy\" decoding=\"async\" class=\"size-medium wp-image-15627 alignright\" src=\"https:\/\/www.visionweb.com.ar\/wp-content\/uploads\/2024\/08\/sadaic-300x150.png\" alt=\"\" width=\"300\" height=\"150\" srcset=\"https:\/\/www.visionweb.com.ar\/wp-content\/uploads\/2024\/08\/sadaic-300x150.png 300w, https:\/\/www.visionweb.com.ar\/wp-content\/uploads\/2024\/08\/sadaic.png 519w\" sizes=\"auto, (max-width: 300px) 100vw, 300px\" \/>\u00a0\u00a0\u00a0\u00a0\u00a0 E<\/strong>l ministro de Transformaci\u00f3n del Estado,\u00a0<strong>Federico Sturzenegger<\/strong>,\u00a0explic\u00f3 los cambios a la regulaci\u00f3n de los\u00a0<strong>derechos de autor, a trav\u00e9s del\u00a0Decreto 138\/2025, <\/strong>que determin\u00f3 que desde ahora\u00a0los interesados <strong>puedan registrarse a partir de una sociedad de gesti\u00f3n colectiva u optar por inscribirse de manera individual, algo que antes no era posible.<\/strong><\/p>\n<p>El ministro consider\u00f3 que esta normativa permitir\u00e1 terminar con un<strong>\u00a0\u201cperverso sistema\u201d\u00a0<\/strong>que se extiende desde la \u00e9poca del golpe de Estado que arranc\u00f3 en 1966.<\/p>\n<p>\u201cHoy<strong>\u00a0liberamos a la cultura argentina<\/strong>\u00a0del sistema de <strong>control estatal instaurado por el r\u00e9gimen de (Juan Carlos) Ongan\u00eda hace 50 a\u00f1os<\/strong> y que hasta la llegada del presidente Javier Milei nadie quiso o se anim\u00f3 a desarmar\u201d, asegur\u00f3 Sturzenegger.<\/p>\n<p>\u201cHasta ahora el Estado controlaba los ingresos de todos los artistas, oblig\u00e1ndolos a rendir sus derechos a trav\u00e9s de una organizaci\u00f3n autorizada por el mismo Estado. Este<strong>\u00a0perverso sistema<\/strong>\u00a0ideado por el presidente de facto Ongan\u00eda (luego amplificado por el\u00a0<strong>kirchnerismo<\/strong>, que comparte esa<strong>\u00a0visi\u00f3n autoritaria\u00a0<\/strong>del poder) le permit\u00eda al Gobierno dos cosas. Primero,\u00a0<strong>tener el control de los derechos de los artistas para disciplinarlos<\/strong>\u00a0(ya sea privilegi\u00e1ndolos en el cobro o extorsion\u00e1ndolos). Segundo, constitu\u00eda una\u00a0<strong>abultada caja<\/strong>\u00a0en la que vale el dicho \u2018el que reparte se queda con la mejor parte\u2019. (El kirchnerismo le sumaba la hipocres\u00eda, porque mientras condicionaba la creaci\u00f3n art\u00edstica y le sacaba recursos,<strong>\u00a0te verseaba que la quer\u00eda ayudar y promover<\/strong>)\u201d, justific\u00f3 el ministro.<\/p>\n<p>Al mensaje, Sturzenegger le sum\u00f3 una foto hecha con\u00a0<strong>Inteligencia Artificial<\/strong>\u00a0(IA) donde se ve a Ongan\u00eda desplazado por un grupo de j\u00f3venes m\u00fasicos. \u201cPor eso acompa\u00f1amos este post con una imagen de unos m\u00fasicos despidiendo al dictador Ongan\u00eda.<strong>\u00a0\u00a1Nunca m\u00e1s el control del Estado sobre la cultura!<\/strong>\u00a0\u00a1Viva la libertad carajo!\u201d, exclam\u00f3.<\/p>\n<p>Tras eso, el funcionario destac\u00f3 que desde la \u00e9poca de Ongan\u00eda y hasta <strong>este jueves en que se public\u00f3 el decreto las sociedades de gesti\u00f3n colectiva (SGC) <\/strong>-que en la Argentina son\u00a0<strong>Sadaic, Sagai, Aadi-Capif, Dac y Argentores<\/strong>\u2013 ten\u00edan un \u201c<strong>monopolio<\/strong>\u201d en la representaci\u00f3n de los derechos autorales y en la fijaci\u00f3n de las tarifas para usarlos.<\/p>\n<p>\u201c<strong>Los m\u00fasicos que quer\u00edan vender su m\u00fasica (incluso hacer un show en vivo) deb\u00edan cobrar obligatoriamente a trav\u00e9s de Sadaic y Aadi sus derechos<\/strong>. Miren el absurdo: en un recital,\u00a0<strong>en vez de que la banda pudiera cobrar sus derechos sin intermediarios, ten\u00eda que pag\u00e1rselos a Sadaic<\/strong>, que luego le \u2018devolv\u00eda\u2019 lo que era suyo\u201d, expuso.<\/p>\n<p>Entonces, plante\u00f3 que esta desregulaci\u00f3n instrumenta dos cambios \u201cdecisivos\u201d para la industria. \u201c<strong>1)<\/strong>\u00a0<strong>Elimina el monopolio\u00a0<\/strong>de las SGC: desde hoy si alguien quiere fundar una Sadaic-2 para competir con Sadaic, podr\u00e1 hacerlo. <strong>2)<\/strong> Permite que los autores y creadores celebren\u00a0<strong>acuerdos particulares<\/strong>\u00a0sin intervenci\u00f3n de dichas sociedades, cobrando sus derechos ellos mismos y acordando la tarifa con el usuario\u201d, enumer\u00f3 y sostuvo que los beneficios son \u201cevidentes\u201d porque de esta forma los autores\u00a0<strong>\u201crecuperan la libertad que les da el pleno control de sus derechos\u201d,<\/strong>\u00a0debido a que podr\u00e1n elegir qui\u00e9n los representa o representarse ellos mismos sin intervenci\u00f3n de una SGC.<\/p>\n<p>\u201cLos contratantes, por su parte, sabr\u00e1n que con el acuerdo particular ya satisfacen todos los derechos econ\u00f3micos de ese autor, lo que da mayor certeza en el comercio. La\u00a0<strong>competencia fomentar\u00e1 la transparencia<\/strong>\u00a0y ahora las SGC estar\u00e1n obligadas a ofrecer un<strong>\u00a0servicio transparente, eficiente y eficaz<\/strong>\u00a0a sus socios\u201d, remarc\u00f3.<\/p>\n<p>Luego concluy\u00f3: \u201cMiren esta locura: Sadaic pagaba el personal y los elementos que requer\u00edan sus auditores para llevar adelante su tarea. Sin competencia pod\u00edan hacer lo que quisieran, drenando hacia las SGC cualquier gasto que consideraran v\u00e1lido. <strong>Ahora la competencia los disciplinar\u00e1 y los obligar\u00e1 a ser eficientes<\/strong>\u201d. <strong>(VW)<\/strong><\/p>\n","protected":false},"excerpt":{"rendered":"<p>Cambios en los derechos de autor y fin de monopolio, dijo el ministro de Desregulaci\u00f3n. El Decreto 138\/2025 pone fin a la obligatoriedad de que los creadores canalicen sus derechos a trav\u00e9s de entidades&#46;&#46;&#46;<\/p>\n","protected":false},"author":4,"featured_media":15627,"comment_status":"closed","ping_status":"closed","sticky":false,"template":"","format":"standard","meta":{"_monsterinsights_skip_tracking":false,"_monsterinsights_sitenote_active":false,"_monsterinsights_sitenote_note":"","_monsterinsights_sitenote_category":0,"footnotes":""},"categories":[8,4],"tags":[7406,7405,7404,6620,6505],"class_list":["post-17362","post","type-post","status-publish","format-standard","has-post-thumbnail","hentry","category-interes-general","category-politica","tag-argentores","tag-decreto-desregulacion","tag-derechos-de-autor","tag-sadaic","tag-sturzenegger"],"_links":{"self":[{"href":"https:\/\/www.visionweb.com.ar\/index.php?rest_route=\/wp\/v2\/posts\/17362","targetHints":{"allow":["GET"]}}],"collection":[{"href":"https:\/\/www.visionweb.com.ar\/index.php?rest_route=\/wp\/v2\/posts"}],"about":[{"href":"https:\/\/www.visionweb.com.ar\/index.php?rest_route=\/wp\/v2\/types\/post"}],"author":[{"embeddable":true,"href":"https:\/\/www.visionweb.com.ar\/index.php?rest_route=\/wp\/v2\/users\/4"}],"replies":[{"embeddable":true,"href":"https:\/\/www.visionweb.com.ar\/index.php?rest_route=%2Fwp%2Fv2%2Fcomments&post=17362"}],"version-history":[{"count":1,"href":"https:\/\/www.visionweb.com.ar\/index.php?rest_route=\/wp\/v2\/posts\/17362\/revisions"}],"predecessor-version":[{"id":17363,"href":"https:\/\/www.visionweb.com.ar\/index.php?rest_route=\/wp\/v2\/posts\/17362\/revisions\/17363"}],"wp:featuredmedia":[{"embeddable":true,"href":"https:\/\/www.visionweb.com.ar\/index.php?rest_route=\/wp\/v2\/media\/15627"}],"wp:attachment":[{"href":"https:\/\/www.visionweb.com.ar\/index.php?rest_route=%2Fwp%2Fv2%2Fmedia&parent=17362"}],"wp:term":[{"taxonomy":"category","embeddable":true,"href":"https:\/\/www.visionweb.com.ar\/index.php?rest_route=%2Fwp%2Fv2%2Fcategories&post=17362"},{"taxonomy":"post_tag","embeddable":true,"href":"https:\/\/www.visionweb.com.ar\/index.php?rest_route=%2Fwp%2Fv2%2Ftags&post=17362"}],"curies":[{"name":"wp","href":"https:\/\/api.w.org\/{rel}","templated":true}]}}