{"id":17360,"date":"2025-02-27T11:48:32","date_gmt":"2025-02-27T14:48:32","guid":{"rendered":"https:\/\/www.visionweb.com.ar\/?p=17360"},"modified":"2025-02-27T11:48:32","modified_gmt":"2025-02-27T14:48:32","slug":"resolucion-la-provincia-oficializo-el-programa-de-cannabis-terapeutico","status":"publish","type":"post","link":"https:\/\/www.visionweb.com.ar\/?p=17360","title":{"rendered":"Resoluci\u00f3n: La Provincia oficializ\u00f3 el Programa de Cannabis Terap\u00e9utico"},"content":{"rendered":"<p><strong><em>El Gobierno bonaerense busca garantizar el derecho a la salud a un sector de la poblaci\u00f3n. Otra vez se diferencia de la pol\u00edtica nacional, que dar\u00e1 de baja las inscripciones al Registro del Programa de Cannabis (Reprocann).<\/em><\/strong><!--more--><\/p>\n<p><strong> <img loading=\"lazy\" decoding=\"async\" class=\"size-full wp-image-4416 alignright\" src=\"https:\/\/www.visionweb.com.ar\/wp-content\/uploads\/2022\/02\/cannabis-medicinal.bmp\" alt=\"\" width=\"538\" height=\"349\" \/>\u00a0\u00a0 E<\/strong>l Gobierno bonaerense oficializ\u00f3 el\u00a0<strong>Programa Provincial de Cannabis Terap\u00e9utico<\/strong>\u00a0con el objetivo de <strong>garantizar el derecho a la salud<\/strong> a un sector de la poblaci\u00f3n, y se diferencia una vez m\u00e1s de la pol\u00edtica nacional que lleva adelante la administraci\u00f3n libertaria.<\/p>\n<p>A trav\u00e9s de la <strong>Resoluci\u00f3n N\u00b0 1627 del Ministerio de Salud<\/strong>, publicada este mi\u00e9rcoles en el Bolet\u00edn Oficial, <strong>se aprob\u00f3<\/strong> en la \u00f3rbita de la Direcci\u00f3n de Prevenci\u00f3n de Enfermedades No Transmisibles, el <strong>Programa Provincial de Cannabis Terap\u00e9utico<\/strong>.<\/p>\n<p>La intenci\u00f3n es \u201cgarantizar el derecho a la salud, cuyo contenido destaca el objetivo\u00a0principal del Programa, destinatarios, estrategia metodol\u00f3gica, encuadre normativo y alcance entre otros\u201d.<\/p>\n<p>En los \u00faltimos a\u00f1os,\u00a0<strong>el uso terap\u00e9utico del cannabis, <\/strong>se ha ido instalando para el alivio de condiciones\u00a0de salud\u00a0como dolor, epilepsia refractaria, c\u00e1ncer, trastornos de ansiedad y sue\u00f1o, y el mejoramiento de la calidad de vida de quienes las padecen cotidianamente, entre otros usos, generando as\u00ed nuevas y emergentes demandas hacia profesionales, equipos e instituciones.<\/p>\n<p>El objetivo general del programa es \u201c<strong>promover el abordaje integral en salud de las personas usuarias de Cannabis con fines terap\u00e9uticos y\/o medicinales en\u00a0la Provincia de Buenos Aires, a fin de garantizar el derecho a la salud<\/strong>\u201d.<\/p>\n<p>Los destinatarios \u201cson todas las personas que habitan en la provincia de Buenos Aires que requieran\u00a0atenci\u00f3n y acompa\u00f1amiento en relaci\u00f3n a la terap\u00e9utica cann\u00e1bica y\/o est\u00e9n vinculados a la tem\u00e1tica\u201d.<\/p>\n<p>Asimismo, se indic\u00f3 que podr\u00e1n acceder \u201clas y los usuarios del sistema de salud p\u00fablico con cobertura p\u00fablica exclusiva ser\u00e1n destinatarios de las acciones\u00a0tendientes a <strong>facilitar el acceso a derivados de cannabis en terap\u00e9utica que cuente con evidencia cient\u00edfica para su uso<\/strong>\u201d.<\/p>\n<p>En tanto, se remarc\u00f3 que\u00a0\u201cse convocar\u00e1 a referentes\/as institucionales y comunitarios\/as para la evaluaci\u00f3n y formulaci\u00f3n de normas y\u00a0regulaciones relacionadas con el cannabis terap\u00e9utico\u201d. A su vez, se prev\u00e9 \u201crealizar entrevistas de consulta a expertos\/as que brinden asesoramiento t\u00e9cnico\u201d.<\/p>\n<p>Sobre el acceso a tratamientos, se detall\u00f3 que \u201cse proyectar\u00e1 y evaluar\u00e1 la demanda potencial de cobertura para tratamientos con cannabis terap\u00e9utico de personas\u00a0con cobertura p\u00fablica exclusiva que reciban la indicaci\u00f3n de profesionales de equipos de salud de efectores p\u00fablicos\u201d.<\/p>\n<p>Adem\u00e1s, se evaluar\u00e1n \u201clos requisitos y protocolos para acceder a la cobertura de cannabis terap\u00e9utico para tratamientos con\u00a0cannabis que cuenten con <strong>evidencia cient\u00edfica para la indicaci\u00f3n y prescripci\u00f3n m\u00e9dica<\/strong>\u201d.<\/p>\n<p>La medida se conoce luego que la ministra de Seguridad de la Naci\u00f3n, Patricia Bullrich, anticipara d\u00edas atr\u00e1s que el Gobierno dar\u00e1 de baja las inscripciones al\u00a0<strong>Registro del Programa de Cannabis (Reprocann<\/strong>)\u00a0como consecuencia del \u201cdesv\u00edo de la marihuana hacia el mercado ilegal\u201d. <strong>(VW)<\/strong><\/p>\n","protected":false},"excerpt":{"rendered":"<p>El Gobierno bonaerense busca garantizar el derecho a la salud a un sector de la poblaci\u00f3n. Otra vez se diferencia de la pol\u00edtica nacional, que dar\u00e1 de baja las inscripciones al Registro del Programa&#46;&#46;&#46;<\/p>\n","protected":false},"author":4,"featured_media":4416,"comment_status":"closed","ping_status":"closed","sticky":false,"template":"","format":"standard","meta":{"_monsterinsights_skip_tracking":false,"_monsterinsights_sitenote_active":false,"_monsterinsights_sitenote_note":"","_monsterinsights_sitenote_category":0,"footnotes":""},"categories":[8,4],"tags":[7402,356,7403],"class_list":["post-17360","post","type-post","status-publish","format-standard","has-post-thumbnail","hentry","category-interes-general","category-politica","tag-cannabis-terapeutico","tag-provincia","tag-resolucion-1627"],"_links":{"self":[{"href":"https:\/\/www.visionweb.com.ar\/index.php?rest_route=\/wp\/v2\/posts\/17360","targetHints":{"allow":["GET"]}}],"collection":[{"href":"https:\/\/www.visionweb.com.ar\/index.php?rest_route=\/wp\/v2\/posts"}],"about":[{"href":"https:\/\/www.visionweb.com.ar\/index.php?rest_route=\/wp\/v2\/types\/post"}],"author":[{"embeddable":true,"href":"https:\/\/www.visionweb.com.ar\/index.php?rest_route=\/wp\/v2\/users\/4"}],"replies":[{"embeddable":true,"href":"https:\/\/www.visionweb.com.ar\/index.php?rest_route=%2Fwp%2Fv2%2Fcomments&post=17360"}],"version-history":[{"count":1,"href":"https:\/\/www.visionweb.com.ar\/index.php?rest_route=\/wp\/v2\/posts\/17360\/revisions"}],"predecessor-version":[{"id":17361,"href":"https:\/\/www.visionweb.com.ar\/index.php?rest_route=\/wp\/v2\/posts\/17360\/revisions\/17361"}],"wp:featuredmedia":[{"embeddable":true,"href":"https:\/\/www.visionweb.com.ar\/index.php?rest_route=\/wp\/v2\/media\/4416"}],"wp:attachment":[{"href":"https:\/\/www.visionweb.com.ar\/index.php?rest_route=%2Fwp%2Fv2%2Fmedia&parent=17360"}],"wp:term":[{"taxonomy":"category","embeddable":true,"href":"https:\/\/www.visionweb.com.ar\/index.php?rest_route=%2Fwp%2Fv2%2Fcategories&post=17360"},{"taxonomy":"post_tag","embeddable":true,"href":"https:\/\/www.visionweb.com.ar\/index.php?rest_route=%2Fwp%2Fv2%2Ftags&post=17360"}],"curies":[{"name":"wp","href":"https:\/\/api.w.org\/{rel}","templated":true}]}}