{"id":17357,"date":"2025-02-27T11:28:27","date_gmt":"2025-02-27T14:28:27","guid":{"rendered":"https:\/\/www.visionweb.com.ar\/?p=17357"},"modified":"2025-02-27T11:28:27","modified_gmt":"2025-02-27T14:28:27","slug":"ate-estatales-arrancan-un-paro-nacional-por-la-caida-del-salario","status":"publish","type":"post","link":"https:\/\/www.visionweb.com.ar\/?p=17357","title":{"rendered":"ATE: Estatales arrancan un paro nacional por la ca\u00edda del salario"},"content":{"rendered":"<p><em><strong>Hoy paro nacional en todo el pa\u00eds. Habr\u00e1 varios puntos de protesta: en la sede del INTA a las 12 del mediod\u00eda, en el\u00a0Obelisco\u00a0a las 13 horas con destino al Ministerio de Desregulaci\u00f3n y Transformaci\u00f3n del Estado, y otra movilizaci\u00f3n a las 16 desde el\u00a0Ministerio de Salud\u00a0hasta la\u00a0Plaza de Mayo.<\/strong><\/em><!--more--><\/p>\n<p><strong> <img loading=\"lazy\" decoding=\"async\" class=\"size-medium wp-image-17358 alignright\" src=\"https:\/\/www.visionweb.com.ar\/wp-content\/uploads\/2025\/02\/ate-paro-27-feb-240x300.png\" alt=\"\" width=\"240\" height=\"300\" srcset=\"https:\/\/www.visionweb.com.ar\/wp-content\/uploads\/2025\/02\/ate-paro-27-feb-240x300.png 240w, https:\/\/www.visionweb.com.ar\/wp-content\/uploads\/2025\/02\/ate-paro-27-feb.png 353w\" sizes=\"auto, (max-width: 240px) 100vw, 240px\" \/>\u00a0\u00a0\u00a0 E<\/strong>ste jueves la\u00a0<strong>Asociaci\u00f3n Trabajadores del Estado<\/strong>\u00a0(<strong><a href=\"https:\/\/ate.org.ar\/\">ATE<\/a><\/strong>) llevar\u00e1 a cabo un paro nacional contra el gobierno de\u00a0<strong>Javier Milei<\/strong>, que incluir\u00e1 varias\u00a0<strong>movilizaciones en diversos puntos de<\/strong> la\u00a0<strong>Ciudad Aut\u00f3noma de Buenos Aires\u00a0<\/strong>(<strong>CABA<\/strong>), a la vez protestas en las distintas provincias.<\/p>\n<p>Al respecto, el secretario General de\u00a0<strong>ATE Nacional<\/strong>,\u00a0<strong>Rodolfo Aguiar<\/strong>, expres\u00f3 que el gobierno de\u00a0<strong>Javier Milei\u00a0<\/strong>atraviesa su \u201c<strong>peor momento desde que asumi\u00f3\u201d<\/strong>, por lo que el l\u00edder de los\u00a0<strong>estatales\u00a0<\/strong>consider\u00f3 necesario seguir confront\u00e1ndolo en todos los frentes posibles.<\/p>\n<p>\u201c<strong>Milei\u00a0<\/strong>y su\u00a0<strong>Gobierno\u00a0<\/strong>tambalean, atraviesan los peores d\u00edas desde que asumieron. Tenemos que seguir confront\u00e1ndolos en todos los planos, es la \u00fanica posibilidad de frenar un ajuste que resquebraja todo el tejido social y productivo\u201d, advirti\u00f3\u00a0<strong>Aguiar.<\/strong><\/p>\n<p>En esa l\u00ednea, confi\u00f3: si el conflicto crece,\u00a0<strong>ATE\u00a0<\/strong>tiene la posibilidad de \u201crecuperar los salarios y las jubilaciones\u201d que la administraci\u00f3n libertaria recort\u00f3.<\/p>\n<p>Es preciso mencionar que, las\u00a0<strong>movilizaciones sorpresivas\u00a0<\/strong>que anunci\u00f3\u00a0<strong>ATE\u00a0<\/strong>tienen como objetivo principal esquivar la represi\u00f3n vivida en anteriores manifestaciones, especialmente con la aplicaci\u00f3n del <strong>protocolo antipiquetes que implement\u00f3 la cartera de<\/strong>\u00a0<strong>Patricia Bullrich\u00a0<\/strong>a principio del a\u00f1o pasado.<\/p>\n<p><strong>ATE\u00a0<\/strong>confirm\u00f3 que habr\u00e1 varios puntos de protesta: en la sede del <strong>Instituto Nacional de Tecnolog\u00eda Agropecuaria (INTA<\/strong>) a las 12 del mediod\u00eda, otra concentraci\u00f3n en el\u00a0<strong>Obelisco\u00a0<\/strong>a las 13 horas con destino al Ministerio de Desregulaci\u00f3n y Transformaci\u00f3n del Estado, y otra movilizaci\u00f3n a las 16 desde el\u00a0<strong>Ministerio de Salud\u00a0<\/strong>hasta la\u00a0<strong>Plaza de Mayo<\/strong>.<\/p>\n<p>Cabe mencionar que, fue en el\u00a0<strong>Plenario Federal de Delegados<\/strong>, realizado en el\u00a0<strong>Anfiteatro Eva Per\u00f3n\u00a0<\/strong>de\u00a0<strong>ATE\u00a0<\/strong>donde los estatales definieron los principales reclamos del\u00a0<strong>paro<\/strong>. En tanto,\u00a0<strong>Aguiar\u00a0<\/strong>denunci\u00f3 que, debido a la devaluaci\u00f3n y paritarias por debajo de la inflaci\u00f3n, en un a\u00f1o se destruyeron los ingresos del sector p\u00fablico.<\/p>\n<p>Por ello, durante las movilizaciones convocadas para este jueves,\u00a0<strong>ATE\u00a0<\/strong>le exigir\u00e1 al\u00a0<strong>Gobierno nacional\u00a0<\/strong>de\u00a0<strong>La Libertad Avanza\u00a0<\/strong><strong>la reapertura de las paritarias y un proceso inmediato de recuperaci\u00f3n salarial para todos los trabajadores del\u00a0Estado<\/strong>.<\/p>\n<p>Seg\u00fan\u00a0<strong>Aguiar<\/strong>, las movilizaciones de este jueves ser\u00e1n un punto clave en la disputa entre el Gobierno y los trabajadores estatales, en un contexto de creciente tensi\u00f3n social y econ\u00f3mica.<\/p>\n<p><strong>ATE profundiza la lucha contra el Gobierno: los principales reclamos de los estatales<\/strong><\/p>\n<ul>\n<li>Reapertura de paritarias y recuperaci\u00f3n de salarios.<\/li>\n<li>Rechazo al cierre y fusi\u00f3n de organismos estatales.<\/li>\n<li>Reincorporaci\u00f3n de trabajadores despedidos ilegalmente.<\/li>\n<li>Continuidad laboral de todos los v\u00ednculos que vencen el 28 de febrero y el 31 de marzo.<\/li>\n<li>Derogaci\u00f3n del Decreto 115\/25 que convierte a Yacimientos Carbon\u00edferos R\u00edo Turbio (YCRT) en Sociedad An\u00f3nima.<\/li>\n<li>Rechazo al autoritarismo del Gobierno, que design\u00f3 jueces en la Corte Suprema sin aval del Congreso.<\/li>\n<li>Restituci\u00f3n del Fondo de Garant\u00eda de Sustentabilidad (FGS) de la ANSES.<\/li>\n<li>Extensi\u00f3n de la moratoria previsional.<\/li>\n<li><strong>Aumento de emergencia para todos los jubilados<\/strong>.<\/li>\n<\/ul>\n<p>En cuanto a las estad\u00edsticas recolectadas por\u00a0<strong>ATE\u00a0<\/strong>se refleja la dif\u00edcil situaci\u00f3n de los trabajadores estatales. En 2024, <strong>la paritaria nacional qued\u00f3 44,4 puntos por debajo <\/strong>de la inflaci\u00f3n, ya que los aumentos salariales alcanzaron solo el 73,3% frente al 117,7% de incremento en los precios con los que el\u00a0<strong>Gobierno\u00a0<\/strong>cerr\u00f3 el a\u00f1o.<\/p>\n<p>Por caso, en el inicio del 2025, el\u00a0<strong>Gobierno nacional<\/strong> otorg\u00f3 a los trabajadores estatales aumentos de apenas 1,5% en enero y 1,2% en febrero, lo que complic\u00f3 a\u00fan m\u00e1s la p\u00e9rdida del poder adquisitivo. <strong>(VW)<\/strong><\/p>\n","protected":false},"excerpt":{"rendered":"<p>Hoy paro nacional en todo el pa\u00eds. Habr\u00e1 varios puntos de protesta: en la sede del INTA a las 12 del mediod\u00eda, en el\u00a0Obelisco\u00a0a las 13 horas con destino al Ministerio de Desregulaci\u00f3n y&#46;&#46;&#46;<\/p>\n","protected":false},"author":4,"featured_media":17358,"comment_status":"closed","ping_status":"closed","sticky":false,"template":"","format":"standard","meta":{"_monsterinsights_skip_tracking":false,"_monsterinsights_sitenote_active":false,"_monsterinsights_sitenote_note":"","_monsterinsights_sitenote_category":0,"footnotes":""},"categories":[4,5],"tags":[1804,7401,6971,5396,56],"class_list":["post-17357","post","type-post","status-publish","format-standard","has-post-thumbnail","hentry","category-politica","category-sociedad","tag-ajuste","tag-movilizaciones","tag-paro-ate","tag-rodolfo-aguiar","tag-salarios"],"_links":{"self":[{"href":"https:\/\/www.visionweb.com.ar\/index.php?rest_route=\/wp\/v2\/posts\/17357","targetHints":{"allow":["GET"]}}],"collection":[{"href":"https:\/\/www.visionweb.com.ar\/index.php?rest_route=\/wp\/v2\/posts"}],"about":[{"href":"https:\/\/www.visionweb.com.ar\/index.php?rest_route=\/wp\/v2\/types\/post"}],"author":[{"embeddable":true,"href":"https:\/\/www.visionweb.com.ar\/index.php?rest_route=\/wp\/v2\/users\/4"}],"replies":[{"embeddable":true,"href":"https:\/\/www.visionweb.com.ar\/index.php?rest_route=%2Fwp%2Fv2%2Fcomments&post=17357"}],"version-history":[{"count":1,"href":"https:\/\/www.visionweb.com.ar\/index.php?rest_route=\/wp\/v2\/posts\/17357\/revisions"}],"predecessor-version":[{"id":17359,"href":"https:\/\/www.visionweb.com.ar\/index.php?rest_route=\/wp\/v2\/posts\/17357\/revisions\/17359"}],"wp:featuredmedia":[{"embeddable":true,"href":"https:\/\/www.visionweb.com.ar\/index.php?rest_route=\/wp\/v2\/media\/17358"}],"wp:attachment":[{"href":"https:\/\/www.visionweb.com.ar\/index.php?rest_route=%2Fwp%2Fv2%2Fmedia&parent=17357"}],"wp:term":[{"taxonomy":"category","embeddable":true,"href":"https:\/\/www.visionweb.com.ar\/index.php?rest_route=%2Fwp%2Fv2%2Fcategories&post=17357"},{"taxonomy":"post_tag","embeddable":true,"href":"https:\/\/www.visionweb.com.ar\/index.php?rest_route=%2Fwp%2Fv2%2Ftags&post=17357"}],"curies":[{"name":"wp","href":"https:\/\/api.w.org\/{rel}","templated":true}]}}