{"id":17348,"date":"2025-02-26T14:46:33","date_gmt":"2025-02-26T17:46:33","guid":{"rendered":"https:\/\/www.visionweb.com.ar\/?p=17348"},"modified":"2025-02-26T14:46:33","modified_gmt":"2025-02-26T17:46:33","slug":"el-gobierno-nacional-habilito-la-exportacion-de-ganado-en-pie","status":"publish","type":"post","link":"https:\/\/www.visionweb.com.ar\/?p=17348","title":{"rendered":"El Gobierno nacional habilit\u00f3 la exportaci\u00f3n de ganado en pie"},"content":{"rendered":"<p><em><strong>Con un gui\u00f1o al campo, el Ejecutivo elimin\u00f3 una restricci\u00f3n vigente desde 1973 que imped\u00eda la comercializaci\u00f3n de animales vivos para faena en el exterior. Aunque los frigor\u00edficos miran la medida de reojo.<\/strong><\/em><!--more--><\/p>\n<p><strong><img loading=\"lazy\" decoding=\"async\" class=\"size-medium wp-image-17349 alignright\" src=\"https:\/\/www.visionweb.com.ar\/wp-content\/uploads\/2025\/02\/ganado-campo-300x195.png\" alt=\"\" width=\"300\" height=\"195\" srcset=\"https:\/\/www.visionweb.com.ar\/wp-content\/uploads\/2025\/02\/ganado-campo-300x195.png 300w, https:\/\/www.visionweb.com.ar\/wp-content\/uploads\/2025\/02\/ganado-campo.png 355w\" sizes=\"auto, (max-width: 300px) 100vw, 300px\" \/>\u00a0\u00a0\u00a0 E<\/strong>n el marco de la desregulaci\u00f3n de la econom\u00eda, el\u00a0<strong>Gobierno nacional<\/strong>\u00a0avanz\u00f3 este mi\u00e9rcoles con un cambio que impacta de lleno en el\u00a0<strong>campo<\/strong>, y <strong>derog\u00f3 una normativa que imped\u00eda la comercializaci\u00f3n de animales vivos con destino de faena<\/strong>.<\/p>\n<p>As\u00ed, con la flexibilizaci\u00f3n de las\u00a0<strong>exportaciones\u00a0de<\/strong>\u00a0<strong>ganado vacuno en pie, el gobierno busca fomentar la\u00a0exportaci\u00f3n.<\/strong><\/p>\n<p>La decisi\u00f3n, que es mirada con <strong>recelo por los frigor\u00edficos<\/strong>, se formaliz\u00f3 con la publicaci\u00f3n del\u00a0<strong>Decreto 133\/2025<\/strong>\u00a0en el\u00a0<strong>Bolet\u00edn Oficial<\/strong>, que dej\u00f3 sin efecto una prohibici\u00f3n establecida en\u00a0<strong>1973<\/strong>.<\/p>\n<p>En esa l\u00ednea, el ministro de\u00a0<strong>Desregulaci\u00f3n y Transformaci\u00f3n del Estado, Federico Sturzenegger<\/strong>, explic\u00f3 que la prohibici\u00f3n se hab\u00eda impuesto \u201cpor un problema de abastecimiento en 1973\u201d, pero que su permanencia en el tiempo \u201cno ten\u00eda sentido\u201d.<\/p>\n<p>\u201cEn Argentina no hay nada m\u00e1s permanente que lo transitorio\u201d, afirm\u00f3 el funcionario, quien destac\u00f3 que la nueva medida permitir\u00e1 \u201c<strong>abrir un sinf\u00edn de nuevos mercados para el sector <\/strong>ganadero de nuestro pa\u00eds\u201d, ampli\u00f3.<\/p>\n<p>Entre sus argumentos, el\u00a0<strong>Ejecutivo<\/strong>\u00a0sostuvo que la normativa publicada hace m\u00e1s de\u00a0<strong>50 a\u00f1os<\/strong>\u00a0facultaba a la entonces\u00a0<strong>Junta Nacional de Carnes<\/strong>\u00a0a autorizar exportaciones de\u00a0<strong>ganado vacuno en pie<\/strong>\u00a0solo a\u00a0<strong>pa\u00edses lim\u00edtrofes y a Per\u00fa<\/strong>. En este marco, consider\u00f3 que la medida \u201cconstitu\u00eda una prohibici\u00f3n para exportar\u201d, lo que resultaba contrario a lo dispuesto por el\u00a0<strong>Decreto 70\/2023<\/strong>, de desregulaci\u00f3n econ\u00f3mica.<\/p>\n<p>La medida, que entra en vigencia ma\u00f1ana, elimina esa prohibici\u00f3n.\u00a0Ahora, los productores ganaderos podr\u00e1n exportar su ganado vacuno en pie para que se faene en el pa\u00eds importador.<\/p>\n<p>En la norma el Gobierno Nacional remarca que el Estado \u201cpromover\u00e1 y asegurar\u00e1 la vigencia efectiva, en todo el territorio nacional, de un sistema econ\u00f3mico basado en decisiones libres, adoptadas en un \u00e1mbito de libre concurrencia, con respeto a la propiedad privada y a los principios constitucionales de libre circulaci\u00f3n de bienes, servicios y trabajo\u201d.<\/p>\n<p>De todasmaneras, <strong>la medida sorprendi\u00f3 al sector ya que no hab\u00eda sido ni siquiera discutida dentro de la cadena de ganados y carnes<\/strong>, donde la exportaci\u00f3n de ganado vivo (que es faenado en otros pa\u00edses) es un asunto que provoca miradas divididas.<\/p>\n<p>Por un lado, est\u00e1n\u00a0<strong>los frigor\u00edficos<\/strong>\u00a0que\u00a0<strong>se oponen a la medida<\/strong>\u00a0ya que desde ahora ceder\u00e1n la materia prima para que otros pa\u00edses realicen el trabajo y agreguen valor.<\/p>\n<p>Mientras que, los grupos de ganaderos se ver\u00e1n beneficiados ya que se habilita una nueva boca de expendio para sus animales, sin intermediarios. Ya en el Gobierno de Mauricio Macri esta medida estuvo a punto de aprobarse.<\/p>\n<p>Esta pr\u00e1ctica se encuentra vigente en otros pa\u00edses, como\u00a0<strong>Uruguay<\/strong>, y se efectiviza con barcos especialmente preparados para transportar animales vivos.<\/p>\n<p>Desde el\u00a0<strong>Gobierno<\/strong>, resaltaron que la exportaci\u00f3n de\u00a0<strong>ganado en pie<\/strong>\u00a0es una pr\u00e1ctica extendida en el comercio mundial. Sturzenegger indic\u00f3 que\u00a0<strong>92 pa\u00edses<\/strong>\u00a0la permiten y mencion\u00f3 a\u00a0Australia\u00a0como uno de los principales actores, con embarques que transportan hasta\u00a030.000 cabezas\u00a0para abastecer el mercado asi\u00e1tico. Tambi\u00e9n destac\u00f3 que\u00a0Francia y Canad\u00e1\u00a0exportan m\u00e1s de\u00a01.000 millones de d\u00f3lares anuales\u00a0en esta categor\u00eda, mientras que en la regi\u00f3n,\u00a0Uruguay\u00a0comercializa\u00a0250.000 cabezas\u00a0al a\u00f1o y\u00a0Brasil,\u00a0750.000. <strong>(VW)<\/strong><\/p>\n","protected":false},"excerpt":{"rendered":"<p>Con un gui\u00f1o al campo, el Ejecutivo elimin\u00f3 una restricci\u00f3n vigente desde 1973 que imped\u00eda la comercializaci\u00f3n de animales vivos para faena en el exterior. Aunque los frigor\u00edficos miran la medida de reojo.<\/p>\n","protected":false},"author":4,"featured_media":17349,"comment_status":"closed","ping_status":"closed","sticky":false,"template":"","format":"standard","meta":{"_monsterinsights_skip_tracking":false,"_monsterinsights_sitenote_active":false,"_monsterinsights_sitenote_note":"","_monsterinsights_sitenote_category":0,"footnotes":""},"categories":[6,4],"tags":[7393,1341,500,45,7394],"class_list":["post-17348","post","type-post","status-publish","format-standard","has-post-thumbnail","hentry","category-economia","category-politica","tag-apertura-exportaciones-de-ganado-en-pie","tag-campo","tag-decreto","tag-flexibilizacion","tag-frigorificos"],"_links":{"self":[{"href":"https:\/\/www.visionweb.com.ar\/index.php?rest_route=\/wp\/v2\/posts\/17348","targetHints":{"allow":["GET"]}}],"collection":[{"href":"https:\/\/www.visionweb.com.ar\/index.php?rest_route=\/wp\/v2\/posts"}],"about":[{"href":"https:\/\/www.visionweb.com.ar\/index.php?rest_route=\/wp\/v2\/types\/post"}],"author":[{"embeddable":true,"href":"https:\/\/www.visionweb.com.ar\/index.php?rest_route=\/wp\/v2\/users\/4"}],"replies":[{"embeddable":true,"href":"https:\/\/www.visionweb.com.ar\/index.php?rest_route=%2Fwp%2Fv2%2Fcomments&post=17348"}],"version-history":[{"count":1,"href":"https:\/\/www.visionweb.com.ar\/index.php?rest_route=\/wp\/v2\/posts\/17348\/revisions"}],"predecessor-version":[{"id":17350,"href":"https:\/\/www.visionweb.com.ar\/index.php?rest_route=\/wp\/v2\/posts\/17348\/revisions\/17350"}],"wp:featuredmedia":[{"embeddable":true,"href":"https:\/\/www.visionweb.com.ar\/index.php?rest_route=\/wp\/v2\/media\/17349"}],"wp:attachment":[{"href":"https:\/\/www.visionweb.com.ar\/index.php?rest_route=%2Fwp%2Fv2%2Fmedia&parent=17348"}],"wp:term":[{"taxonomy":"category","embeddable":true,"href":"https:\/\/www.visionweb.com.ar\/index.php?rest_route=%2Fwp%2Fv2%2Fcategories&post=17348"},{"taxonomy":"post_tag","embeddable":true,"href":"https:\/\/www.visionweb.com.ar\/index.php?rest_route=%2Fwp%2Fv2%2Ftags&post=17348"}],"curies":[{"name":"wp","href":"https:\/\/api.w.org\/{rel}","templated":true}]}}