{"id":17345,"date":"2025-02-26T14:06:08","date_gmt":"2025-02-26T17:06:08","guid":{"rendered":"https:\/\/www.visionweb.com.ar\/?p=17345"},"modified":"2025-02-26T14:06:08","modified_gmt":"2025-02-26T17:06:08","slug":"trabajadores-toman-la-planta-de-imprenta-grafica-morvillo","status":"publish","type":"post","link":"https:\/\/www.visionweb.com.ar\/?p=17345","title":{"rendered":"Trabajadores toman la planta de imprenta gr\u00e1fica Morvillo"},"content":{"rendered":"<p><em><strong>Se trata de una hist\u00f3rica empresa gr\u00e1fica que anunci\u00f3 el cese de actividades. Los trabajadores van a \u201cpermanecer en las instalaciones en defensa de los puestos de trabajo\u201d.<\/strong><\/em><!--more--><\/p>\n<p><strong><img loading=\"lazy\" decoding=\"async\" class=\"size-medium wp-image-17346 alignright\" src=\"https:\/\/www.visionweb.com.ar\/wp-content\/uploads\/2025\/02\/morvillo-300x161.png\" alt=\"\" width=\"300\" height=\"161\" srcset=\"https:\/\/www.visionweb.com.ar\/wp-content\/uploads\/2025\/02\/morvillo-300x161.png 300w, https:\/\/www.visionweb.com.ar\/wp-content\/uploads\/2025\/02\/morvillo.png 578w\" sizes=\"auto, (max-width: 300px) 100vw, 300px\" \/>\u00a0\u00a0\u00a0 L<\/strong>a <strong>imprenta Anselmo Morvillo\u00a0<\/strong>anunci\u00f3 la resoluci\u00f3n de c<strong>ierre de la f\u00e1brica de Avellaneda<\/strong> este mismo mi\u00e9rcoles, frente a lo cual, los <strong>empleados<\/strong> de la planta respondieron con\u00a0<strong>medidas de fuerza<\/strong>.<\/p>\n<p>Seg\u00fan inform\u00f3 la comisi\u00f3n interna de la firma perteneciente al <strong>gremio<\/strong> gr\u00e1fico,\u00a0se <strong>decidi\u00f3 \u201cuna permanencia indefinida contra el anuncio de cierre de la planta\u201d<\/strong>\u00a0luego del comunicado de la empresa.<\/p>\n<p>De esta manera, van a \u201c<strong>permanecer en las instalaciones en defensa de los puestos de trabajo<\/strong>\u201d, conforme indic\u00f3 Infocielo.<\/p>\n<p>Por su parte, la direcci\u00f3n de Anselmo Morvillo, dio cuenta de la crisis econ\u00f3mica que atraviesa para justificar el cese de las actividades.<\/p>\n<p>Por medio de un <strong>comunicado<\/strong> enviado a los trabajadores, la empresa habl\u00f3 de u<strong>n 63% de reducci\u00f3n en el volumen productivo<\/strong>. A eso se le suman la p\u00e9rdida de clientes y la escalada de precios e insumos como el papel.<\/p>\n<p>Sin embargo, la comisi\u00f3n interna gremial consider\u00f3 que se trata de\u00a0<strong>factores \u201cajenos a la responsabilidad de los trabajadores<\/strong>\u00a0que somos las principales v\u00edctimas de esta situaci\u00f3n\u201d.<\/p>\n<p>Tambi\u00e9n desconf\u00edan de la versi\u00f3n corporativa ya que\u00a0<strong>\u201cversiones muy fuertes\u201d sugirieron \u201cla llegada de inversionistas que reclaman despidos masivos<\/strong>, la rebaja de los salarios y la destruici\u00f3n de las conquistas obreras\u201d. <strong>(VW)<\/strong><\/p>\n","protected":false},"excerpt":{"rendered":"<p>Se trata de una hist\u00f3rica empresa gr\u00e1fica que anunci\u00f3 el cese de actividades. Los trabajadores van a \u201cpermanecer en las instalaciones en defensa de los puestos de trabajo\u201d.<\/p>\n","protected":false},"author":4,"featured_media":17346,"comment_status":"closed","ping_status":"closed","sticky":false,"template":"","format":"standard","meta":{"_monsterinsights_skip_tracking":false,"_monsterinsights_sitenote_active":false,"_monsterinsights_sitenote_note":"","_monsterinsights_sitenote_category":0,"footnotes":""},"categories":[749,5],"tags":[7392,714,1326,4796],"class_list":["post-17345","post","type-post","status-publish","format-standard","has-post-thumbnail","hentry","category-pymes","category-sociedad","tag-anselmo-morvillo","tag-cierre","tag-empleados","tag-medidas-de-fuerza"],"_links":{"self":[{"href":"https:\/\/www.visionweb.com.ar\/index.php?rest_route=\/wp\/v2\/posts\/17345","targetHints":{"allow":["GET"]}}],"collection":[{"href":"https:\/\/www.visionweb.com.ar\/index.php?rest_route=\/wp\/v2\/posts"}],"about":[{"href":"https:\/\/www.visionweb.com.ar\/index.php?rest_route=\/wp\/v2\/types\/post"}],"author":[{"embeddable":true,"href":"https:\/\/www.visionweb.com.ar\/index.php?rest_route=\/wp\/v2\/users\/4"}],"replies":[{"embeddable":true,"href":"https:\/\/www.visionweb.com.ar\/index.php?rest_route=%2Fwp%2Fv2%2Fcomments&post=17345"}],"version-history":[{"count":1,"href":"https:\/\/www.visionweb.com.ar\/index.php?rest_route=\/wp\/v2\/posts\/17345\/revisions"}],"predecessor-version":[{"id":17347,"href":"https:\/\/www.visionweb.com.ar\/index.php?rest_route=\/wp\/v2\/posts\/17345\/revisions\/17347"}],"wp:featuredmedia":[{"embeddable":true,"href":"https:\/\/www.visionweb.com.ar\/index.php?rest_route=\/wp\/v2\/media\/17346"}],"wp:attachment":[{"href":"https:\/\/www.visionweb.com.ar\/index.php?rest_route=%2Fwp%2Fv2%2Fmedia&parent=17345"}],"wp:term":[{"taxonomy":"category","embeddable":true,"href":"https:\/\/www.visionweb.com.ar\/index.php?rest_route=%2Fwp%2Fv2%2Fcategories&post=17345"},{"taxonomy":"post_tag","embeddable":true,"href":"https:\/\/www.visionweb.com.ar\/index.php?rest_route=%2Fwp%2Fv2%2Ftags&post=17345"}],"curies":[{"name":"wp","href":"https:\/\/api.w.org\/{rel}","templated":true}]}}