{"id":17341,"date":"2025-02-26T13:27:37","date_gmt":"2025-02-26T16:27:37","guid":{"rendered":"https:\/\/www.visionweb.com.ar\/?p=17341"},"modified":"2025-02-26T13:27:37","modified_gmt":"2025-02-26T16:27:37","slug":"decreto-diputados-bonaerenses-denunciaron-intento-de-avasallamiento-por-la-designacion-de-lijo-y-garcia-mansilla","status":"publish","type":"post","link":"https:\/\/www.visionweb.com.ar\/?p=17341","title":{"rendered":"Decreto: Diputados bonaerenses denunciaron intento de avasallamiento por la designaci\u00f3n de Lijo y Garc\u00eda-Mansilla"},"content":{"rendered":"<p><em><strong>Se trata de legisladores bonaerenses de distintos espacios pol\u00edticos.<\/strong><strong>\u00a0<\/strong><\/em><!--more--><\/p>\n<p><strong><img loading=\"lazy\" decoding=\"async\" class=\"size-medium wp-image-12261 alignright\" src=\"https:\/\/www.visionweb.com.ar\/wp-content\/uploads\/2023\/10\/CASA-DE-GOBIERNO-300x149.png\" alt=\"\" width=\"300\" height=\"149\" srcset=\"https:\/\/www.visionweb.com.ar\/wp-content\/uploads\/2023\/10\/CASA-DE-GOBIERNO-300x149.png 300w, https:\/\/www.visionweb.com.ar\/wp-content\/uploads\/2023\/10\/CASA-DE-GOBIERNO.png 640w\" sizes=\"auto, (max-width: 300px) 100vw, 300px\" \/>\u00a0\u00a0\u00a0 U<\/strong>n grupo de<strong>\u00a0diputados bonaerenses\u00a0de distintos espacios pol\u00edticos <\/strong>cuestionaron la designaci\u00f3n<strong> por decreto del juez federal,\u00a0Ariel Lijo, y del catedr\u00e1tico,\u00a0Manuel Garc\u00eda\u2013Mansilla, como nuevos integrantes de la\u00a0Corte Suprema de Justicia,\u00a0<\/strong>y denunciaron un intento de avasallar las instituciones, adem\u00e1s de acusar al\u00a0Gobierno\u00a0de\u00a0Javier Milei\u00a0de buscar garantizar impunidad y favores judiciales.<\/p>\n<p><strong>Uno de los m\u00e1s duros fue el\u00a0diputado bonaerense\u00a0de la\u00a0Coalici\u00f3n C\u00edvica,\u00a0<a href=\"https:\/\/www.hcdiputados-ba.gov.ar\/index.php?page=diputado&amp;id=28794581\">Luciano Bugallo<\/a><\/strong><strong>, quien calific\u00f3 la designaci\u00f3n del juez federal\u00a0<\/strong>como una maniobra para<strong> proteger la corrupci\u00f3n y la impunidad. \u201cLijo es un delincuente que no deber\u00eda llegar nunca a la Corte Suprema. Es el juez de la corrupci\u00f3n, de las mafias y de la impunidad\u201d, sostuvo.<\/strong><\/p>\n<p>En esta l\u00ednea,\u00a0Bugallo\u00a0inform\u00f3 que<strong>\u00a0Lijo\u00a0es candidato del actual integrante de la\u00a0Corte,\u00a0Ricardo Lorenzetti, y asegur\u00f3 que est\u00e1 vinculado con la ex vicepresidente\u00a0Cristina\u00a0Kirchner<\/strong>,\u00a0por lo que consider\u00f3 que<strong> el decreto \u201ces la consumaci\u00f3n del pacto de impunidad entre la casta mafiosa m\u00e1s brutal de nuestra historia <\/strong>y el tipo que lleg\u00f3 a la Presidencia diciendo que<strong> iba a \u2018terminar con la casta&#8217;\u201d.<\/strong><\/p>\n<p>En esa l\u00ednea, el<strong>\u00a0diputado bonaerense\u00a0de\u00a0UCR + Cambio Federal,\u00a0<\/strong><strong><a href=\"https:\/\/www.hcdiputados-ba.gov.ar\/index.php?page=diputado&amp;id=34876909\">Valent\u00edn Miranda<\/a><\/strong><strong>, <\/strong>adem\u00e1s de rechazar la decisi\u00f3n del\u00a0Presidente\u00a0y enfatiz\u00f3 la necesidad de<strong> respetar la\u00a0Constituci\u00f3n. <\/strong>\u201cNo vale todo.\u00a0La Constituci\u00f3n Nacional es clara:<strong> los jueces de la\u00a0Corte Suprema\u00a0deben ser designados de forma democr\u00e1tica mediante el consenso del Senado. <\/strong>El decreto del presidente\u00a0Milei\u00a0para nombrar a\u00a0Lijo\u00a0y\u00a0Garc\u00eda-Mansilla\u00a0constituye un<strong> grave atropello institucional<\/strong>\u201d, subray\u00f3.<\/p>\n<p>La diputada del bloque<strong>\u00a0Acuerdo C\u00edvico UCR-GEN,\u00a0<\/strong><strong><a href=\"https:\/\/www.hcdiputados-ba.gov.ar\/index.php?page=diputado&amp;id=22069711\">Viviana Dirolli<\/a><\/strong><strong>, <\/strong>acus\u00f3 al\u00a0Presidente\u00a0de repetir pr\u00e1cticas que \u00e9l mismo critic\u00f3 en el pasado pese a que en todo momento sostiene que lleg\u00f3 al\u00a0Ejecutivo\u00a0nacional para \u201ccambiar la historia\u201d. \u201c<strong>Poner jueces por decreto, salteando al\u00a0Senado, no es\u00a0Rep\u00fablica, es avasallamiento. <\/strong>Los que dicen saber de econom\u00eda deber\u00edan entender que sin instituciones fuertes no hay desarrollo posible\u201d, se\u00f1al\u00f3 la legisladora.<\/p>\n<p>Dentro de esa misma bancada,<strong>\u00a0<\/strong><strong><a href=\"https:\/\/www.hcdiputados-ba.gov.ar\/index.php?page=diputado&amp;id=28924821\">Nazarena Mes\u00edas<\/a><\/strong><strong>, <\/strong>remarc\u00f3 la contradicci\u00f3n del Presidente y sugiri\u00f3 que la medida tiene como fin garantizar \u201cimpunidad y favores judiciales\u201d.<strong> \u201cImagino que todos los que siempre criticaron estas t\u00e1cticas del kirchnerismo van a volver a oponerse, \u00bfno?\u201d, <\/strong>ironiz\u00f3.<\/p>\n<p>Desde\u00a0<strong>Uni\u00f3n por la Patria, <\/strong>la\u00a0diputada bonaerense<strong>,\u00a0<\/strong><strong><a href=\"https:\/\/www.hcdiputados-ba.gov.ar\/index.php?page=diputado&amp;id=40455253\">Luc\u00eda Klug<\/a><\/strong><strong>, vincul\u00f3 la decisi\u00f3n de\u00a0Milei\u00a0con sus propias controversias judiciales por la estafa que se concret\u00f3 por la promoci\u00f3n de la criptomoneda $LIBRA. \u201cEl chiste se cuenta solo y la Argentina sigue degrad\u00e1ndose en manos de esta manga de delincuentes\u201d, afirm\u00f3.<\/strong><\/p>\n<p><strong>Tambi\u00e9n se sum\u00f3 a las cr\u00edticas el diputado del\u00a0Frente de Izquierda y los Trabajadores\u00a0\u2013\u00a0Unidad\u00a0(FIT-U),\u00a0<a href=\"https:\/\/www.hcdiputados-ba.gov.ar\/index.php?page=diputado&amp;id=11386123\">Guillermo Pacagnini<\/a><\/strong><strong>, <\/strong>quien denunci\u00f3 un accionar sistem\u00e1tico contra los derechos de la poblaci\u00f3n por parte del Gobierno nacional<strong>. \u201cEstafa al pueblo, le pega a los jubilados, hipoteca el pa\u00eds, te caga de hambre y encima pone jueces por decreto\u201d, <\/strong>expres\u00f3.<\/p>\n<p><strong>El decreto que desat\u00f3 la cr\u00edtica de los diputados bonaerenses<\/strong><\/p>\n<p>El<strong> decreto fue oficializado en el Bolet\u00edn Oficial <\/strong>en el d\u00eda de ayer por la tarde, y seg\u00fan la\u00a0Oficina del Presidente, <strong>la designaci\u00f3n de\u00a0Lijo\u00a0y\u00a0Garc\u00eda-Mansilla\u00a0busca \u201cnormalizar el funcionamiento del m\u00e1ximo tribunal judicial del pa\u00eds\u201d, <\/strong>dado que actualmente cuenta con solo tres ministros, tras la jubilaci\u00f3n de\u00a0<strong>Juan Carlos Maqueda, <\/strong>y tras un a\u00f1o sin tratamiento en el Senado.<\/p>\n<p>Seg\u00fan inform\u00f3 la Oficina del Presidente, los pliegos de ambos magistrados fueron remitidos a la C\u00e1mara Alta el 27 de mayo de 2024, luego de cumplir con todas las instancias procedimentales requeridas, incluidas audiencias p\u00fablicas en agosto pasado.<\/p>\n<p>Sin embargo, el Senado no trat\u00f3 la designaci\u00f3n, a pesar de que se cumplieron los requisitos normativos y se difundieron los antecedentes de los candidatos.<\/p>\n<p>Desde el Poder Ejecutivo recordaron que la <strong>Constituci\u00f3n Nacional otorga al Presidente la facultad exclusiva de nominar jueces para la Corte Suprema<\/strong>, mientras que <strong>el Senado debe prestar acuerdo o rechazar los pliegos <\/strong>en base a un an\u00e1lisis de idoneidad y sin criterios pol\u00edticos.<\/p>\n<p>En ese marco, el comunicado oficial sostuvo que \u201cla politizaci\u00f3n de la Justicia es una de las principales causas de que los argentinos no tengan un servicio judicial eficiente\u201d y destac\u00f3 que \u201cuna notable mayor\u00eda del arco pol\u00edtico respald\u00f3 en su momento a N\u00e9stor Kirchner y Mauricio Macri en la designaci\u00f3n de jueces para la Corte\u201d.<\/p>\n<p>Finalmente, la Casa Rosada justific\u00f3 la medida con el argumento de que \u201c<strong>el M\u00e1ximo Tribunal no puede funcionar con normalidad con solo tres ministros<\/strong>\u201d, y ratific\u00f3 que continuar\u00e1 el tr\u00e1mite legislativo para que el Senado ejerza su atribuci\u00f3n de prestar acuerdo a los pliegos. <strong>(VW)<\/strong><\/p>\n","protected":false},"excerpt":{"rendered":"<p>Se trata de legisladores bonaerenses de distintos espacios pol\u00edticos.\u00a0<\/p>\n","protected":false},"author":4,"featured_media":12261,"comment_status":"closed","ping_status":"closed","sticky":false,"template":"","format":"standard","meta":{"_monsterinsights_skip_tracking":false,"_monsterinsights_sitenote_active":false,"_monsterinsights_sitenote_note":"","_monsterinsights_sitenote_category":0,"footnotes":""},"categories":[4],"tags":[500,7388,7389,3659,6246,4530],"class_list":["post-17341","post","type-post","status-publish","format-standard","has-post-thumbnail","hentry","category-politica","tag-decreto","tag-designacion-de-lijo","tag-garcia-mansilla","tag-jueces","tag-legisladores-bonaerenses","tag-milei"],"_links":{"self":[{"href":"https:\/\/www.visionweb.com.ar\/index.php?rest_route=\/wp\/v2\/posts\/17341","targetHints":{"allow":["GET"]}}],"collection":[{"href":"https:\/\/www.visionweb.com.ar\/index.php?rest_route=\/wp\/v2\/posts"}],"about":[{"href":"https:\/\/www.visionweb.com.ar\/index.php?rest_route=\/wp\/v2\/types\/post"}],"author":[{"embeddable":true,"href":"https:\/\/www.visionweb.com.ar\/index.php?rest_route=\/wp\/v2\/users\/4"}],"replies":[{"embeddable":true,"href":"https:\/\/www.visionweb.com.ar\/index.php?rest_route=%2Fwp%2Fv2%2Fcomments&post=17341"}],"version-history":[{"count":1,"href":"https:\/\/www.visionweb.com.ar\/index.php?rest_route=\/wp\/v2\/posts\/17341\/revisions"}],"predecessor-version":[{"id":17342,"href":"https:\/\/www.visionweb.com.ar\/index.php?rest_route=\/wp\/v2\/posts\/17341\/revisions\/17342"}],"wp:featuredmedia":[{"embeddable":true,"href":"https:\/\/www.visionweb.com.ar\/index.php?rest_route=\/wp\/v2\/media\/12261"}],"wp:attachment":[{"href":"https:\/\/www.visionweb.com.ar\/index.php?rest_route=%2Fwp%2Fv2%2Fmedia&parent=17341"}],"wp:term":[{"taxonomy":"category","embeddable":true,"href":"https:\/\/www.visionweb.com.ar\/index.php?rest_route=%2Fwp%2Fv2%2Fcategories&post=17341"},{"taxonomy":"post_tag","embeddable":true,"href":"https:\/\/www.visionweb.com.ar\/index.php?rest_route=%2Fwp%2Fv2%2Ftags&post=17341"}],"curies":[{"name":"wp","href":"https:\/\/api.w.org\/{rel}","templated":true}]}}