{"id":17338,"date":"2025-02-26T12:34:30","date_gmt":"2025-02-26T15:34:30","guid":{"rendered":"https:\/\/www.visionweb.com.ar\/?p=17338"},"modified":"2025-02-26T12:34:30","modified_gmt":"2025-02-26T15:34:30","slug":"vuelta-a-clases-combos-escolares-en-comercios-adheridos-en-lanus","status":"publish","type":"post","link":"https:\/\/www.visionweb.com.ar\/?p=17338","title":{"rendered":"Vuelta a clases: Combos escolares en comercios adheridos en Lan\u00fas"},"content":{"rendered":"<p><em><strong>Desde el Municipio de Lan\u00fas ofrecen diversos kits escolares a precios accesibles, tanto para jard\u00edn, primaria, secundaria y universidad.<\/strong><\/em><!--more--><\/p>\n<p><img loading=\"lazy\" decoding=\"async\" class=\"size-medium wp-image-17339 alignright\" src=\"https:\/\/www.visionweb.com.ar\/wp-content\/uploads\/2025\/02\/Vuelta-a-clases-lanus-240x300.jpg\" alt=\"\" width=\"240\" height=\"300\" srcset=\"https:\/\/www.visionweb.com.ar\/wp-content\/uploads\/2025\/02\/Vuelta-a-clases-lanus-240x300.jpg 240w, https:\/\/www.visionweb.com.ar\/wp-content\/uploads\/2025\/02\/Vuelta-a-clases-lanus.jpg 318w\" sizes=\"auto, (max-width: 240px) 100vw, 240px\" \/> \u00a0 \u00a0<strong>E<\/strong>l <strong>Municipio de Lan\u00fas<\/strong> inform\u00f3 que hasta el 31 de marzo se pueden conseguir <strong>diferentes combos y promociones de \u00fatiles escolares<\/strong>, a precios accesibles y en comercios adheridos de la ciudad.<\/p>\n<p>El listado de combos:<\/p>\n<p><strong>Combo primario &#8211; $13.000<\/strong>: 1 caja de 12 l\u00e1pices de colores, 1 cuaderno N\u00b0 3 hojas rayadas, 1 block de dibujo N\u00b05 blanco, 1 block de dibujo N\u00b05 color, 1 l\u00e1piz negro, 1 goma, 1 sacapuntas y 1 plasticola.<\/p>\n<p><strong>Combo secundario &#8211; $9.000<\/strong>: 1 carpeta 3&#215;40, 1 repuesto de hojas N\u00b03 x 48 rayadas, 1 repuesto de hojas N\u00b03 x 48 cuadriculada, 1 l\u00e1piz negro, 3 bol\u00edgrafos y 1 resaltador.<\/p>\n<p><strong>Combo universitario &#8211; $8.000<\/strong>: 3 bol\u00edgrafos, 2 cuadernos universitarios, 1 l\u00e1piz negro y 1 resaltador.<\/p>\n<p><strong>Combo jard\u00edn &#8211; $8.000<\/strong>: 1 caja de crayones, 1 cuaderno N\u00b01 tapa dura x 48 hojas, 1 repuesto dibujo blanco, 1 repuesto dibujo color, 1 tijera, 1 paquete de papel glac\u00e9 opaco, 1 paquete de papel glac\u00e9 metalizado, 1 caja de plastilina y 1 plasticola.<\/p>\n<p>Hasta el momento se pueden conseguir estas promociones en los siguientes comercios adheridos:<\/p>\n<ul>\n<li><strong>Librer\u00eda Barquito de Papel<\/strong>, Ministro Brin 302, Lan\u00fas Oeste.<\/li>\n<li><strong>Librer\u00eda Algama<\/strong>, Eva Per\u00f3n 4856, Monte Chingolo.<\/li>\n<li><strong>Papelera Escalada<\/strong>, Beltr\u00e1n 357, Remedios de Escalada.<\/li>\n<li><strong>Librer\u00eda Am\u00e9rica<\/strong>, Ber\u00f3n de Estrada 2980, Monte Chingolo.<\/li>\n<li><strong>Librer\u00eda Miriam<\/strong>, Ituzaing\u00f3 1095, Lan\u00fas Este.<\/li>\n<li><strong>La Librer\u00eda<\/strong>, J. D. Per\u00f3n 2741, Valent\u00edn Alsina.<\/li>\n<li><strong>Librer\u00eda Equus<\/strong>, Villa Luj\u00e1n 1485, Lan\u00fas Este.<\/li>\n<li><strong>Librer\u00eda Abril<\/strong>, San Mart\u00edn 3880, Lan\u00fas Oeste.<\/li>\n<li><strong>Librer\u00eda M\u00ed Sue\u00f1o<\/strong>, Tagle 3485, Lan\u00fas Oeste.<\/li>\n<li><strong>Librer\u00eda El Emporio de la Bolsa<\/strong>, Anatole France 1960, Lan\u00fas Este.<\/li>\n<\/ul>\n<p>A tal fin, las librer\u00edas y podr\u00e1n sumarse a la iniciativa, y solicitarlos v\u00eda mail a\u00a0<a href=\"mailto:direcciondecomercio@lanus.gob.ar\">direcciondecomercio@lanus.gob.ar<\/a>.\u00a0<strong>(VW)<\/strong><\/p>\n<p>&nbsp;<\/p>\n","protected":false},"excerpt":{"rendered":"<p>Desde el Municipio de Lan\u00fas ofrecen diversos kits escolares a precios accesibles, tanto para jard\u00edn, primaria, secundaria y universidad.<\/p>\n","protected":false},"author":4,"featured_media":17339,"comment_status":"closed","ping_status":"closed","sticky":false,"template":"","format":"standard","meta":{"_monsterinsights_skip_tracking":false,"_monsterinsights_sitenote_active":false,"_monsterinsights_sitenote_note":"","_monsterinsights_sitenote_category":0,"footnotes":""},"categories":[8,5],"tags":[7385,7386,7384,7387],"class_list":["post-17338","post","type-post","status-publish","format-standard","has-post-thumbnail","hentry","category-interes-general","category-sociedad","tag-combos-escolares","tag-comercios-adheridos","tag-municipio-lanus","tag-vuelta-a-clases"],"_links":{"self":[{"href":"https:\/\/www.visionweb.com.ar\/index.php?rest_route=\/wp\/v2\/posts\/17338","targetHints":{"allow":["GET"]}}],"collection":[{"href":"https:\/\/www.visionweb.com.ar\/index.php?rest_route=\/wp\/v2\/posts"}],"about":[{"href":"https:\/\/www.visionweb.com.ar\/index.php?rest_route=\/wp\/v2\/types\/post"}],"author":[{"embeddable":true,"href":"https:\/\/www.visionweb.com.ar\/index.php?rest_route=\/wp\/v2\/users\/4"}],"replies":[{"embeddable":true,"href":"https:\/\/www.visionweb.com.ar\/index.php?rest_route=%2Fwp%2Fv2%2Fcomments&post=17338"}],"version-history":[{"count":1,"href":"https:\/\/www.visionweb.com.ar\/index.php?rest_route=\/wp\/v2\/posts\/17338\/revisions"}],"predecessor-version":[{"id":17340,"href":"https:\/\/www.visionweb.com.ar\/index.php?rest_route=\/wp\/v2\/posts\/17338\/revisions\/17340"}],"wp:featuredmedia":[{"embeddable":true,"href":"https:\/\/www.visionweb.com.ar\/index.php?rest_route=\/wp\/v2\/media\/17339"}],"wp:attachment":[{"href":"https:\/\/www.visionweb.com.ar\/index.php?rest_route=%2Fwp%2Fv2%2Fmedia&parent=17338"}],"wp:term":[{"taxonomy":"category","embeddable":true,"href":"https:\/\/www.visionweb.com.ar\/index.php?rest_route=%2Fwp%2Fv2%2Fcategories&post=17338"},{"taxonomy":"post_tag","embeddable":true,"href":"https:\/\/www.visionweb.com.ar\/index.php?rest_route=%2Fwp%2Fv2%2Ftags&post=17338"}],"curies":[{"name":"wp","href":"https:\/\/api.w.org\/{rel}","templated":true}]}}