{"id":17335,"date":"2025-02-25T12:46:39","date_gmt":"2025-02-25T15:46:39","guid":{"rendered":"https:\/\/www.visionweb.com.ar\/?p=17335"},"modified":"2025-02-25T12:46:39","modified_gmt":"2025-02-25T15:46:39","slug":"plan-fines-2025-inscripciones-en-la-unla-para-terminar-la-escuela-secundaria","status":"publish","type":"post","link":"https:\/\/www.visionweb.com.ar\/?p=17335","title":{"rendered":"Plan FinEs 2025: Inscripciones en la UNLa para terminar la escuela secundaria"},"content":{"rendered":"<p><em><strong>Est\u00e1 abierta la inscripci\u00f3n para cursar el programa FinEs para completar la escuela secundaria, dirigido a personas mayores de 18 a\u00f1os.<\/strong><\/em><!--more--><\/p>\n<div id=\"attachment_17336\" style=\"width: 310px\" class=\"wp-caption alignright\"><img loading=\"lazy\" decoding=\"async\" aria-describedby=\"caption-attachment-17336\" class=\"wp-image-17336 size-medium\" src=\"https:\/\/www.visionweb.com.ar\/wp-content\/uploads\/2025\/02\/unla-fines-300x283.png\" alt=\"\" width=\"300\" height=\"283\" srcset=\"https:\/\/www.visionweb.com.ar\/wp-content\/uploads\/2025\/02\/unla-fines-300x283.png 300w, https:\/\/www.visionweb.com.ar\/wp-content\/uploads\/2025\/02\/unla-fines.png 335w\" sizes=\"auto, (max-width: 300px) 100vw, 300px\" \/><p id=\"caption-attachment-17336\" class=\"wp-caption-text\">Foto: UNLa<\/p><\/div>\n<p><strong>\u00a0 \u00a0 L<\/strong>a <strong>Universidad Nacional de Lan\u00fas (UNLa)<\/strong> abri\u00f3 la inscripci\u00f3n para cursar el Plan FinEs, un programa gratuito de terminalidad de la escuela secundaria, dirigido a personas mayores de 18 a\u00f1os.<\/p>\n<p>La <strong>inscripci\u00f3n <\/strong>est\u00e1 disponible para el primero, segundo o tercer a\u00f1o en la <strong>sede de la universidad<\/strong>, con la finalidad de brindar a los interesados la oportunidad de completar sus estudios de manera flexible y gratuita.<\/p>\n<p>Requisitos para la inscripci\u00f3n:<\/p>\n<ul>\n<li>\u00daltimo DNI vigente.<\/li>\n<li>Copia de la partida de nacimiento.<\/li>\n<li>Constancia de CUIL.<\/li>\n<li>Constancia de los estudios alcanzados.<\/li>\n<\/ul>\n<p>M\u00e1s informaci\u00f3n:<\/p>\n<ul>\n<li>WhatsApp: 11-4-4384597<\/li>\n<li>Correo electr\u00f3nico: <a href=\"mailto:unlafines@gmail.com\">unlafines@gmail.com<\/a><\/li>\n<\/ul>\n<p>El <strong>Plan FinEs<\/strong>, lanzado en 2008, ha permitido que m\u00e1s de un mill\u00f3n de personas logren completar sus estudios secundarios. Sin embargo, con los ajustes presupuestarios aplicados a la educaci\u00f3n por el gobierno nacional, el futuro del programa a nivel nacional estuvo en duda.<\/p>\n<p>La decisi\u00f3n de <strong>no actualizar el presupuesto educativo para 2024 y los recortes al Fondo Nacional de Incentivo Docente (FONID<\/strong>) generaron preocupaci\u00f3n en los docentes y administradores educativos.<\/p>\n<p>Frente a la incertidumbre a nivel nacional, el <strong>gobierno de la provincia<\/strong> de Buenos Aires decidi\u00f3 garantizar la continuidad del Plan FinEs dentro de su territorio. Desde 2024, <strong>con el apoyo de los municipios, se ha comprometido a mantener el programa vigente<\/strong>.<\/p>\n<p>En la UNLa, la implementaci\u00f3n del Plan FinEs 2025 se lleva a cabo a trav\u00e9s del Instituto de Justicia y Derechos Humanos.<\/p>\n<p>Cabe mencionar que esta modalidad particular, tambi\u00e9n<strong> incluye una alta participaci\u00f3n de j\u00f3venes que se encuentran en conflicto con la ley penal<\/strong>, los cuales cursan el programa mientras cumplen con el a\u00f1o tutelar, gracias al convenio entre la Universidad y la Defensor\u00eda General de Lomas de Zamora (DGLZ). <strong>(VW)<\/strong><\/p>\n","protected":false},"excerpt":{"rendered":"<p>Est\u00e1 abierta la inscripci\u00f3n para cursar el programa FinEs para completar la escuela secundaria, dirigido a personas mayores de 18 a\u00f1os.<\/p>\n","protected":false},"author":4,"featured_media":17336,"comment_status":"closed","ping_status":"closed","sticky":false,"template":"","format":"standard","meta":{"_monsterinsights_skip_tracking":false,"_monsterinsights_sitenote_active":false,"_monsterinsights_sitenote_note":"","_monsterinsights_sitenote_category":0,"footnotes":""},"categories":[7,5],"tags":[7224,2710,7383,437],"class_list":["post-17335","post","type-post","status-publish","format-standard","has-post-thumbnail","hentry","category-educacion-y-cultura","category-sociedad","tag-inscripciones-2025","tag-plan-fines","tag-terminar-la-secundaria","tag-unla"],"_links":{"self":[{"href":"https:\/\/www.visionweb.com.ar\/index.php?rest_route=\/wp\/v2\/posts\/17335","targetHints":{"allow":["GET"]}}],"collection":[{"href":"https:\/\/www.visionweb.com.ar\/index.php?rest_route=\/wp\/v2\/posts"}],"about":[{"href":"https:\/\/www.visionweb.com.ar\/index.php?rest_route=\/wp\/v2\/types\/post"}],"author":[{"embeddable":true,"href":"https:\/\/www.visionweb.com.ar\/index.php?rest_route=\/wp\/v2\/users\/4"}],"replies":[{"embeddable":true,"href":"https:\/\/www.visionweb.com.ar\/index.php?rest_route=%2Fwp%2Fv2%2Fcomments&post=17335"}],"version-history":[{"count":1,"href":"https:\/\/www.visionweb.com.ar\/index.php?rest_route=\/wp\/v2\/posts\/17335\/revisions"}],"predecessor-version":[{"id":17337,"href":"https:\/\/www.visionweb.com.ar\/index.php?rest_route=\/wp\/v2\/posts\/17335\/revisions\/17337"}],"wp:featuredmedia":[{"embeddable":true,"href":"https:\/\/www.visionweb.com.ar\/index.php?rest_route=\/wp\/v2\/media\/17336"}],"wp:attachment":[{"href":"https:\/\/www.visionweb.com.ar\/index.php?rest_route=%2Fwp%2Fv2%2Fmedia&parent=17335"}],"wp:term":[{"taxonomy":"category","embeddable":true,"href":"https:\/\/www.visionweb.com.ar\/index.php?rest_route=%2Fwp%2Fv2%2Fcategories&post=17335"},{"taxonomy":"post_tag","embeddable":true,"href":"https:\/\/www.visionweb.com.ar\/index.php?rest_route=%2Fwp%2Fv2%2Ftags&post=17335"}],"curies":[{"name":"wp","href":"https:\/\/api.w.org\/{rel}","templated":true}]}}