{"id":17333,"date":"2025-02-25T12:12:20","date_gmt":"2025-02-25T15:12:20","guid":{"rendered":"https:\/\/www.visionweb.com.ar\/?p=17333"},"modified":"2025-02-25T12:12:20","modified_gmt":"2025-02-25T15:12:20","slug":"universidades-la-conadu-protesta-contra-el-gobierno-con-un-paro-en-el-inicio-de-clases","status":"publish","type":"post","link":"https:\/\/www.visionweb.com.ar\/?p=17333","title":{"rendered":"Universidades: La CONADU protesta contra el Gobierno con un paro en el inicio de clases"},"content":{"rendered":"<p><em><strong>La CONADU protesta por los salarios y anuncia un paro de 48 a 72 horas, que afectar\u00eda a todas las universidades del pa\u00eds. \u201cEn este contexto, no podemos comenzar el a\u00f1o\u201d, dijo Carlos De feo.<\/strong><\/em><!--more--><\/p>\n<p><strong>\u00a0 <img loading=\"lazy\" decoding=\"async\" class=\"size-full wp-image-6878 alignright\" src=\"https:\/\/www.visionweb.com.ar\/wp-content\/uploads\/2022\/08\/conadu-docentes-universitarios.bmp\" alt=\"\" width=\"480\" height=\"441\" \/>\u00a0 L<\/strong>uego de una extensa reuni\u00f3n del Plenario de secretarios de la\u00a0<strong>Federaci\u00f3n Nacional de Docentes Universitarios\u00a0<\/strong>(<strong><a href=\"https:\/\/conadu.org.ar\/\">CONADU<\/a><\/strong>), los representantes de 21 gremios de educadores de las distintas\u00a0<strong>universidades nacionales\u00a0<\/strong>de la\u00a0<strong>Argentina\u00a0<\/strong>anunciaron un nuevo\u00a0<strong>paro\u00a0<\/strong>de\u00a0<strong>48 horas\u00a0<\/strong>que afectar\u00eda a todas las casas de alto estudio del pa\u00eds.<\/p>\n<p>Seg\u00fan anunciaron las autoridades de la\u00a0<strong>CONADU<\/strong>, el\u00a0<strong>paro<\/strong>\u00a0universitario podr\u00eda durar entre 48 y 72 horas, y <strong>comenzar\u00eda el pr\u00f3ximo lunes 17 de marzo<\/strong>, cuando la mayor\u00eda de las casas de altos estudios del pa\u00eds comiencen las clases. Adem\u00e1s, el resto de las federaciones nacionales admitieron que se plegar\u00e1n a la medida de fuerza.<\/p>\n<p>\u201cLa situaci\u00f3n salarial de la comunidad docente universitaria es escandalosa y sin embargo hasta el momento <strong>no hemos sido convocados<\/strong> por la\u00a0<strong>Subsecretar\u00eda de Pol\u00edticas Universitarias<\/strong>. No ha habido ning\u00fan avance a nivel formal en lo que respecta a nuestros sueldos\u201d, se\u00f1al\u00f3 el\u00a0<strong>secretario general <\/strong>de la\u00a0<strong>CONADU<\/strong>,\u00a0<strong>Carlos De Feo<\/strong>.<\/p>\n<p>De acuerdo a las palabras del propio\u00a0<strong>De Feo<\/strong>, mientras el\u00a0<strong>Gobierno nacional\u00a0<\/strong>mira hacia un costado, los aumentos salariales previstos para febrero, sobre el mes de enero, es de 1,5%, y para marzo el incremento es 1,2% sobre febrero. \u201cEsto da como resultado <strong>una p\u00e9rdida de m\u00e1s del 70% de nuestros salarios desde diciembre de 2023<\/strong>\u201d, enfatiz\u00f3 el titular de la\u00a0<strong>CONADU<\/strong>.<\/p>\n<p>En \u00faltima instancia, el representante de los\u00a0<strong>docentes universitarios<\/strong>, hizo hincapi\u00e9 en que el\u00a0<strong>Gobierno\u00a0<\/strong>de\u00a0<strong>Javier Milei\u00a0<\/strong>recort\u00f3 cientos de <strong>fondos de investigaci\u00f3n<\/strong>, muchos de los cuales estaban vinculados a articulaciones de las universidades con los territorios donde est\u00e1n ubicadas. \u201cEn este contexto, no podemos comenzar el a\u00f1o\u201d, plante\u00f3 el secretario general.<\/p>\n<p>Durante el desarrollo del Plenario de secretarios, la\u00a0<strong>CONADU\u00a0<\/strong>consensu\u00f3 la necesidad de continuar y profundizar el plan de lucha contra el\u00a0<strong>Gobierno nacional\u00a0<\/strong>que inici\u00f3 el a\u00f1o pasado por las cr\u00edticas condiciones laborales de la docencia universitaria y el amplio recorte en el presupuesto para las casas de altos estudios.<\/p>\n<p>Es que, por la desfinanciaci\u00f3n de las obras sociales, la imposibilidad de capacitarse por el recorte presupuestario del\u00a0<strong>Gobierno nacional<\/strong>, y las jubilaciones de pobreza que le esperan a los\u00a0<strong>docentes universitarios<\/strong>, se gener\u00f3 en las facultades de todo el pa\u00eds <strong>una oleada de renuncias<\/strong> que afecta la educaci\u00f3n de los estudiantes y la calidad de ense\u00f1anza en todas las carreras.<\/p>\n<p>Por caso, la propuesta de llevar adelante un\u00a0<strong>paro\u00a0<\/strong>en todas las casas de estudios ser\u00e1 elevada por la\u00a0<strong>CONADU\u00a0<\/strong>al\u00a0<strong>Frente Sindical de las Universidades<\/strong>, que es el que coordina las acciones de las distintas organizaciones gremiales vinculadas al sistema universitario, y el que convoc\u00f3 las dos marchas federales universitarias del a\u00f1o pasado, que fueron las m\u00e1s significativas en t\u00e9rminos de protesta contra la administraci\u00f3n libertaria. <strong>(VW)<\/strong><\/p>\n","protected":false},"excerpt":{"rendered":"<p>La CONADU protesta por los salarios y anuncia un paro de 48 a 72 horas, que afectar\u00eda a todas las universidades del pa\u00eds. \u201cEn este contexto, no podemos comenzar el a\u00f1o\u201d, dijo Carlos De&#46;&#46;&#46;<\/p>\n","protected":false},"author":4,"featured_media":6878,"comment_status":"closed","ping_status":"closed","sticky":false,"template":"","format":"standard","meta":{"_monsterinsights_skip_tracking":false,"_monsterinsights_sitenote_active":false,"_monsterinsights_sitenote_note":"","_monsterinsights_sitenote_category":0,"footnotes":""},"categories":[7,4],"tags":[7382,5142,5698,7381],"class_list":["post-17333","post","type-post","status-publish","format-standard","has-post-thumbnail","hentry","category-educacion-y-cultura","category-politica","tag-carlos-de-feo","tag-conadu","tag-inicio-de-clases","tag-paro-universidades"],"_links":{"self":[{"href":"https:\/\/www.visionweb.com.ar\/index.php?rest_route=\/wp\/v2\/posts\/17333","targetHints":{"allow":["GET"]}}],"collection":[{"href":"https:\/\/www.visionweb.com.ar\/index.php?rest_route=\/wp\/v2\/posts"}],"about":[{"href":"https:\/\/www.visionweb.com.ar\/index.php?rest_route=\/wp\/v2\/types\/post"}],"author":[{"embeddable":true,"href":"https:\/\/www.visionweb.com.ar\/index.php?rest_route=\/wp\/v2\/users\/4"}],"replies":[{"embeddable":true,"href":"https:\/\/www.visionweb.com.ar\/index.php?rest_route=%2Fwp%2Fv2%2Fcomments&post=17333"}],"version-history":[{"count":1,"href":"https:\/\/www.visionweb.com.ar\/index.php?rest_route=\/wp\/v2\/posts\/17333\/revisions"}],"predecessor-version":[{"id":17334,"href":"https:\/\/www.visionweb.com.ar\/index.php?rest_route=\/wp\/v2\/posts\/17333\/revisions\/17334"}],"wp:featuredmedia":[{"embeddable":true,"href":"https:\/\/www.visionweb.com.ar\/index.php?rest_route=\/wp\/v2\/media\/6878"}],"wp:attachment":[{"href":"https:\/\/www.visionweb.com.ar\/index.php?rest_route=%2Fwp%2Fv2%2Fmedia&parent=17333"}],"wp:term":[{"taxonomy":"category","embeddable":true,"href":"https:\/\/www.visionweb.com.ar\/index.php?rest_route=%2Fwp%2Fv2%2Fcategories&post=17333"},{"taxonomy":"post_tag","embeddable":true,"href":"https:\/\/www.visionweb.com.ar\/index.php?rest_route=%2Fwp%2Fv2%2Ftags&post=17333"}],"curies":[{"name":"wp","href":"https:\/\/api.w.org\/{rel}","templated":true}]}}