{"id":17329,"date":"2025-02-25T11:05:00","date_gmt":"2025-02-25T14:05:00","guid":{"rendered":"https:\/\/www.visionweb.com.ar\/?p=17329"},"modified":"2025-02-25T11:05:00","modified_gmt":"2025-02-25T14:05:00","slug":"clases-ctera-rechazo-la-oferta-del-gobierno-y-va-al-paro-el-5-de-marzo","status":"publish","type":"post","link":"https:\/\/www.visionweb.com.ar\/?p=17329","title":{"rendered":"Clases: CTERA rechaz\u00f3 la oferta del Gobierno y va al paro el 5 de marzo"},"content":{"rendered":"<p><em><strong>CTERA rechaz\u00f3 el aumento ofrecido por el Gobierno, que cuestiona el \u00abparo pol\u00edtico\u00bb. Capital Humano\u00a0inform\u00f3 que los sindicalistas rechazaron la propuesta de\u00a0500 mil pesos desde febrero para un docente de media jornada\u201d.\u00a0<\/strong><\/em><!--more--><\/p>\n<p><strong> <img loading=\"lazy\" decoding=\"async\" class=\"size-full wp-image-941 alignright\" src=\"https:\/\/www.visionweb.com.ar\/wp-content\/uploads\/2021\/02\/aula-vacia-telam-II.bmp\" alt=\"\" width=\"473\" height=\"246\" \/>\u00a0\u00a0\u00a0 L<\/strong>a\u00a0<strong>Central de Trabajadores de la Educaci\u00f3n de la Rep\u00fablica Argentina (CTERA)\u00a0<\/strong>acudi\u00f3 ayer a la reuni\u00f3n convocada por el <strong>Ministerio de Capital Humano<\/strong>, y rechaz\u00f3 la<strong> propuesta del piso salarial de 500 mil pesos<\/strong>, a la vez que aclar\u00f3 que no se configura como \u201cparitaria nacional docente\u201d.\u00a0<strong>Habr\u00e1 paro el 5 de marzo.<\/strong><\/p>\n<p>El gremio explic\u00f3 que \u201cla Secretar\u00eda de Trabajo de la Naci\u00f3n convoc\u00f3 a los gremios docentes a \u00b4una reuni\u00f3n del salario m\u00ednimo docente garantizado\u00b4, desconociendo la legalidad de la Paritaria Nacional Docente\u201d.<\/p>\n<p><strong>\u201cEl gobierno present\u00f3 una propuesta del piso salarial de 500 mil pesos, absolutamente inaceptable, sin manifestar adem\u00e1s la continuidad de la negociaci\u00f3n\u201d<\/strong>, indicaron desde la central.<\/p>\n<p>Y apunt\u00f3: \u201cEl gobierno, unilateralmente y desconociendo la Paritaria Nacional Docente solo pretend\u00eda imponer el piso salarial y <strong>no discutir temas como el presupuesto educativo, las condiciones laborales, infraestructura<\/strong> escolar, fondos para los comedores escolares, la restituci\u00f3n del Fondo Nacional de Incentivo Docente (FONID) y el cumplimiento de la Ley de Educaci\u00f3n T\u00e9cnica Profesional\u201d.<\/p>\n<p><strong>La CTERA confirm\u00f3 el paro del 5 de marzo en todo el pa\u00eds, <\/strong>por lo que<strong> el inicio del ciclo lectivo en la provincia de Buenos Aires<\/strong> tambi\u00e9n<strong> se ver\u00e1 atravesado por la medida de fuerza.<\/strong><\/p>\n<p>Por su parte,\u00a0<strong>el\u00a0Ministerio de Capital Humano\u00a0inform\u00f3 que en la reuni\u00f3n paritaria los sindicalistas rechazaron la propuesta de \u201clas provincias, a trav\u00e9s del \u00f3rgano de representaci\u00f3n que es el Consejo Federal de Educaci\u00f3n (CFE) de\u00a0500 mil pesos desde febrero para un docente de media jornada\u201d.\u00a0<\/strong><\/p>\n<p>\u201cA pesar del di\u00e1logo, siempre abierto por las Secretar\u00edas de Educaci\u00f3n y de Trabajo de esta cartera durante el verano y que evidenciaba indicios de entendimiento, l<strong>os sindicalistas rechazaron la propuesta sostenida por las 24 jurisdicciones y mantuvieron un paro claramente pol\u00edtico, ya que las paritarias son provinciales, mientras perjudican a millones de ni\u00f1os y sus familias\u201d<\/strong>, indic\u00f3 el comunicado. <strong>(VW)<\/strong><\/p>\n","protected":false},"excerpt":{"rendered":"<p>CTERA rechaz\u00f3 el aumento ofrecido por el Gobierno, que cuestiona el \u00abparo pol\u00edtico\u00bb. Capital Humano\u00a0inform\u00f3 que los sindicalistas rechazaron la propuesta de\u00a0500 mil pesos desde febrero para un docente de media jornada\u201d.\u00a0<\/p>\n","protected":false},"author":4,"featured_media":941,"comment_status":"closed","ping_status":"closed","sticky":false,"template":"","format":"standard","meta":{"_monsterinsights_skip_tracking":false,"_monsterinsights_sitenote_active":false,"_monsterinsights_sitenote_note":"","_monsterinsights_sitenote_category":0,"footnotes":""},"categories":[7,4],"tags":[5693,7378,7379],"class_list":["post-17329","post","type-post","status-publish","format-standard","has-post-thumbnail","hentry","category-educacion-y-cultura","category-politica","tag-cetera","tag-paro-5-de-marzo","tag-rechazo-de-oferta"],"_links":{"self":[{"href":"https:\/\/www.visionweb.com.ar\/index.php?rest_route=\/wp\/v2\/posts\/17329","targetHints":{"allow":["GET"]}}],"collection":[{"href":"https:\/\/www.visionweb.com.ar\/index.php?rest_route=\/wp\/v2\/posts"}],"about":[{"href":"https:\/\/www.visionweb.com.ar\/index.php?rest_route=\/wp\/v2\/types\/post"}],"author":[{"embeddable":true,"href":"https:\/\/www.visionweb.com.ar\/index.php?rest_route=\/wp\/v2\/users\/4"}],"replies":[{"embeddable":true,"href":"https:\/\/www.visionweb.com.ar\/index.php?rest_route=%2Fwp%2Fv2%2Fcomments&post=17329"}],"version-history":[{"count":1,"href":"https:\/\/www.visionweb.com.ar\/index.php?rest_route=\/wp\/v2\/posts\/17329\/revisions"}],"predecessor-version":[{"id":17330,"href":"https:\/\/www.visionweb.com.ar\/index.php?rest_route=\/wp\/v2\/posts\/17329\/revisions\/17330"}],"wp:featuredmedia":[{"embeddable":true,"href":"https:\/\/www.visionweb.com.ar\/index.php?rest_route=\/wp\/v2\/media\/941"}],"wp:attachment":[{"href":"https:\/\/www.visionweb.com.ar\/index.php?rest_route=%2Fwp%2Fv2%2Fmedia&parent=17329"}],"wp:term":[{"taxonomy":"category","embeddable":true,"href":"https:\/\/www.visionweb.com.ar\/index.php?rest_route=%2Fwp%2Fv2%2Fcategories&post=17329"},{"taxonomy":"post_tag","embeddable":true,"href":"https:\/\/www.visionweb.com.ar\/index.php?rest_route=%2Fwp%2Fv2%2Ftags&post=17329"}],"curies":[{"name":"wp","href":"https:\/\/api.w.org\/{rel}","templated":true}]}}