{"id":17318,"date":"2025-02-24T11:45:24","date_gmt":"2025-02-24T14:45:24","guid":{"rendered":"https:\/\/www.visionweb.com.ar\/?p=17318"},"modified":"2025-02-24T11:45:24","modified_gmt":"2025-02-24T14:45:24","slug":"empezo-el-primer-paro-docente-nacional-el-siguiente-sera-el-miercoles-5-de-marzo","status":"publish","type":"post","link":"https:\/\/www.visionweb.com.ar\/?p=17318","title":{"rendered":"Empez\u00f3 el primer paro docente nacional, el siguiente ser\u00e1 el mi\u00e9rcoles 5 de marzo"},"content":{"rendered":"<p><em><strong>Los gremios que forman parte de la CGT llevan adelante un paro docente de 2 d\u00edas, que comenz\u00f3 hoy. El Gobierno convoc\u00f3 a una mesa de di\u00e1logo para esta tarde.<\/strong><\/em><!--more--><\/p>\n<p><strong>\u00a0 <img loading=\"lazy\" decoding=\"async\" class=\"size-medium wp-image-17319 alignright\" src=\"https:\/\/www.visionweb.com.ar\/wp-content\/uploads\/2025\/02\/Ctera-docentes-300x142.png\" alt=\"\" width=\"300\" height=\"142\" srcset=\"https:\/\/www.visionweb.com.ar\/wp-content\/uploads\/2025\/02\/Ctera-docentes-300x142.png 300w, https:\/\/www.visionweb.com.ar\/wp-content\/uploads\/2025\/02\/Ctera-docentes-520x245.png 520w, https:\/\/www.visionweb.com.ar\/wp-content\/uploads\/2025\/02\/Ctera-docentes.png 654w\" sizes=\"auto, (max-width: 300px) 100vw, 300px\" \/>\u00a0 \u00a0 L<\/strong>os\u00a0<strong>gremios\u00a0<\/strong>que forman parte de la\u00a0<strong>Confederaci\u00f3n General del Trabajo<\/strong>\u00a0(<strong>CGT<\/strong>) iniciaron un\u00a0<strong>paro docente de 48 horas<\/strong>\u00a0que comenz\u00f3 este lunes 24 de febrero y continuar\u00e1 el mi\u00e9rcoles 5 de marzo. En paralelo, el\u00a0<strong><a href=\"https:\/\/www.argentina.gob.ar\/capital-humano\">Ministerio de Capital Humano\u00a0<\/a><\/strong>convoc\u00f3 a los sindicatos a una mesa de trabajo para las 15 horas.<\/p>\n<p>La\u00a0medida, impulsada por los sindicatos\u00a0<strong>Uni\u00f3n Docentes Argentinos\u00a0<\/strong>(<strong>UDA<\/strong>),\u00a0<strong>Asociaci\u00f3n del Magisterio de Ense\u00f1anza T\u00e9cnica<\/strong>\u00a0(<strong>AMET<\/strong>) y\u00a0<strong>Confederaci\u00f3n de Educadores Argentinos<\/strong>\u00a0(<strong>CEA<\/strong>), \u00a0reclaman al\u00a0<strong>Gobierno\u00a0<\/strong>de\u00a0<strong>Javier Milei\u00a0<\/strong>la restituci\u00f3n del\u00a0<strong>Fondo Nacional de Incentivo Docente<\/strong>\u00a0(<strong>FONID<\/strong>) y la reactivaci\u00f3n de la paritaria nacional.<\/p>\n<p>Los principales motivos de la protesta son la falta de di\u00e1logo con el\u00a0<strong>Gobierno<\/strong>, que convoc\u00f3 a la mesa de trabajo minutos despu\u00e9s de que los\u00a0<strong>gremios\u00a0<\/strong>ratificaran el paro, y a los ajustes salariales que los docentes consideran insuficientes. Es que, desde el a\u00f1o pasado los\u00a0<strong>docentes\u00a0<\/strong>reciben aumentos m\u00ednimos, que fueron decididos de manera unilateral por el gobierno.<\/p>\n<p>Uno de los reclamos m\u00e1s importantes es la restituci\u00f3n del\u00a0<strong>FONID<\/strong>, que representaba una parte significativa del salario\u00a0<strong>docente<\/strong>. En palabras del<strong>\u00a0secretario General de UDOCBA<\/strong>,\u00a0<strong>Alejandro Salcedo<\/strong>, el\u00a0<strong>FONID\u00a0<\/strong>representaba entre el 10 y el 13% del sueldo en diciembre de 2023, y actualizado a valores actuales, equivaldr\u00eda a aproximadamente $150.000 por trabajador.<\/p>\n<p>Durante la jornada de este lunes, se realizar\u00e1n movilizaciones, concentraciones, radios abiertas y volanteadas en diferentes puntos del pa\u00eds. Las protestas se centran en la defensa de los derechos salariales y la mejora de las condiciones educativas en general. Adem\u00e1s, los\u00a0<strong>gremios\u00a0<\/strong>reclaman un <strong>mayor presupuesto<\/strong> para el sector, con el objetivo de garantizar condiciones dignas en las escuelas.<\/p>\n<p>El paro docente del 24 de febrero afecta a C\u00f3rdoba, Santa Fe, Corrientes, Entre R\u00edos, Formosa, Jujuy, Mendoza, Salta, San Juan, San Luis y Santa Cruz, donde los gremios docentes han confirmado su adhesi\u00f3n a la medida de fuerza. En tanto que, en la\u00a0<strong>provincia de Buenos Aires<\/strong>\u00a0los estudiantes se ver\u00e1n afectados por la semana de intensificaci\u00f3n, dado que el ciclo lectivo oficial comienza la semana entrante.<\/p>\n<p>Por su parte, el\u00a0<strong>paro docente<\/strong>\u00a0del mi\u00e9rcoles 5 de marzo ser\u00e1 a\u00fan m\u00e1s complicado para algunas regiones, como la<strong>\u00a0provincia de Buenos Aires<\/strong>, donde las clases deber\u00edan comenzar ese d\u00eda. Aunque el gremio mayoritario de la provincia,\u00a0<strong>SUTEBA<\/strong>, no se sumar\u00e1 a la medida, algunos de los sindicatos que forman parte de la\u00a0<strong>CGT<\/strong>, como\u00a0<strong>UDOCBA<\/strong>, podr\u00edan adherir al paro, afectando el inicio de las clases en la regi\u00f3n.<\/p>\n<p>Adem\u00e1s de los gremios de la\u00a0<strong>CGT<\/strong>, la\u00a0<strong>Confederaci\u00f3n de Trabajadores de la Educaci\u00f3n de la Rep\u00fablica Argentina<\/strong>\u00a0(<strong>CTERA<\/strong>) tambi\u00e9n se sumar\u00e1 a la protesta, aunque de manera diferenciada.\u00a0<strong>CTERA\u00a0<\/strong>convoc\u00f3 a al paro docente de este 24 de febrero, pero no al del 5 de marzo.<\/p>\n<p><strong>Desactivar el segundo paro docente<\/strong><\/p>\n<p>El\u00a0<strong>Ministerio de Capital Humano de la Naci\u00f3n<\/strong>, encabezado por\u00a0<strong>Sandra Pettovello<\/strong>, convoc\u00f3 a una mesa de di\u00e1logo sobre el\u00a0<strong>Salario M\u00ednimo Docente Garantizado<\/strong>, que se llevar\u00e1 a cabo este mismo lunes, a las 15 horas.<\/p>\n<p>Esta convocatoria incluye a los\u00a0<strong>gremios docentes\u00a0<\/strong>nacionales, al\u00a0<strong>Consejo Federal de Educaci\u00f3n\u00a0<\/strong>(<strong>CFE<\/strong>) compuesto por los ministros provinciales, y a las asociaciones de escuelas privadas. El Gobierno busca encontrar una soluci\u00f3n antes de que la protesta tenga lugar, aunque hasta el momento los gremios no mostraron se\u00f1ales de abandonar la medida de fuerza.<\/p>\n<p>De hecho, desde\u00a0<strong>UDOCBA\u00a0<\/strong>advirtieron que, si el\u00a0<strong>Gobierno\u00a0<\/strong>no da respuesta a sus demandas, las medidas de fuerza podr\u00edan seguir durante todo el ciclo lectivo. <strong>(VW)<\/strong><\/p>\n","protected":false},"excerpt":{"rendered":"<p>Los gremios que forman parte de la CGT llevan adelante un paro docente de 2 d\u00edas, que comenz\u00f3 hoy. El Gobierno convoc\u00f3 a una mesa de di\u00e1logo para esta tarde.<\/p>\n","protected":false},"author":4,"featured_media":17319,"comment_status":"closed","ping_status":"closed","sticky":false,"template":"","format":"standard","meta":{"_monsterinsights_skip_tracking":false,"_monsterinsights_sitenote_active":false,"_monsterinsights_sitenote_note":"","_monsterinsights_sitenote_category":0,"footnotes":""},"categories":[7,4],"tags":[2032,2871,7366,7367,7365],"class_list":["post-17318","post","type-post","status-publish","format-standard","has-post-thumbnail","hentry","category-educacion-y-cultura","category-politica","tag-cgt","tag-ctera","tag-lunes-24","tag-mesa-de-dialogo","tag-paro-docente"],"_links":{"self":[{"href":"https:\/\/www.visionweb.com.ar\/index.php?rest_route=\/wp\/v2\/posts\/17318","targetHints":{"allow":["GET"]}}],"collection":[{"href":"https:\/\/www.visionweb.com.ar\/index.php?rest_route=\/wp\/v2\/posts"}],"about":[{"href":"https:\/\/www.visionweb.com.ar\/index.php?rest_route=\/wp\/v2\/types\/post"}],"author":[{"embeddable":true,"href":"https:\/\/www.visionweb.com.ar\/index.php?rest_route=\/wp\/v2\/users\/4"}],"replies":[{"embeddable":true,"href":"https:\/\/www.visionweb.com.ar\/index.php?rest_route=%2Fwp%2Fv2%2Fcomments&post=17318"}],"version-history":[{"count":1,"href":"https:\/\/www.visionweb.com.ar\/index.php?rest_route=\/wp\/v2\/posts\/17318\/revisions"}],"predecessor-version":[{"id":17320,"href":"https:\/\/www.visionweb.com.ar\/index.php?rest_route=\/wp\/v2\/posts\/17318\/revisions\/17320"}],"wp:featuredmedia":[{"embeddable":true,"href":"https:\/\/www.visionweb.com.ar\/index.php?rest_route=\/wp\/v2\/media\/17319"}],"wp:attachment":[{"href":"https:\/\/www.visionweb.com.ar\/index.php?rest_route=%2Fwp%2Fv2%2Fmedia&parent=17318"}],"wp:term":[{"taxonomy":"category","embeddable":true,"href":"https:\/\/www.visionweb.com.ar\/index.php?rest_route=%2Fwp%2Fv2%2Fcategories&post=17318"},{"taxonomy":"post_tag","embeddable":true,"href":"https:\/\/www.visionweb.com.ar\/index.php?rest_route=%2Fwp%2Fv2%2Ftags&post=17318"}],"curies":[{"name":"wp","href":"https:\/\/api.w.org\/{rel}","templated":true}]}}