{"id":17316,"date":"2025-02-24T11:26:26","date_gmt":"2025-02-24T14:26:26","guid":{"rendered":"https:\/\/www.visionweb.com.ar\/?p=17316"},"modified":"2025-02-24T11:26:26","modified_gmt":"2025-02-24T14:26:26","slug":"movimiento-derecho-al-futuro-kicillof-lanzo-su-propia-interna-para-disputar-con-milei-y-cristina","status":"publish","type":"post","link":"https:\/\/www.visionweb.com.ar\/?p=17316","title":{"rendered":"Movimiento Derecho al Futuro: Kicillof lanz\u00f3 su propia interna para disputar con Milei y Cristina"},"content":{"rendered":"<p><em><strong>El gobernador bonaerense, sorprendi\u00f3 el fin de semana con el lanzamiento de un espacio pol\u00edtico peronista propio.\u00a0Lo apoya una larga lista de adherentes que incluye intendentes, gremialistas, legisladores, movimientos sociales, figuras de la cultura y la ciencia. Ocurre horas antes de que CFK encabece una reuni\u00f3n del PJ en CABA.<\/strong><\/em><!--more--><\/p>\n<p><strong><img loading=\"lazy\" decoding=\"async\" class=\"size-medium wp-image-7951 alignright\" src=\"https:\/\/www.visionweb.com.ar\/wp-content\/uploads\/2022\/10\/Kicillof-archivo-300x246.jpg\" alt=\"\" width=\"300\" height=\"246\" srcset=\"https:\/\/www.visionweb.com.ar\/wp-content\/uploads\/2022\/10\/Kicillof-archivo-300x246.jpg 300w, https:\/\/www.visionweb.com.ar\/wp-content\/uploads\/2022\/10\/Kicillof-archivo.bmp 620w\" sizes=\"auto, (max-width: 300px) 100vw, 300px\" \/>\u00a0\u00a0\u00a0 E<\/strong>l<strong> gobernador de la\u00a0provincia de Buenos Aires,\u00a0Axel Kicillof, lanz\u00f3 un\u00a0espacio pol\u00edtico propio,\u00a0<\/strong><strong><a href=\"https:\/\/www.movimientoderechoalfuturo.com.ar\/\">Movimiento Derecho al Futuro<\/a><\/strong><strong>, <\/strong>fue el s\u00e1bado, se anunci\u00f3 v\u00eda redes sociales, donde oficializ\u00f3 la<strong> convocatoria a construir una \u00abfuerza social y pol\u00edtica para el desarrollo y la justicia social\u00bb. La iniciativa se present\u00f3 con fuerte apoyo pol\u00edtico y sindical de numerosos intendentes, legisladores y organizaciones gremiales.\u00a0<\/strong><\/p>\n<p><strong>\u201cEl peronismo enfrenta un desaf\u00edo hist\u00f3rico: reconstruirse para liderar una alternativa al experimento de ajuste y crueldad que lleva adelante el Gobierno de Javier Milei\u201d, <\/strong>inicia el texto que se\u00f1ala la necesidad de actualizar las ideas sin temor al debate interno.<\/p>\n<p>As\u00ed, este s\u00e1bado, el Gobernador\u00a0present\u00f3 su propio espacio pol\u00edtico que pretende disputar la hegemon\u00eda dentro del peronismo a la tropa camporista.<\/p>\n<p>En detalle, la novedad pol\u00edtica cuenta con el respaldo de los<strong> intendentes\u00a0Julio Alak\u00a0(La Plata),\u00a0Jorge Ferraresi\u00a0(Avellaneda),\u00a0Mario Ishii\u00a0(Jos\u00e9 C. Paz),\u00a0Fernando Espinoza\u00a0(La Matanza) y\u00a0Mario Secco\u00a0(Ensenada), entre muchos otros.\u00a0<\/strong><\/p>\n<p><strong>\u201cEs momento de escuchar, de comprender las razones de nuestra derrota a nivel nacional, de recuperar la agenda de las mayor\u00edas, defendiendo los derechos de todos, es hora de empezar a reinventar nuestro proyecto hist\u00f3rico, de un pueblo con igualdad, de un pueblo que pueda aspirar a ser feliz\u201d, expresa el texto del nuevo espacio de\u00a0Kicillof, en un claro mensaje a la ex presidenta y titular de\u00a0PJ nacional.\u00a0<\/strong><\/p>\n<p>Kicillof constituy\u00f3 su espacio justo\u00a0<strong>horas antes de la reuni\u00f3n del PJ nacional que Cristina Fern\u00e1ndez de Kirchner convoc\u00f3 para este lunes<\/strong> en la hist\u00f3rica sede partidaria de Calle Matheu, en CABA, de cara a <strong>dos definiciones electorales clave para este a\u00f1o: la realizaci\u00f3n o no de PASO y el desdoblamiento de las elecciones en Provincia<\/strong>.<\/p>\n<p>Uno de los objetivos <strong>es avanzar sobre el armado electoral de peronismo para este a\u00f1o, pero a la vez se advirti\u00f3 que \u201cno se trata solo de un dispositivo electoral, sino de una herramienta para reconstruir la esperanza popular\u201d<\/strong>, a la que <strong>convocaron a \u201ctodas las tradiciones democr\u00e1ticas, populares y progresistas\u201d <\/strong>del pa\u00eds.<\/p>\n<p>En el documento \u201cAbrazar al pueblo y encender la esperanza\u201d, el kicillofismo se\u00f1al\u00f3 que \u201ces en el gobierno de la Provincia donde se visualiza una alternativa y donde se enciende una esperanza concreta, real, que demuestra con hechos que hay otra forma de gobernar\u201d. El p\u00e1rrafo conjuga un desmarque del kirchnerismo con el se\u00f1alamiento de Milei como el modelo contrapuesto contra el que convocan al resto de la dirigencia.<\/p>\n<p>\u201c<strong>El gobierno de la Provincia de Buenos Aires, bajo la conducci\u00f3n de Axel Kicillof, se ha convertido en el escudo y la red que luchan por proteger los derechos de los bonaerenses\u00a0<\/strong>ante un Estado desertor\u201d, afirma el texto.<\/p>\n<p>Y reasegura: \u201cMientras el Gobierno nacional abandona sus responsabilidades,\u00a0<strong>la Provincia busca aliviar el da\u00f1o social que provoca la apuesta por el mercado desregulado como \u00fanica respuesta.<\/strong>\u00a0Es en el gobierno de la Provincia donde se visualiza una alternativa y donde se enciende una esperanza concreta, real, que demuestra con hechos que hay otra forma de gobernar: con compromiso, con transparencia y con pol\u00edticas p\u00fablicas en favor del pueblo\u201d.<\/p>\n<p>Luego, convocan \u201ca la construcci\u00f3n de\u00a0<strong>una gran fuerza social y pol\u00edtica para el desarrollo y la justicia social<\/strong>, que represente a <strong>trabajadores, sectores productivos, la ciencia, la educaci\u00f3n y la cultura. Que defienda los intereses nacionales, promueva el desarrollo y se abra a la participaci\u00f3n<\/strong> de todos. Solo con un peronismo fuerte, amplio, unido y con sus ra\u00edces en el pueblo podremos forjar un pa\u00eds m\u00e1s justo, solidario y con oportunidades para todos\u201d.<\/p>\n<p>\u201cEl pueblo y la patria necesitan de un peronismo que abrace al pueblo y enfoque sus energ\u00edas a reconstruir el sue\u00f1o colectivo de una patria justa, libre y soberana.\u00a0<strong>Hacia all\u00e1 nos dirigimos, derecho a un futuro mejor<\/strong>\u201d, cierra el texto.\u00a0<strong>(VW)\u00a0<\/strong><\/p>\n","protected":false},"excerpt":{"rendered":"<p>El gobernador bonaerense, sorprendi\u00f3 el fin de semana con el lanzamiento de un espacio pol\u00edtico peronista propio.\u00a0Lo apoya una larga lista de adherentes que incluye intendentes, gremialistas, legisladores, movimientos sociales, figuras de la cultura&#46;&#46;&#46;<\/p>\n","protected":false},"author":4,"featured_media":7951,"comment_status":"closed","ping_status":"closed","sticky":false,"template":"","format":"standard","meta":{"_monsterinsights_skip_tracking":false,"_monsterinsights_sitenote_active":false,"_monsterinsights_sitenote_note":"","_monsterinsights_sitenote_category":0,"footnotes":""},"categories":[4],"tags":[7364,167,7363],"class_list":["post-17316","post","type-post","status-publish","format-standard","has-post-thumbnail","hentry","category-politica","tag-espacio-peronista-propio","tag-kicillof","tag-movimiento-erecho-al-futuro"],"_links":{"self":[{"href":"https:\/\/www.visionweb.com.ar\/index.php?rest_route=\/wp\/v2\/posts\/17316","targetHints":{"allow":["GET"]}}],"collection":[{"href":"https:\/\/www.visionweb.com.ar\/index.php?rest_route=\/wp\/v2\/posts"}],"about":[{"href":"https:\/\/www.visionweb.com.ar\/index.php?rest_route=\/wp\/v2\/types\/post"}],"author":[{"embeddable":true,"href":"https:\/\/www.visionweb.com.ar\/index.php?rest_route=\/wp\/v2\/users\/4"}],"replies":[{"embeddable":true,"href":"https:\/\/www.visionweb.com.ar\/index.php?rest_route=%2Fwp%2Fv2%2Fcomments&post=17316"}],"version-history":[{"count":1,"href":"https:\/\/www.visionweb.com.ar\/index.php?rest_route=\/wp\/v2\/posts\/17316\/revisions"}],"predecessor-version":[{"id":17317,"href":"https:\/\/www.visionweb.com.ar\/index.php?rest_route=\/wp\/v2\/posts\/17316\/revisions\/17317"}],"wp:featuredmedia":[{"embeddable":true,"href":"https:\/\/www.visionweb.com.ar\/index.php?rest_route=\/wp\/v2\/media\/7951"}],"wp:attachment":[{"href":"https:\/\/www.visionweb.com.ar\/index.php?rest_route=%2Fwp%2Fv2%2Fmedia&parent=17316"}],"wp:term":[{"taxonomy":"category","embeddable":true,"href":"https:\/\/www.visionweb.com.ar\/index.php?rest_route=%2Fwp%2Fv2%2Fcategories&post=17316"},{"taxonomy":"post_tag","embeddable":true,"href":"https:\/\/www.visionweb.com.ar\/index.php?rest_route=%2Fwp%2Fv2%2Ftags&post=17316"}],"curies":[{"name":"wp","href":"https:\/\/api.w.org\/{rel}","templated":true}]}}