{"id":17313,"date":"2025-02-21T14:07:35","date_gmt":"2025-02-21T17:07:35","guid":{"rendered":"https:\/\/www.visionweb.com.ar\/?p=17313"},"modified":"2025-02-21T14:07:35","modified_gmt":"2025-02-21T17:07:35","slug":"reserva-santa-catalina-kicillof-anuncio-inversiones-por-mas-de-2-mil-millones-de-pesos","status":"publish","type":"post","link":"https:\/\/www.visionweb.com.ar\/?p=17313","title":{"rendered":"Reserva Santa Catalina: Kicillof anunci\u00f3 inversiones por m\u00e1s de 2 mil millones de pesos"},"content":{"rendered":"<p><em><strong>Est\u00e1 ubicada Lomas de Zamora, cuenta con m\u00e1s de 700 hect\u00e1reas, y es una de las reservas m\u00e1s grandes del pa\u00eds. El proyecto contempla la restauraci\u00f3n de edificios hist\u00f3ricos, la preservaci\u00f3n del humedal, bosque y pastizal, entre otros aspectos. Falta que se regule la ley.<\/strong><\/em><!--more--><\/p>\n<p><strong>\u00a0 <img loading=\"lazy\" decoding=\"async\" class=\"size-medium wp-image-17314 alignright\" src=\"https:\/\/www.visionweb.com.ar\/wp-content\/uploads\/2025\/02\/res-santa-catalina-LZ-300x151.png\" alt=\"\" width=\"300\" height=\"151\" srcset=\"https:\/\/www.visionweb.com.ar\/wp-content\/uploads\/2025\/02\/res-santa-catalina-LZ-300x151.png 300w, https:\/\/www.visionweb.com.ar\/wp-content\/uploads\/2025\/02\/res-santa-catalina-LZ.png 513w\" sizes=\"auto, (max-width: 300px) 100vw, 300px\" \/>\u00a0 E<\/strong>l gobernador de la provincia de Buenos Aires, <strong>Axel Kicillof<\/strong>, anunci\u00f3 la<strong>\u00a0puesta en valor de la Reserva Provincial Santa Catalina con el objetivo de convertirla en un polo biocultural, patrimonial, hist\u00f3rico y productivo.\u00a0<\/strong><\/p>\n<p>El anuncio se realiz\u00f3 en Lomas de Zamora, donde tambi\u00e9n\u00a0<strong>recorri\u00f3 las nuevas instalaciones del Ministerio P\u00fablico\u00a0<\/strong>junto a miembros de su gabinete y autoridades locales.<\/p>\n<p>Con una\u00a0<strong>inversi\u00f3n superior a los $2.000 millones, el proyecto contempla la restauraci\u00f3n de edificios hist\u00f3ricos, la preservaci\u00f3n de las hect\u00e1reas de humedal, bosque y pastizal,<\/strong>\u00a0la instalaci\u00f3n de luminaria LED y la creaci\u00f3n de sectores de esparcimiento familiar y puestos de control.<\/p>\n<p>\u201cCon el inicio de este proyecto estamos haciendo realidad un <strong>sue\u00f1o de la comunidad de Lomas de Zamora <\/strong>y cumpliendo un compromiso de la Provincia con esta reserva que es <strong>una de las joyas ocultas de nuestro territorio<\/strong>\u201d, afirm\u00f3 Kicillof.<\/p>\n<p>La ministra de Ambiente, Daniela Vilar, destac\u00f3 la importancia de la iniciativa: \u201c<strong>Este espacio cuenta con m\u00e1s de 700 hect\u00e1reas, habitan flora y fauna nativa bonaerense y es de las reservas m\u00e1s grandes de nuestro pa\u00eds<\/strong>: con este trabajo que llevamos adelante desde el Gobierno provincial y las universidades vamos a devolverle el valor incalculable que tienen estos patrimonios para nuestra provincia\u201d.<\/p>\n<p>En el marco del Programa de Fortalecimiento de \u00c1reas Protegidas,<strong>\u00a0se entreg\u00f3 una camioneta para traslados, herramientas el\u00e9ctricas y de mano, e indumentaria para guardaparques.\u00a0<\/strong><\/p>\n<p>Adem\u00e1s, el Gobierno provincial firm\u00f3 convenios con la <strong>Universidad Nacional de La Plata<\/strong> para ejecutar <strong>obras de infraestructura en dos facultades, establecer el marco de gesti\u00f3n y protecci\u00f3n de la Reserva Natural Santa Catalina y utilizar el \u201cPredio de Casares\u201d con fines acad\u00e9micos y cient\u00edficos<\/strong>.<\/p>\n<p>Tambi\u00e9n suscribi\u00f3 acuerdos con la\u00a0<strong>Universidad Nacional de Lomas de Zamora<\/strong>\u00a0y el municipio para la transferencia, administraci\u00f3n y utilizaci\u00f3n de un sector del predio de la reserva.<\/p>\n<p>El <strong>intendente de Lomas de Zamora, Federico Oterm\u00edn<\/strong>, expres\u00f3: \u201cSanta Catalina es parte de nuestro futuro y este proyecto de <strong>puesta en valor<\/strong> es un punto de inflexi\u00f3n en la historia del municipio: ac\u00e1 hay inversi\u00f3n de verdad, destinada a toda la comunidad de Lomas de Zamora\u201d.<\/p>\n<table width=\"700\">\n<tbody>\n<tr>\n<td>\u00b7\u00a0\u00a0\u00a0\u00a0\u00a0\u00a0\u00a0\u00a0 <strong>Restauraci\u00f3n de edificios hist\u00f3ricos<\/strong><\/td>\n<td>\u00b7\u00a0\u00a0\u00a0\u00a0\u00a0\u00a0\u00a0\u00a0 Recuperaci\u00f3n de construcciones antiguas dentro de la reserva.<\/td>\n<\/tr>\n<tr>\n<td>\u00b7\u00a0\u00a0\u00a0\u00a0\u00a0\u00a0\u00a0\u00a0 <strong>Preservaci\u00f3n del ecosistema<\/strong><\/td>\n<td>\u00b7\u00a0\u00a0\u00a0\u00a0\u00a0\u00a0\u00a0\u00a0 Protecci\u00f3n de humedales, bosques y pastizales nativos.<\/td>\n<\/tr>\n<tr>\n<td>\u00b7\u00a0\u00a0\u00a0\u00a0\u00a0\u00a0\u00a0\u00a0 <strong>Instalaci\u00f3n de luminaria LED<\/strong><\/td>\n<td>\u00b7\u00a0\u00a0\u00a0\u00a0\u00a0\u00a0\u00a0\u00a0 Mejora en la iluminaci\u00f3n con tecnolog\u00eda eficiente y sostenible.<\/td>\n<\/tr>\n<tr>\n<td>\u00b7\u00a0\u00a0\u00a0\u00a0\u00a0\u00a0\u00a0\u00a0 <strong>Creaci\u00f3n de sectores de esparcimiento<\/strong><\/td>\n<td>\u00b7\u00a0\u00a0\u00a0\u00a0\u00a0\u00a0\u00a0\u00a0 Desarrollo de \u00e1reas recreativas para familias y visitantes.<\/td>\n<\/tr>\n<tr>\n<td>\u00b7\u00a0\u00a0\u00a0\u00a0\u00a0\u00a0\u00a0\u00a0 <strong>Puestos de control<\/strong><\/td>\n<td>\u00b7\u00a0\u00a0\u00a0\u00a0\u00a0\u00a0\u00a0\u00a0 Instalaci\u00f3n de puntos de vigilancia y seguridad en la reserva.<\/td>\n<\/tr>\n<tr>\n<td>\u00b7\u00a0\u00a0\u00a0\u00a0\u00a0\u00a0\u00a0\u00a0 <strong>Entrega de equipamiento<\/strong><\/td>\n<td>\u00b7\u00a0\u00a0\u00a0\u00a0\u00a0\u00a0\u00a0\u00a0 Provisi\u00f3n de una camioneta, herramientas el\u00e9ctricas y de mano, e indumentaria para guardaparques.<\/td>\n<\/tr>\n<tr>\n<td>\u00b7\u00a0\u00a0\u00a0\u00a0\u00a0\u00a0\u00a0\u00a0 <strong>Convenios con universidades<\/strong><\/td>\n<td>\u00b7\u00a0\u00a0\u00a0\u00a0\u00a0\u00a0\u00a0\u00a0 Acuerdos con la UNLP y la UNLZ para infraestructura, investigaci\u00f3n y gesti\u00f3n de la reserva.<\/td>\n<\/tr>\n<tr>\n<td>\u00b7\u00a0\u00a0\u00a0\u00a0\u00a0\u00a0\u00a0\u00a0 <strong>Uso del \u201cPredio de Casares\u201d<\/strong><\/td>\n<td>\u00b7\u00a0\u00a0\u00a0\u00a0\u00a0\u00a0\u00a0\u00a0 Destinaci\u00f3n del terreno para fines acad\u00e9micos y cient\u00edficos.<\/td>\n<\/tr>\n<\/tbody>\n<\/table>\n<p>Aunque a\u00fan falta que se reglamente en\u00a0la legislatura bonaerense la\u00a0<strong>Ley 14.294, sancionada en 2011<\/strong>. (ver nota <a href=\"https:\/\/www.visionweb.com.ar\/?p=17255\">https:\/\/www.visionweb.com.ar\/?p=17255<\/a>). <strong>(VW)<\/strong><\/p>\n<p>&nbsp;<\/p>\n","protected":false},"excerpt":{"rendered":"<p>Est\u00e1 ubicada Lomas de Zamora, cuenta con m\u00e1s de 700 hect\u00e1reas, y es una de las reservas m\u00e1s grandes del pa\u00eds. El proyecto contempla la restauraci\u00f3n de edificios hist\u00f3ricos, la preservaci\u00f3n del humedal, bosque&#46;&#46;&#46;<\/p>\n","protected":false},"author":4,"featured_media":17314,"comment_status":"closed","ping_status":"closed","sticky":false,"template":"","format":"standard","meta":{"_monsterinsights_skip_tracking":false,"_monsterinsights_sitenote_active":false,"_monsterinsights_sitenote_note":"","_monsterinsights_sitenote_category":0,"footnotes":""},"categories":[4],"tags":[3048,167,6900,7322],"class_list":["post-17313","post","type-post","status-publish","format-standard","has-post-thumbnail","hentry","category-politica","tag-inversion","tag-kicillof","tag-puesta-en-valor","tag-reserva-santa-catalina"],"_links":{"self":[{"href":"https:\/\/www.visionweb.com.ar\/index.php?rest_route=\/wp\/v2\/posts\/17313","targetHints":{"allow":["GET"]}}],"collection":[{"href":"https:\/\/www.visionweb.com.ar\/index.php?rest_route=\/wp\/v2\/posts"}],"about":[{"href":"https:\/\/www.visionweb.com.ar\/index.php?rest_route=\/wp\/v2\/types\/post"}],"author":[{"embeddable":true,"href":"https:\/\/www.visionweb.com.ar\/index.php?rest_route=\/wp\/v2\/users\/4"}],"replies":[{"embeddable":true,"href":"https:\/\/www.visionweb.com.ar\/index.php?rest_route=%2Fwp%2Fv2%2Fcomments&post=17313"}],"version-history":[{"count":1,"href":"https:\/\/www.visionweb.com.ar\/index.php?rest_route=\/wp\/v2\/posts\/17313\/revisions"}],"predecessor-version":[{"id":17315,"href":"https:\/\/www.visionweb.com.ar\/index.php?rest_route=\/wp\/v2\/posts\/17313\/revisions\/17315"}],"wp:featuredmedia":[{"embeddable":true,"href":"https:\/\/www.visionweb.com.ar\/index.php?rest_route=\/wp\/v2\/media\/17314"}],"wp:attachment":[{"href":"https:\/\/www.visionweb.com.ar\/index.php?rest_route=%2Fwp%2Fv2%2Fmedia&parent=17313"}],"wp:term":[{"taxonomy":"category","embeddable":true,"href":"https:\/\/www.visionweb.com.ar\/index.php?rest_route=%2Fwp%2Fv2%2Fcategories&post=17313"},{"taxonomy":"post_tag","embeddable":true,"href":"https:\/\/www.visionweb.com.ar\/index.php?rest_route=%2Fwp%2Fv2%2Ftags&post=17313"}],"curies":[{"name":"wp","href":"https:\/\/api.w.org\/{rel}","templated":true}]}}