{"id":17311,"date":"2025-02-21T13:43:18","date_gmt":"2025-02-21T16:43:18","guid":{"rendered":"https:\/\/www.visionweb.com.ar\/?p=17311"},"modified":"2025-02-21T13:43:18","modified_gmt":"2025-02-21T16:43:18","slug":"senado-sancionaron-la-ley-de-reiterancia","status":"publish","type":"post","link":"https:\/\/www.visionweb.com.ar\/?p=17311","title":{"rendered":"Senado: Sancionaron la ley de reiterancia"},"content":{"rendered":"<p><em><strong>El proyecto, que endurece las penas de delincuentes que reinciden en el delito, fue aprobado por unanimidad en la C\u00e1mara alta<\/strong><strong>. La norma impulsada por el Ministerio de Seguridad tiene como objetivo terminar con la llamada \u201cpuerta giratoria\u201d para los delincuentes.\u00a0<\/strong><\/em><!--more--><\/p>\n<div id=\"attachment_8238\" style=\"width: 310px\" class=\"wp-caption alignright\"><img loading=\"lazy\" decoding=\"async\" aria-describedby=\"caption-attachment-8238\" class=\"wp-image-8238 size-medium\" src=\"https:\/\/www.visionweb.com.ar\/wp-content\/uploads\/2022\/11\/senado-pres-2023-300x190.jpg\" alt=\"\" width=\"300\" height=\"190\" srcset=\"https:\/\/www.visionweb.com.ar\/wp-content\/uploads\/2022\/11\/senado-pres-2023-300x190.jpg 300w, https:\/\/www.visionweb.com.ar\/wp-content\/uploads\/2022\/11\/senado-pres-2023.bmp 668w\" sizes=\"auto, (max-width: 300px) 100vw, 300px\" \/><p id=\"caption-attachment-8238\" class=\"wp-caption-text\">Foto de archivo<\/p><\/div>\n<p><strong> \u00a0\u00a0\u00a0 L<\/strong>a<strong> C\u00e1mara de Senadores<\/strong> sancion\u00f3 este jueves la<strong>\u00a0ley que implementa cambios penales sobre la reincidencia y reiterancia para desactivar, seg\u00fan palabras del propio Gobierno, la denostada \u201cpuerta giratoria\u201d de delincuentes<\/strong>.<\/p>\n<p>La iniciativa obtuvo 67 adhesiones en la votaci\u00f3n en general -un\u00e1nime- y a los pocos minutos avanz\u00f3 con la particular, donde el kirchnerismo rechaz\u00f3 s\u00f3lo algunos art\u00edculos.<\/p>\n<p>El nuevo marco legislativo que aborda los conceptos de reiterancia y reincidencia modifica los art\u00edculos 50 y 58 del C\u00f3digo Penal, como as\u00ed tambi\u00e9n puntos del C\u00f3digo Procesal Penal Federal, y se centra en redefinir la reincidencia y establecer la reiteraci\u00f3n delictiva como un factor clave en el proceso judicial.<\/p>\n<p>La flamante ley apunta a reforzar las herramientas legales para prevenir la reincidencia y la reiterancia delictiva a partir del establecimiento de\u00a0<strong>criterios claros para restringir la libertad en funci\u00f3n de los antecedentes penales y el riesgo de nuevas conductas delictivas.<\/strong><\/p>\n<p>La norma define como <strong>\u201creincidente\u201d a quien haya sido condenado dos o m\u00e1s veces a penas privativas de libertad, siempre que la primera condena est\u00e9 firme<\/strong>.<\/p>\n<p>Busca que, al evaluar la posibilidad de otorgar la excarcelaci\u00f3n a un imputado, los jueces consideren la existencia de m\u00faltiples causas penales en tr\u00e1mite como un indicio de riesgo procesal.<\/p>\n<p>Es decir, si una persona est\u00e1 siendo investigada en varias causas por delitos que conllevan penas privativas de la libertad, esta situaci\u00f3n podr\u00eda ser interpretada como una se\u00f1al de que, al recuperar su libertad, el imputado podr\u00eda intentar eludir a la justicia.<\/p>\n<p>Previo a la sesi\u00f3n, el Comit\u00e9 Nacional para la Prevenci\u00f3n de la Tortura advirti\u00f3: \u201cSi se aprueban estas iniciativas se agravar\u00e1 el hacinamiento en los lugares de detenci\u00f3n.\u00a0Entre 2016 y 2023, la cantidad de personas privadas de libertad en c\u00e1rceles creci\u00f3 en un 48,5%\u201d. <strong>(VW)<\/strong><\/p>\n","protected":false},"excerpt":{"rendered":"<p>El proyecto, que endurece las penas de delincuentes que reinciden en el delito, fue aprobado por unanimidad en la C\u00e1mara alta. La norma impulsada por el Ministerio de Seguridad tiene como objetivo terminar con&#46;&#46;&#46;<\/p>\n","protected":false},"author":4,"featured_media":8238,"comment_status":"closed","ping_status":"closed","sticky":false,"template":"","format":"standard","meta":{"_monsterinsights_skip_tracking":false,"_monsterinsights_sitenote_active":false,"_monsterinsights_sitenote_note":"","_monsterinsights_sitenote_category":0,"footnotes":""},"categories":[4],"tags":[7362,468,4638],"class_list":["post-17311","post","type-post","status-publish","format-standard","has-post-thumbnail","hentry","category-politica","tag-ley-de-reiterancia","tag-senado","tag-unanimidad"],"_links":{"self":[{"href":"https:\/\/www.visionweb.com.ar\/index.php?rest_route=\/wp\/v2\/posts\/17311","targetHints":{"allow":["GET"]}}],"collection":[{"href":"https:\/\/www.visionweb.com.ar\/index.php?rest_route=\/wp\/v2\/posts"}],"about":[{"href":"https:\/\/www.visionweb.com.ar\/index.php?rest_route=\/wp\/v2\/types\/post"}],"author":[{"embeddable":true,"href":"https:\/\/www.visionweb.com.ar\/index.php?rest_route=\/wp\/v2\/users\/4"}],"replies":[{"embeddable":true,"href":"https:\/\/www.visionweb.com.ar\/index.php?rest_route=%2Fwp%2Fv2%2Fcomments&post=17311"}],"version-history":[{"count":1,"href":"https:\/\/www.visionweb.com.ar\/index.php?rest_route=\/wp\/v2\/posts\/17311\/revisions"}],"predecessor-version":[{"id":17312,"href":"https:\/\/www.visionweb.com.ar\/index.php?rest_route=\/wp\/v2\/posts\/17311\/revisions\/17312"}],"wp:featuredmedia":[{"embeddable":true,"href":"https:\/\/www.visionweb.com.ar\/index.php?rest_route=\/wp\/v2\/media\/8238"}],"wp:attachment":[{"href":"https:\/\/www.visionweb.com.ar\/index.php?rest_route=%2Fwp%2Fv2%2Fmedia&parent=17311"}],"wp:term":[{"taxonomy":"category","embeddable":true,"href":"https:\/\/www.visionweb.com.ar\/index.php?rest_route=%2Fwp%2Fv2%2Fcategories&post=17311"},{"taxonomy":"post_tag","embeddable":true,"href":"https:\/\/www.visionweb.com.ar\/index.php?rest_route=%2Fwp%2Fv2%2Ftags&post=17311"}],"curies":[{"name":"wp","href":"https:\/\/api.w.org\/{rel}","templated":true}]}}