{"id":17309,"date":"2025-02-21T13:24:58","date_gmt":"2025-02-21T16:24:58","guid":{"rendered":"https:\/\/www.visionweb.com.ar\/?p=17309"},"modified":"2025-02-21T13:24:58","modified_gmt":"2025-02-21T16:24:58","slug":"ctera-llamo-al-paro-nacional-docente-para-el-lunes","status":"publish","type":"post","link":"https:\/\/www.visionweb.com.ar\/?p=17309","title":{"rendered":"CTERA llam\u00f3 al paro nacional docente para el lunes"},"content":{"rendered":"<p><em><strong>El paro ser\u00e1 el 24 de febrero, lo cual complicar\u00e1 el inicio de las clases en\u00a011 provincias. Caba tiene garantizado el inicio de clases. Habr\u00eda otro paro el 5 de marzo. El reclamo de la convocatoria es a la paritaria nacional docente, entre varios temas m\u00e1s.<\/strong><\/em><!--more--><\/p>\n<p><img loading=\"lazy\" decoding=\"async\" class=\"size-full wp-image-1453 alignright\" src=\"https:\/\/www.visionweb.com.ar\/wp-content\/uploads\/2021\/04\/aula-vacia-telam.bmp\" alt=\"\" width=\"632\" height=\"299\" \/>\u00a0\u00a0 <strong>L<\/strong>a<strong> Confederaci\u00f3n de Trabajadores de la Educaci\u00f3n de la Rep\u00fablica Argentina (<\/strong><strong><a href=\"https:\/\/x.com\/cteracta\">CTERA<\/a><\/strong><strong>) convoc\u00f3 a un paro, a nivel nacional, para el 24 de febrero<\/strong>, la fecha en la que est\u00e1 previsto el inicio del ciclo lectivo 2025 en la Ciudad de Buenos Aires, ante la falta de convocatoria para la paritaria nacional docente.<\/p>\n<p>Las protestas afectar\u00e1n<strong>\u00a0<\/strong>el lunes que viene a\u00a0<strong>C\u00f3rdoba, Santa Fe, Corrientes, Entre R\u00edos, Formosa, Jujuy, Mendoza, Salta, San Juan, San Luis y Santa Cruz,\u00a0<\/strong>mientras que en la<strong>\u00a0Ciudad de Buenos Aires\u00a0<\/strong>hubo acuerdo salarial y la normalidad del inicio del ciclo lectivo est\u00e1\u00a0<strong>garantizada.\u00a0<\/strong><\/p>\n<p>El paro del\u00a0<strong>5 de marzo\u00a0<\/strong>complicar\u00e1 el comienzo de las clases en la\u00a0<strong>provincia de Buenos Aires; Catamarca, La Rioja, Misiones, R\u00edo Negro, Santiago del Estero, Tierra del Fuego\u00a0<\/strong>y<strong>\u00a0Tucum\u00e1n.<\/strong><\/p>\n<p>Dentro de las mociones aprobadas figuran, adem\u00e1s del paro del 24, \u201canalizar una Jornada Nacional de Protesta que incluya diversas acciones: concentraciones, radios abiertas, volanteadas, acciones de visualizaci\u00f3n\u201d.<\/p>\n<p><strong>Los reclamos de CTERA<\/strong><\/p>\n<ul>\n<li>Ley de Financiamiento Educativo<\/li>\n<li>Restituci\u00f3n y actualizaci\u00f3n del FONID y Conectividad<\/li>\n<li>Piso Salarial acorde al contexto actual para que ning\u00fan\/a Docente del pa\u00eds est\u00e9 por abajo del mismo<\/li>\n<li>Mayor Presupuesto Educativo Nacional para garantizar Escuelas en condiciones dignas para ense\u00f1ar y aprender en todo el pa\u00eds<\/li>\n<li>Aumento de las Becas Progresar<\/li>\n<li>Aumento de partidas para refuerzo nutricional de almuerzo y copa de leche. <strong>(VW)<\/strong><\/li>\n<\/ul>\n","protected":false},"excerpt":{"rendered":"<p>El paro ser\u00e1 el 24 de febrero, lo cual complicar\u00e1 el inicio de las clases en\u00a011 provincias. Caba tiene garantizado el inicio de clases. Habr\u00eda otro paro el 5 de marzo. El reclamo de&#46;&#46;&#46;<\/p>\n","protected":false},"author":4,"featured_media":1453,"comment_status":"closed","ping_status":"closed","sticky":false,"template":"","format":"standard","meta":{"_monsterinsights_skip_tracking":false,"_monsterinsights_sitenote_active":false,"_monsterinsights_sitenote_note":"","_monsterinsights_sitenote_category":0,"footnotes":""},"categories":[7,4],"tags":[2871,5698,252],"class_list":["post-17309","post","type-post","status-publish","format-standard","has-post-thumbnail","hentry","category-educacion-y-cultura","category-politica","tag-ctera","tag-inicio-de-clases","tag-paro"],"_links":{"self":[{"href":"https:\/\/www.visionweb.com.ar\/index.php?rest_route=\/wp\/v2\/posts\/17309","targetHints":{"allow":["GET"]}}],"collection":[{"href":"https:\/\/www.visionweb.com.ar\/index.php?rest_route=\/wp\/v2\/posts"}],"about":[{"href":"https:\/\/www.visionweb.com.ar\/index.php?rest_route=\/wp\/v2\/types\/post"}],"author":[{"embeddable":true,"href":"https:\/\/www.visionweb.com.ar\/index.php?rest_route=\/wp\/v2\/users\/4"}],"replies":[{"embeddable":true,"href":"https:\/\/www.visionweb.com.ar\/index.php?rest_route=%2Fwp%2Fv2%2Fcomments&post=17309"}],"version-history":[{"count":1,"href":"https:\/\/www.visionweb.com.ar\/index.php?rest_route=\/wp\/v2\/posts\/17309\/revisions"}],"predecessor-version":[{"id":17310,"href":"https:\/\/www.visionweb.com.ar\/index.php?rest_route=\/wp\/v2\/posts\/17309\/revisions\/17310"}],"wp:featuredmedia":[{"embeddable":true,"href":"https:\/\/www.visionweb.com.ar\/index.php?rest_route=\/wp\/v2\/media\/1453"}],"wp:attachment":[{"href":"https:\/\/www.visionweb.com.ar\/index.php?rest_route=%2Fwp%2Fv2%2Fmedia&parent=17309"}],"wp:term":[{"taxonomy":"category","embeddable":true,"href":"https:\/\/www.visionweb.com.ar\/index.php?rest_route=%2Fwp%2Fv2%2Fcategories&post=17309"},{"taxonomy":"post_tag","embeddable":true,"href":"https:\/\/www.visionweb.com.ar\/index.php?rest_route=%2Fwp%2Fv2%2Ftags&post=17309"}],"curies":[{"name":"wp","href":"https:\/\/api.w.org\/{rel}","templated":true}]}}