{"id":17307,"date":"2025-02-21T12:55:46","date_gmt":"2025-02-21T15:55:46","guid":{"rendered":"https:\/\/www.visionweb.com.ar\/?p=17307"},"modified":"2025-02-21T12:55:46","modified_gmt":"2025-02-21T15:55:46","slug":"aumento-el-boleto-del-colectivo-por-ahora-solo-en-caba-el-minimo-es-de-40824","status":"publish","type":"post","link":"https:\/\/www.visionweb.com.ar\/?p=17307","title":{"rendered":"Aument\u00f3 el boleto del colectivo: Por ahora solo en CABA, el m\u00ednimo es de $408,24"},"content":{"rendered":"<p><em><strong>Desde hoy, el boleto del colectivo en la Ciudad de Buenos Aires pas\u00f3 de\u00a0$371 a $408,24. En la provincia de Buenos Aires aumentar\u00e1 un 10%\u00a0a partir de marzo, con igual esquema que Caba.<\/strong><\/em><!--more--><\/p>\n<p><strong>\u00a0 <img loading=\"lazy\" decoding=\"async\" class=\"size-medium wp-image-9791 alignright\" src=\"https:\/\/www.visionweb.com.ar\/wp-content\/uploads\/2023\/03\/colectivos-sube-300x274.jpg\" alt=\"\" width=\"300\" height=\"274\" srcset=\"https:\/\/www.visionweb.com.ar\/wp-content\/uploads\/2023\/03\/colectivos-sube-300x274.jpg 300w, https:\/\/www.visionweb.com.ar\/wp-content\/uploads\/2023\/03\/colectivos-sube.bmp 473w\" sizes=\"auto, (max-width: 300px) 100vw, 300px\" \/>\u00a0\u00a0 E<\/strong>l <strong>Gobierno porte\u00f1o inform\u00f3 la aplicaci\u00f3n de un\u00a0incremento del 10% de la tarifa de colectivos, y luego habr\u00e1 aumentos durante lo que resta del a\u00f1o del\u00a02% mensual, m\u00e1s el \u00edndice de precios al consumidor (IPC)<\/strong>, inflaci\u00f3n.<\/p>\n<p><strong>En esa l\u00ednea, el\u00a0boleto\u00a0de\u00a0colectivos\u00a0en la Ciudad de Buenos Aires\u00a0aument\u00f3\u00a0este viernes 21 de febrero<\/strong>\u00a0y la medida se estableci\u00f3 solo para las\u00a0unidades que <strong>operan en Capital Federal<\/strong>.<\/p>\n<p>De este modo, desde este viernes el boleto m\u00ednimo pas\u00f3 de\u00a0<strong>$371 a $408,24<\/strong>\u00a0y el m\u00e1s caro ya se encuentra en los\u00a0<strong>$524,89.<\/strong><\/p>\n<p>La cartera de Transporte explic\u00f3 que este aumento es solo para las\u00a0<strong>31 l\u00edneas que circulan en la Ciudad.<\/strong><\/p>\n<p>Se trata de las l\u00edneas de colectivo\u00a0<strong>4, 6, 7, 12, 23, 25, 26, 34, 39, 42, 44, 47, 50, 61, 62, 64, 65, 68, 76, 84, 90, 99, 102, 106, 107, 108, 109, 115, 118, 132 y 151.<\/strong><\/p>\n<p><strong>El aumento en la Provincia<\/strong><\/p>\n<p>Mientras tanto, <strong>el gobierno de la provincia de Buenos Aires confirm\u00f3 que\u00a0a partir de marzo aumentar\u00e1 un 10% el boleto de colectivo en las l\u00edneas que circulan exclusivamente dentro de su territorio.<\/strong><\/p>\n<p>El incremento\u00a0afectar\u00e1 a las l\u00edneas provinciales y municipales, identificadas con numeraci\u00f3n a partir del 200.<\/p>\n<p>Con esta suba, ser\u00e1 igual que en Caba: el pasaje m\u00ednimo pasar\u00e1 de<strong>\u00a0$371,13 a $408,24.\u00a0<\/strong>Y, a partir de abril, el esquema tarifario se actualizar\u00e1 mensualmente seg\u00fan la inflaci\u00f3n, con un adicional del 2% sobre la tarifa anterior. <strong>(VW)<\/strong><\/p>\n","protected":false},"excerpt":{"rendered":"<p>Desde hoy, el boleto del colectivo en la Ciudad de Buenos Aires pas\u00f3 de\u00a0$371 a $408,24. En la provincia de Buenos Aires aumentar\u00e1 un 10%\u00a0a partir de marzo, con igual esquema que Caba.<\/p>\n","protected":false},"author":4,"featured_media":9791,"comment_status":"closed","ping_status":"closed","sticky":false,"template":"","format":"standard","meta":{"_monsterinsights_skip_tracking":false,"_monsterinsights_sitenote_active":false,"_monsterinsights_sitenote_note":"","_monsterinsights_sitenote_category":0,"footnotes":""},"categories":[6,8],"tags":[7359,330,7361,7360],"class_list":["post-17307","post","type-post","status-publish","format-standard","has-post-thumbnail","hentry","category-economia","category-interes-general","tag-aumento-boleto-colectivo","tag-caba","tag-esquema-aumento","tag-provincia-en-marzo"],"_links":{"self":[{"href":"https:\/\/www.visionweb.com.ar\/index.php?rest_route=\/wp\/v2\/posts\/17307","targetHints":{"allow":["GET"]}}],"collection":[{"href":"https:\/\/www.visionweb.com.ar\/index.php?rest_route=\/wp\/v2\/posts"}],"about":[{"href":"https:\/\/www.visionweb.com.ar\/index.php?rest_route=\/wp\/v2\/types\/post"}],"author":[{"embeddable":true,"href":"https:\/\/www.visionweb.com.ar\/index.php?rest_route=\/wp\/v2\/users\/4"}],"replies":[{"embeddable":true,"href":"https:\/\/www.visionweb.com.ar\/index.php?rest_route=%2Fwp%2Fv2%2Fcomments&post=17307"}],"version-history":[{"count":1,"href":"https:\/\/www.visionweb.com.ar\/index.php?rest_route=\/wp\/v2\/posts\/17307\/revisions"}],"predecessor-version":[{"id":17308,"href":"https:\/\/www.visionweb.com.ar\/index.php?rest_route=\/wp\/v2\/posts\/17307\/revisions\/17308"}],"wp:featuredmedia":[{"embeddable":true,"href":"https:\/\/www.visionweb.com.ar\/index.php?rest_route=\/wp\/v2\/media\/9791"}],"wp:attachment":[{"href":"https:\/\/www.visionweb.com.ar\/index.php?rest_route=%2Fwp%2Fv2%2Fmedia&parent=17307"}],"wp:term":[{"taxonomy":"category","embeddable":true,"href":"https:\/\/www.visionweb.com.ar\/index.php?rest_route=%2Fwp%2Fv2%2Fcategories&post=17307"},{"taxonomy":"post_tag","embeddable":true,"href":"https:\/\/www.visionweb.com.ar\/index.php?rest_route=%2Fwp%2Fv2%2Ftags&post=17307"}],"curies":[{"name":"wp","href":"https:\/\/api.w.org\/{rel}","templated":true}]}}