{"id":17305,"date":"2025-02-21T12:40:29","date_gmt":"2025-02-21T15:40:29","guid":{"rendered":"https:\/\/www.visionweb.com.ar\/?p=17305"},"modified":"2025-02-21T12:40:29","modified_gmt":"2025-02-21T15:40:29","slug":"union-por-la-patria-formalizo-el-pedido-de-juicio-politico-a-milei","status":"publish","type":"post","link":"https:\/\/www.visionweb.com.ar\/?p=17305","title":{"rendered":"\u201cUni\u00f3n por la Patria\u201d formaliz\u00f3 el pedido de juicio pol\u00edtico a Milei"},"content":{"rendered":"<p><em><strong>Diputados nacionales de ese espacio increparon:\u00a0\u201cSin el apoyo inicial de Milei, $LIBRA jam\u00e1s habr\u00eda alcanzado la popularidad necesaria para consolidar posteriormente la estafa\u00bb.<\/strong><\/em><!--more--><\/p>\n<p><strong>\u00a0\u00a0 <img loading=\"lazy\" decoding=\"async\" class=\"size-medium wp-image-12685 alignright\" src=\"https:\/\/www.visionweb.com.ar\/wp-content\/uploads\/2023\/11\/Congreso-nacional-300x242.png\" alt=\"\" width=\"300\" height=\"242\" srcset=\"https:\/\/www.visionweb.com.ar\/wp-content\/uploads\/2023\/11\/Congreso-nacional-300x242.png 300w, https:\/\/www.visionweb.com.ar\/wp-content\/uploads\/2023\/11\/Congreso-nacional.png 532w\" sizes=\"auto, (max-width: 300px) 100vw, 300px\" \/>\u00a0\u00a0\u00a0\u00a0\u00a0 E<\/strong>l<strong> bloque de diputados nacionales de\u00a0\u201cUni\u00f3n por la Patria\u201d\u00a0formaliz\u00f3 el pedido de juicio pol\u00edtico contra el presidente Javier Milei,\u00a0<\/strong>por su participaci\u00f3n en el lanzamiento de la criptomoneda\u00a0$Libra.<\/p>\n<p>La acci\u00f3n impulsada ayer, por la bancada presidida por\u00a0Germ\u00e1n Mart\u00ednez, amparada en tres art\u00edculos de la Constituci\u00f3n Nacional, gira en torno a los\u00a0<strong>\u201cgraves hechos que configuran causales de responsabilidad pol\u00edtica por\u00a0mal desempe\u00f1o y\/o eventuales delitos en el ejercicio de sus funciones\u201d<\/strong>.<\/p>\n<p>Entre los\u00a0<strong>cargos formulados en el pedido de juicio pol\u00edtico<\/strong>,\u00a0se encuentran:\u00a0mal desempe\u00f1o,<strong> violaci\u00f3n de la Constituci\u00f3n Nacional y de la ley de \u00c9tica P\u00fablica, delitos penales como estafa, fraude a la administraci\u00f3n p\u00fablica, abuso de autoridad, negociaciones incompatibles con la funci\u00f3n p\u00fablica y manipulaci\u00f3n fraudulenta del mercado de activos financieros<\/strong>.<\/p>\n<p>Los diputados advierten adem\u00e1s que la envergadura de los delitos presuntamente cometidos por <strong>Milei y su entorno<\/strong> tienen como consecuencia una\u00a0\u201c<strong>desacreditaci\u00f3n del Estado Argentino a nivel nacional e internacional<\/strong>\u201d y \u201cun impacto econ\u00f3mico y patrimonial negativo\u201d.<\/p>\n<p>En sus fundamentos, el proyecto sostiene que\u00a0<strong>\u201cla ciudadan\u00eda argentina merece respuestas claras y acciones concretas para evitar que\u00a0funcionarios p\u00fablicos utilicen su investidura para favorecer intereses privados en perjuicio del inter\u00e9s general.\u201d<\/strong><\/p>\n<p>Adem\u00e1s, la presentaci\u00f3n determina que \u201ccualquier conducta que desv\u00ede el ejercicio de sus funciones hacia fines ajenos a la gesti\u00f3n p\u00fablica constituye un <strong>quebrantamiento de los deberes inherentes a su cargo <\/strong>y, en consecuencia, un <strong>fundamento v\u00e1lido para su enjuiciamiento pol\u00edtico<\/strong>\u201d.<\/p>\n<p><strong>\u201cEl Presidente Javier Milei jug\u00f3 un rol central en la legitimaci\u00f3n p\u00fablica de $LIBRA. A trav\u00e9s de sus redes sociales, promovi\u00f3 la inversi\u00f3n en esta criptomoneda, generando confianza en el proyecto y alentando a sus seguidores a invertir\u201d,<\/strong>\u00a0insistieron. Y siguieron,<strong>\u00a0\u201csin el apoyo inicial de Javier Milei, $LIBRA jam\u00e1s habr\u00eda alcanzado la popularidad necesaria para consolidar posteriormente la estafa\u00bb.<\/strong><\/p>\n<p>En otro orden, en el escrito mencionaron \u201c<strong>las vinculaciones de los creadores de la criptomoneda con el entorno presidencial y la necesidad de una investigaci\u00f3n seria que aborde las distintas implicancias que van surgiendo\u201d. (VW)<\/strong><\/p>\n","protected":false},"excerpt":{"rendered":"<p>Diputados nacionales de ese espacio increparon:\u00a0\u201cSin el apoyo inicial de Milei, $LIBRA jam\u00e1s habr\u00eda alcanzado la popularidad necesaria para consolidar posteriormente la estafa\u00bb.<\/p>\n","protected":false},"author":4,"featured_media":12685,"comment_status":"closed","ping_status":"closed","sticky":false,"template":"","format":"standard","meta":{"_monsterinsights_skip_tracking":false,"_monsterinsights_sitenote_active":false,"_monsterinsights_sitenote_note":"","_monsterinsights_sitenote_category":0,"footnotes":""},"categories":[4],"tags":[7357,7358,4708],"class_list":["post-17305","post","type-post","status-publish","format-standard","has-post-thumbnail","hentry","category-politica","tag-criptomoneda-libra","tag-juicio-politico-a-milei","tag-union-por-la-patria"],"_links":{"self":[{"href":"https:\/\/www.visionweb.com.ar\/index.php?rest_route=\/wp\/v2\/posts\/17305","targetHints":{"allow":["GET"]}}],"collection":[{"href":"https:\/\/www.visionweb.com.ar\/index.php?rest_route=\/wp\/v2\/posts"}],"about":[{"href":"https:\/\/www.visionweb.com.ar\/index.php?rest_route=\/wp\/v2\/types\/post"}],"author":[{"embeddable":true,"href":"https:\/\/www.visionweb.com.ar\/index.php?rest_route=\/wp\/v2\/users\/4"}],"replies":[{"embeddable":true,"href":"https:\/\/www.visionweb.com.ar\/index.php?rest_route=%2Fwp%2Fv2%2Fcomments&post=17305"}],"version-history":[{"count":1,"href":"https:\/\/www.visionweb.com.ar\/index.php?rest_route=\/wp\/v2\/posts\/17305\/revisions"}],"predecessor-version":[{"id":17306,"href":"https:\/\/www.visionweb.com.ar\/index.php?rest_route=\/wp\/v2\/posts\/17305\/revisions\/17306"}],"wp:featuredmedia":[{"embeddable":true,"href":"https:\/\/www.visionweb.com.ar\/index.php?rest_route=\/wp\/v2\/media\/12685"}],"wp:attachment":[{"href":"https:\/\/www.visionweb.com.ar\/index.php?rest_route=%2Fwp%2Fv2%2Fmedia&parent=17305"}],"wp:term":[{"taxonomy":"category","embeddable":true,"href":"https:\/\/www.visionweb.com.ar\/index.php?rest_route=%2Fwp%2Fv2%2Fcategories&post=17305"},{"taxonomy":"post_tag","embeddable":true,"href":"https:\/\/www.visionweb.com.ar\/index.php?rest_route=%2Fwp%2Fv2%2Ftags&post=17305"}],"curies":[{"name":"wp","href":"https:\/\/api.w.org\/{rel}","templated":true}]}}