{"id":17297,"date":"2025-02-21T11:18:21","date_gmt":"2025-02-21T14:18:21","guid":{"rendered":"https:\/\/www.visionweb.com.ar\/?p=17297"},"modified":"2025-02-21T11:18:21","modified_gmt":"2025-02-21T14:18:21","slug":"el-senado-aprobo-la-suspension-de-las-paso","status":"publish","type":"post","link":"https:\/\/www.visionweb.com.ar\/?p=17297","title":{"rendered":"El Senado aprob\u00f3 la suspensi\u00f3n de las PASO"},"content":{"rendered":"<p><em><strong>En medio del esc\u00e1ndalo por el Criptogate, la c\u00e1mara alta convirti\u00f3 en ley el proyecto, con el cual, se votar\u00e1 una sola vez en 2025 para cargos nacionales. La elecci\u00f3n general ser\u00e1 el 26 de octubre.\u00a0<\/strong><\/em><strong>\u00a0<\/strong><!--more--><\/p>\n<div id=\"attachment_17298\" style=\"width: 310px\" class=\"wp-caption alignright\"><img loading=\"lazy\" decoding=\"async\" aria-describedby=\"caption-attachment-17298\" class=\"wp-image-17298 size-medium\" src=\"https:\/\/www.visionweb.com.ar\/wp-content\/uploads\/2025\/02\/Senado-suspension-PASO-300x192.png\" alt=\"\" width=\"300\" height=\"192\" srcset=\"https:\/\/www.visionweb.com.ar\/wp-content\/uploads\/2025\/02\/Senado-suspension-PASO-300x192.png 300w, https:\/\/www.visionweb.com.ar\/wp-content\/uploads\/2025\/02\/Senado-suspension-PASO.png 557w\" sizes=\"auto, (max-width: 300px) 100vw, 300px\" \/><p id=\"caption-attachment-17298\" class=\"wp-caption-text\">Imagen de internet.<\/p><\/div>\n<p><strong data-wp-editing=\"1\">\u00a0\u00a0\u00a0\u00a0\u00a0 E<\/strong>l Senado\u00a0<strong>convirti\u00f3 anoche en ley el proyecto de suspensi\u00f3n de las PASO<\/strong>\u00a0con 43 votos afirmativos, 20 negativos y seis abstenciones, en una sesi\u00f3n marcada por el esc\u00e1ndalo por el Criptogate $LIBRA que afecta al oficialismo.<\/p>\n<p>La iniciativa fue respaldada por la totalidad del\u00a0<strong>bloque libertario, un sector del radicalismo, Las Provincias Unidas, casi todo el PRO y algunos legisladores federales\u00a0<\/strong>alineados con gobernadores afines a Milei. Tambi\u00e9n se sumaron <strong>11 senadores del interbloque kirchnerista<\/strong>, replicando el quiebre que hab\u00eda ocurrido en la votaci\u00f3n de la C\u00e1mara de Diputados.<\/p>\n<p>Desde\u00a0<strong>el bloque kirchnerista,\u00a0<\/strong>los senadores Guillermo Andrada (Catamarca), Sergio Leavy (Salta), Teresa Gonz\u00e1lez (Formosa), Carolina Mois\u00e9s (Jujuy), Sergio U\u00f1ac (San Juan), Juan Manzur (Tucum\u00e1n), Fernando Salino (San Luis) y los santiague\u00f1os Jos\u00e9 Emilio Neder, Claudia Abdala de Zamora y Gerardo Montenegro <strong>votaron a favor<\/strong>.<\/p>\n<p>Entr<strong>e los 20 votos negativos se destacaron\u00a0<\/strong>Francisco Paoltroni (Formosa) y los radicales Flavio Fama (Catamarca), Mart\u00edn Lousteau (CABA), Maximiliano Abad (Buenos Aires) y Pablo Blanco (Tierra del Fuego). Tambi\u00e9n rechazaron la medida los senadores m\u00e1s cercanos a la ex presidenta Cristina Kirchner, como Jos\u00e9 Mayans (Formosa), Anabel F. Sagasti (Mendoza), Oscar Parrilli (Neuqu\u00e9n) y Juliana Di Tullio (Buenos Aires), entre otros.<\/p>\n<p>La oposici\u00f3n dialoguista y un sector del kirchnerismo otorgaron as\u00ed una victoria al Gobierno en un momento clave, en medio de una semana compleja para la c\u00fapula del Poder Ejecutivo. <strong>(VW)<\/strong><\/p>\n","protected":false},"excerpt":{"rendered":"<p>En medio del esc\u00e1ndalo por el Criptogate, la c\u00e1mara alta convirti\u00f3 en ley el proyecto, con el cual, se votar\u00e1 una sola vez en 2025 para cargos nacionales. La elecci\u00f3n general ser\u00e1 el 26&#46;&#46;&#46;<\/p>\n","protected":false},"author":4,"featured_media":17298,"comment_status":"closed","ping_status":"closed","sticky":false,"template":"","format":"standard","meta":{"_monsterinsights_skip_tracking":false,"_monsterinsights_sitenote_active":false,"_monsterinsights_sitenote_note":"","_monsterinsights_sitenote_category":0,"footnotes":""},"categories":[4],"tags":[7353,468,7268],"class_list":["post-17297","post","type-post","status-publish","format-standard","has-post-thumbnail","hentry","category-politica","tag-aprobo-la-suspension","tag-senado","tag-suspension-de-las-paso"],"_links":{"self":[{"href":"https:\/\/www.visionweb.com.ar\/index.php?rest_route=\/wp\/v2\/posts\/17297","targetHints":{"allow":["GET"]}}],"collection":[{"href":"https:\/\/www.visionweb.com.ar\/index.php?rest_route=\/wp\/v2\/posts"}],"about":[{"href":"https:\/\/www.visionweb.com.ar\/index.php?rest_route=\/wp\/v2\/types\/post"}],"author":[{"embeddable":true,"href":"https:\/\/www.visionweb.com.ar\/index.php?rest_route=\/wp\/v2\/users\/4"}],"replies":[{"embeddable":true,"href":"https:\/\/www.visionweb.com.ar\/index.php?rest_route=%2Fwp%2Fv2%2Fcomments&post=17297"}],"version-history":[{"count":1,"href":"https:\/\/www.visionweb.com.ar\/index.php?rest_route=\/wp\/v2\/posts\/17297\/revisions"}],"predecessor-version":[{"id":17299,"href":"https:\/\/www.visionweb.com.ar\/index.php?rest_route=\/wp\/v2\/posts\/17297\/revisions\/17299"}],"wp:featuredmedia":[{"embeddable":true,"href":"https:\/\/www.visionweb.com.ar\/index.php?rest_route=\/wp\/v2\/media\/17298"}],"wp:attachment":[{"href":"https:\/\/www.visionweb.com.ar\/index.php?rest_route=%2Fwp%2Fv2%2Fmedia&parent=17297"}],"wp:term":[{"taxonomy":"category","embeddable":true,"href":"https:\/\/www.visionweb.com.ar\/index.php?rest_route=%2Fwp%2Fv2%2Fcategories&post=17297"},{"taxonomy":"post_tag","embeddable":true,"href":"https:\/\/www.visionweb.com.ar\/index.php?rest_route=%2Fwp%2Fv2%2Ftags&post=17297"}],"curies":[{"name":"wp","href":"https:\/\/api.w.org\/{rel}","templated":true}]}}