{"id":17295,"date":"2025-02-21T10:44:33","date_gmt":"2025-02-21T13:44:33","guid":{"rendered":"https:\/\/www.visionweb.com.ar\/?p=17295"},"modified":"2025-02-21T10:44:33","modified_gmt":"2025-02-21T13:44:33","slug":"luego-de-eliminar-la-secretaria-de-vivienda-pasan-500-empleados-a-disponibilidad","status":"publish","type":"post","link":"https:\/\/www.visionweb.com.ar\/?p=17295","title":{"rendered":"Luego de eliminar la Secretar\u00eda de Vivienda, pasan 500 empleados a disponibilidad"},"content":{"rendered":"<p><strong>S<em>e transfiere a disponibilidad a la planta de la secretar\u00eda.<\/em><\/strong><em> <strong>As\u00ed lo confirm\u00f3 el ministro Sturzenegger, quien dijo que la construcci\u00f3n estatal de viviendas es una mala pol\u00edtica.<\/strong><\/em><!--more--><\/p>\n<p><strong>\u00a0 <img loading=\"lazy\" decoding=\"async\" class=\"size-medium wp-image-17022 alignright\" src=\"https:\/\/www.visionweb.com.ar\/wp-content\/uploads\/2025\/01\/CONSTRUCCION-DE-VIVIENDAS-300x183.png\" alt=\"\" width=\"300\" height=\"183\" srcset=\"https:\/\/www.visionweb.com.ar\/wp-content\/uploads\/2025\/01\/CONSTRUCCION-DE-VIVIENDAS-300x183.png 300w, https:\/\/www.visionweb.com.ar\/wp-content\/uploads\/2025\/01\/CONSTRUCCION-DE-VIVIENDAS.png 640w\" sizes=\"auto, (max-width: 300px) 100vw, 300px\" \/>\u00a0 L<\/strong>uego de que el Gobierno disolviera la <strong>Secretar\u00eda de Desarrollo Territorial, H\u00e1bitat y Vivienda<\/strong>, de la que depend\u00edan programas como el\u00a0<strong>Procrear<\/strong>\u00a0y\u00a0<strong>Casa Propia, en el marco del proceso de reestructuraci\u00f3n del Estado, ahora pas\u00f3 a disposici\u00f3n a unos 500 empleados.<\/strong><\/p>\n<p>Seg\u00fan justific\u00f3 el ministro de Desregulaci\u00f3n y Transformaci\u00f3n del Estado, <strong>Federico Sturzenegger<\/strong>, \u201cla construcci\u00f3n estatal de viviendas es una mala pol\u00edtica. Adem\u00e1s, en todo caso, es una tarea provincial o municipal\u201d.<\/p>\n<p>La resoluci\u00f3n 150\/25 publicada en el Bolet\u00edn Oficial, indica que <strong>se transfiere a disponibilidad a la planta de la secretar\u00eda<\/strong>.<\/p>\n<p>En ese sentido, junto con los contratados<strong>, la reducci\u00f3n de personal es de 500 personas,<\/strong>\u00a0inform\u00f3 el ministro. \u201cHay adem\u00e1s un n\u00famero indefinido de auditores contratados a trav\u00e9s de universidades que tambi\u00e9n se descontin\u00faan\u201d, agreg\u00f3.<\/p>\n<p>Cabe recordar, que hace unos d\u00edas, a trav\u00e9s del\u00a0<a href=\"https:\/\/www.boletinoficial.gov.ar\/detalleAviso\/primera\/320901\/20250211\">Decreto 70\/2025<\/a>, el Gobierno de Javier Milei oficializ\u00f3 la disoluci\u00f3n de la Secretar\u00eda de Desarrollo Territorial, H\u00e1bitat y Vivienda como parte del plan \u201c<strong>Motosierra 2.0<\/strong>\u201d, y traslad\u00f3 algunas de <strong>sus funciones a la Secretar\u00eda de Obras P\u00fablicas<\/strong>. (ver nota: <a href=\"https:\/\/www.visionweb.com.ar\/?p=17217\">https:\/\/www.visionweb.com.ar\/?p=17217<\/a>).<\/p>\n<p>En ese sentido, especialistas, del Colegio de Arquitectos de la Provincia y facultades de Arquitectura y Planeamiento de todo el pa\u00eds, advierten sobre el impacto de estos recortes en la crisis habitacional, en un contexto donde\u00a0<strong>6,6 millones de hogares viven en condiciones de hacinamiento<\/strong>\u00a0y el acceso al <strong>cr\u00e9dito hipotecario sigue siendo limitado<\/strong>.<\/p>\n<p>\u201cComputar el ahorro para el contribuyente es f\u00e1cil. Sin considerar lo de universidades, a un sueldo promedio de 1 mill\u00f3n de pesos por empleado son 6.500 millones de pesos por a\u00f1o de impuestos que ya no habr\u00e1 que cobrar. (El valor presente de este gasto son 130.000 millones)\u201d, cerr\u00f3 Sturzenegger al hablar de la racionalizaci\u00f3n del gasto p\u00fablico. <strong>(VW)<\/strong><\/p>\n","protected":false},"excerpt":{"rendered":"<p>Se transfiere a disponibilidad a la planta de la secretar\u00eda. As\u00ed lo confirm\u00f3 el ministro Sturzenegger, quien dijo que la construcci\u00f3n estatal de viviendas es una mala pol\u00edtica.<\/p>\n","protected":false},"author":4,"featured_media":17022,"comment_status":"closed","ping_status":"closed","sticky":false,"template":"","format":"standard","meta":{"_monsterinsights_skip_tracking":false,"_monsterinsights_sitenote_active":false,"_monsterinsights_sitenote_note":"","_monsterinsights_sitenote_category":0,"footnotes":""},"categories":[4,5],"tags":[7292,7352,6505],"class_list":["post-17295","post","type-post","status-publish","format-standard","has-post-thumbnail","hentry","category-politica","category-sociedad","tag-disolucion-secretaria-de-vivienda","tag-empleados-a-disponibilidad","tag-sturzenegger"],"_links":{"self":[{"href":"https:\/\/www.visionweb.com.ar\/index.php?rest_route=\/wp\/v2\/posts\/17295","targetHints":{"allow":["GET"]}}],"collection":[{"href":"https:\/\/www.visionweb.com.ar\/index.php?rest_route=\/wp\/v2\/posts"}],"about":[{"href":"https:\/\/www.visionweb.com.ar\/index.php?rest_route=\/wp\/v2\/types\/post"}],"author":[{"embeddable":true,"href":"https:\/\/www.visionweb.com.ar\/index.php?rest_route=\/wp\/v2\/users\/4"}],"replies":[{"embeddable":true,"href":"https:\/\/www.visionweb.com.ar\/index.php?rest_route=%2Fwp%2Fv2%2Fcomments&post=17295"}],"version-history":[{"count":1,"href":"https:\/\/www.visionweb.com.ar\/index.php?rest_route=\/wp\/v2\/posts\/17295\/revisions"}],"predecessor-version":[{"id":17296,"href":"https:\/\/www.visionweb.com.ar\/index.php?rest_route=\/wp\/v2\/posts\/17295\/revisions\/17296"}],"wp:featuredmedia":[{"embeddable":true,"href":"https:\/\/www.visionweb.com.ar\/index.php?rest_route=\/wp\/v2\/media\/17022"}],"wp:attachment":[{"href":"https:\/\/www.visionweb.com.ar\/index.php?rest_route=%2Fwp%2Fv2%2Fmedia&parent=17295"}],"wp:term":[{"taxonomy":"category","embeddable":true,"href":"https:\/\/www.visionweb.com.ar\/index.php?rest_route=%2Fwp%2Fv2%2Fcategories&post=17295"},{"taxonomy":"post_tag","embeddable":true,"href":"https:\/\/www.visionweb.com.ar\/index.php?rest_route=%2Fwp%2Fv2%2Ftags&post=17295"}],"curies":[{"name":"wp","href":"https:\/\/api.w.org\/{rel}","templated":true}]}}