{"id":17290,"date":"2025-02-20T09:32:13","date_gmt":"2025-02-20T12:32:13","guid":{"rendered":"https:\/\/www.visionweb.com.ar\/?p=17290"},"modified":"2025-02-20T09:32:13","modified_gmt":"2025-02-20T12:32:13","slug":"aprobaron-en-forma-express-el-proyecto-para-demoler-el-luna-park","status":"publish","type":"post","link":"https:\/\/www.visionweb.com.ar\/?p=17290","title":{"rendered":"Aprobaron en forma express el proyecto para demoler el Luna Park"},"content":{"rendered":"<p><em><strong>La Comisi\u00f3n Nacional de Monumentos aprob\u00f3 el proyecto que busca demoler el hist\u00f3rico estadio para ampliar su capacidad en un 53% y sumarle un estacionamiento.<\/strong><\/em><!--more--><\/p>\n<p><img loading=\"lazy\" decoding=\"async\" class=\"size-medium wp-image-17291 alignright\" src=\"https:\/\/www.visionweb.com.ar\/wp-content\/uploads\/2025\/02\/luna-park-300x194.png\" alt=\"\" width=\"300\" height=\"194\" srcset=\"https:\/\/www.visionweb.com.ar\/wp-content\/uploads\/2025\/02\/luna-park-300x194.png 300w, https:\/\/www.visionweb.com.ar\/wp-content\/uploads\/2025\/02\/luna-park.png 560w\" sizes=\"auto, (max-width: 300px) 100vw, 300px\" \/>\u00a0\u00a0 <strong>L<\/strong>a<strong> Comisi\u00f3n Nacional de Monumentos aprob\u00f3 <\/strong>sin modificaciones y en tiempo r\u00e9cord el<strong> proyecto de demolici\u00f3n del emblem\u00e1tico estadio Luna Park,<\/strong> declarado Monumento Hist\u00f3rico Nacional en 2007. La iniciativa,<strong> impulsada por el Arzobispado de Buenos Aires y el empresario Diego Finkelstein, busca ampliar su capacidad en un 53%.<\/strong><\/p>\n<p>La resoluci\u00f3n, firmada el 6 de enero, gener\u00f3 un fuerte revuelo debido a que el estadio, declarado\u00a0<strong>Monumento Hist\u00f3rico Nacional\u00a0<\/strong>en 2007 y ubicado en un \u00c1rea de Protecci\u00f3n Hist\u00f3rica, tiene\u00a0<strong>prohibida su demolici\u00f3n,<\/strong>\u00a0as\u00ed como cualquier modificaci\u00f3n en su volumen original. Sin embargo,\u00a0<strong>el proyecto prev\u00e9 la ampliaci\u00f3n de su capacidad en un 53%, pasando de 8.400 a 13.000 espectadores.<\/strong><\/p>\n<p>El plan arquitect\u00f3nico es promovido por\u00a0<strong>DF Entertainment,<\/strong>\u00a0empresa de Finkelstein, que tiene la concesi\u00f3n del estadio por 40 a\u00f1os. Como parte del acuerdo, el empresario se comprometi\u00f3 a\u00a0<strong>pagar un mill\u00f3n de d\u00f3lares al Arzobispado\u00a0<\/strong>al asumir la gesti\u00f3n, adem\u00e1s de un canon anual del mismo monto.<\/p>\n<p>La decisi\u00f3n de la Comisi\u00f3n, que depende de la <strong>Secretar\u00eda de Cultura de la Naci\u00f3n<\/strong>, fue impulsada por su presidente, M\u00f3nica Capano, y por Juan Vacas, vocal del organismo y actual subsecretario de Paisaje Urbano de la Ciudad de Buenos Aires, quien responde pol\u00edticamente al jefe de Gobierno porte\u00f1o, Jorge Macri.<\/p>\n<p>El proceso de aprobaci\u00f3n, que tard\u00f3 solo dos meses, se dio en medio del receso vacacional, cuando tr\u00e1mites similares suelen demorar meses o incluso a\u00f1os. Ahora, <strong>la decisi\u00f3n final est\u00e1 en manos del Gobierno de la Ciudad y del papa Francisco<\/strong>, quien debe dar su visto bueno seg\u00fan el contrato de concesi\u00f3n.<\/p>\n<p>Organizaciones como la Fundaci\u00f3n Ciudad y Basta de Demoler denunciaron la iniciativa y solicitaron acceso al expediente y al acta de aprobaci\u00f3n sin obtener respuesta. Argumentan que la\u00a0<strong>modernizaci\u00f3n del estadio es posible sin violar las normas de protecci\u00f3n patrimonial ni comprometer su valor hist\u00f3rico.<\/strong><\/p>\n<p>El gobierno porte\u00f1o, que inicialmente hab\u00eda rechazado la viabilidad del proyecto, enfrenta ahora cuestionamientos debido a la participaci\u00f3n de su funcionario Juan Vacas en la votaci\u00f3n favorable dentro de la Comisi\u00f3n.<\/p>\n<p>En ese entorno, el debate sigue abierto y crecen las cr\u00edticas por la posible p\u00e9rdida de un \u00edcono cultural y deportivo argentino. <strong>(VW)<\/strong><\/p>\n","protected":false},"excerpt":{"rendered":"<p>La Comisi\u00f3n Nacional de Monumentos aprob\u00f3 el proyecto que busca demoler el hist\u00f3rico estadio para ampliar su capacidad en un 53% y sumarle un estacionamiento.<\/p>\n","protected":false},"author":4,"featured_media":17291,"comment_status":"closed","ping_status":"closed","sticky":false,"template":"","format":"standard","meta":{"_monsterinsights_skip_tracking":false,"_monsterinsights_sitenote_active":false,"_monsterinsights_sitenote_note":"","_monsterinsights_sitenote_category":0,"footnotes":""},"categories":[8,4],"tags":[7348,6120],"class_list":["post-17290","post","type-post","status-publish","format-standard","has-post-thumbnail","hentry","category-interes-general","category-politica","tag-demolicion","tag-luna-park"],"_links":{"self":[{"href":"https:\/\/www.visionweb.com.ar\/index.php?rest_route=\/wp\/v2\/posts\/17290","targetHints":{"allow":["GET"]}}],"collection":[{"href":"https:\/\/www.visionweb.com.ar\/index.php?rest_route=\/wp\/v2\/posts"}],"about":[{"href":"https:\/\/www.visionweb.com.ar\/index.php?rest_route=\/wp\/v2\/types\/post"}],"author":[{"embeddable":true,"href":"https:\/\/www.visionweb.com.ar\/index.php?rest_route=\/wp\/v2\/users\/4"}],"replies":[{"embeddable":true,"href":"https:\/\/www.visionweb.com.ar\/index.php?rest_route=%2Fwp%2Fv2%2Fcomments&post=17290"}],"version-history":[{"count":1,"href":"https:\/\/www.visionweb.com.ar\/index.php?rest_route=\/wp\/v2\/posts\/17290\/revisions"}],"predecessor-version":[{"id":17292,"href":"https:\/\/www.visionweb.com.ar\/index.php?rest_route=\/wp\/v2\/posts\/17290\/revisions\/17292"}],"wp:featuredmedia":[{"embeddable":true,"href":"https:\/\/www.visionweb.com.ar\/index.php?rest_route=\/wp\/v2\/media\/17291"}],"wp:attachment":[{"href":"https:\/\/www.visionweb.com.ar\/index.php?rest_route=%2Fwp%2Fv2%2Fmedia&parent=17290"}],"wp:term":[{"taxonomy":"category","embeddable":true,"href":"https:\/\/www.visionweb.com.ar\/index.php?rest_route=%2Fwp%2Fv2%2Fcategories&post=17290"},{"taxonomy":"post_tag","embeddable":true,"href":"https:\/\/www.visionweb.com.ar\/index.php?rest_route=%2Fwp%2Fv2%2Ftags&post=17290"}],"curies":[{"name":"wp","href":"https:\/\/api.w.org\/{rel}","templated":true}]}}