{"id":17288,"date":"2025-02-20T08:57:42","date_gmt":"2025-02-20T11:57:42","guid":{"rendered":"https:\/\/www.visionweb.com.ar\/?p=17288"},"modified":"2025-02-20T08:57:42","modified_gmt":"2025-02-20T11:57:42","slug":"avanza-la-privatizacion-del-banco-nacion","status":"publish","type":"post","link":"https:\/\/www.visionweb.com.ar\/?p=17288","title":{"rendered":"Avanza la privatizaci\u00f3n del Banco Naci\u00f3n"},"content":{"rendered":"<p><em><strong>El presidente Milei firm\u00f3 el decreto antes de viajar a Estados Unidos. El Banco Naci\u00f3n pasar\u00e1 a ser una sociedad an\u00f3nima. El Congreso hab\u00eda rechazado la propuesta del Gobierno.<\/strong><\/em><!--more--><\/p>\n<p><img loading=\"lazy\" decoding=\"async\" class=\"size-full wp-image-3378 alignright\" src=\"https:\/\/www.visionweb.com.ar\/wp-content\/uploads\/2021\/11\/banco-nacion.bmp\" alt=\"\" width=\"420\" height=\"266\" \/>\u00a0 <strong>E<\/strong>l\u00a0<strong>presidente Javier Milei<\/strong>\u00a0firm\u00f3 el decreto que transforma al\u00a0<strong>Banco Naci\u00f3n<\/strong>\u00a0en una sociedad an\u00f3nima. Lo anunci\u00f3 el\u00a0<strong>vocero presidencial, Manuel Adorni<\/strong>, en redes sociales.<\/p>\n<p>De hecho, fue una de las empresas que estaba en la<strong>\u00a0ley \u00f3mnibus\u00a0<\/strong>como \u201csujeta a\u00a0<strong>privatizaci\u00f3n<\/strong>\u201d, pero, finalmente fue excluido de ese listado por el Congreso.<\/p>\n<p>Este jueves, a trav\u00e9s del\u00a0<strong><a href=\"https:\/\/www.boletinoficial.gob.ar\/detalleAviso\/primera\/321482\/20250220\">Decreto 116\/25<\/a><\/strong>, el Banco de la Naci\u00f3n Argentina, que era un ente aut\u00e1rquico, pas\u00f3 a ser una sociedad an\u00f3nima (<strong>BNA SA<\/strong>). El presidente de la Naci\u00f3n puso la firma a la norma.<\/p>\n<p>Por ahora, esta transformaci\u00f3n no implica la venta de la entidad ya que\u00a0<strong>el 99,9% del capital social seguir\u00e1 en manos del Estado nacional a trav\u00e9s del ministerio de Econom\u00eda.<\/strong><\/p>\n<p>A trav\u00e9s de un comunicado oficial, la entidad que preside\u00a0<strong>Daniel Tillard<\/strong>\u00a0asegur\u00f3 que \u201cla transformaci\u00f3n en SA es imprescindible para que el banco contin\u00fae aumentando los\u00a0<strong>pr\u00e9stamos<\/strong>\u00a0a favor de las\u00a0<strong>pymes<\/strong>\u00a0y las familias. \u201c<strong>La instituci\u00f3n necesitar\u00e1 ampliar su fondeo, lo que podr\u00e1 hacer abriendo su capital\u201d<\/strong>, explicaron.<\/p>\n<p>Los n\u00fameros del Banco Naci\u00f3n<\/p>\n<p>Fundado en 1891, el BNA es una de las entidades bancarias m\u00e1s importantes de Argentina. Tiene alrededor de 740 sucursales distribuidas en el pa\u00eds. La nueva sociedad an\u00f3nima tendr\u00e1\u00a0<strong>activos por 48 billones de pesos, dep\u00f3sitos y otras obligaciones por $33 billones y un patrimonio neto de $15 billones<\/strong>.<\/p>\n<p>Se trata de un banco estrat\u00e9gico para el mercado de cr\u00e9ditos argentino. Actualmente,\u00a0<strong>tiene una cartera de pr\u00e9stamos de 15 billones de pesos,\u00a0<\/strong>representa el 17,5% de todo el mercado. <strong>(VW) <\/strong><\/p>\n","protected":false},"excerpt":{"rendered":"<p>El presidente Milei firm\u00f3 el decreto antes de viajar a Estados Unidos. El Banco Naci\u00f3n pasar\u00e1 a ser una sociedad an\u00f3nima. El Congreso hab\u00eda rechazado la propuesta del Gobierno.<\/p>\n","protected":false},"author":4,"featured_media":3378,"comment_status":"closed","ping_status":"closed","sticky":false,"template":"","format":"standard","meta":{"_monsterinsights_skip_tracking":false,"_monsterinsights_sitenote_active":false,"_monsterinsights_sitenote_note":"","_monsterinsights_sitenote_category":0,"footnotes":""},"categories":[6,4],"tags":[902,6638,7346,7347],"class_list":["post-17288","post","type-post","status-publish","format-standard","has-post-thumbnail","hentry","category-economia","category-politica","tag-banco-nacion","tag-decreto-milei","tag-privatizacion","tag-sociedad-anonima"],"_links":{"self":[{"href":"https:\/\/www.visionweb.com.ar\/index.php?rest_route=\/wp\/v2\/posts\/17288","targetHints":{"allow":["GET"]}}],"collection":[{"href":"https:\/\/www.visionweb.com.ar\/index.php?rest_route=\/wp\/v2\/posts"}],"about":[{"href":"https:\/\/www.visionweb.com.ar\/index.php?rest_route=\/wp\/v2\/types\/post"}],"author":[{"embeddable":true,"href":"https:\/\/www.visionweb.com.ar\/index.php?rest_route=\/wp\/v2\/users\/4"}],"replies":[{"embeddable":true,"href":"https:\/\/www.visionweb.com.ar\/index.php?rest_route=%2Fwp%2Fv2%2Fcomments&post=17288"}],"version-history":[{"count":1,"href":"https:\/\/www.visionweb.com.ar\/index.php?rest_route=\/wp\/v2\/posts\/17288\/revisions"}],"predecessor-version":[{"id":17289,"href":"https:\/\/www.visionweb.com.ar\/index.php?rest_route=\/wp\/v2\/posts\/17288\/revisions\/17289"}],"wp:featuredmedia":[{"embeddable":true,"href":"https:\/\/www.visionweb.com.ar\/index.php?rest_route=\/wp\/v2\/media\/3378"}],"wp:attachment":[{"href":"https:\/\/www.visionweb.com.ar\/index.php?rest_route=%2Fwp%2Fv2%2Fmedia&parent=17288"}],"wp:term":[{"taxonomy":"category","embeddable":true,"href":"https:\/\/www.visionweb.com.ar\/index.php?rest_route=%2Fwp%2Fv2%2Fcategories&post=17288"},{"taxonomy":"post_tag","embeddable":true,"href":"https:\/\/www.visionweb.com.ar\/index.php?rest_route=%2Fwp%2Fv2%2Ftags&post=17288"}],"curies":[{"name":"wp","href":"https:\/\/api.w.org\/{rel}","templated":true}]}}