{"id":17282,"date":"2025-02-19T19:22:54","date_gmt":"2025-02-19T22:22:54","guid":{"rendered":"https:\/\/www.visionweb.com.ar\/?p=17282"},"modified":"2025-02-19T20:29:36","modified_gmt":"2025-02-19T23:29:36","slug":"kicillof-inauguro-la-nueva-estacion-transformadora-de-mar-del-sud","status":"publish","type":"post","link":"https:\/\/www.visionweb.com.ar\/?p=17282","title":{"rendered":"Inauguraron la nueva estaci\u00f3n transformadora de Mar del Sud"},"content":{"rendered":"<p><em><strong>La infraestructura incrementar\u00e1 la potencia instalada y permitir\u00e1 abastecer a m\u00e1s de mil nuevos usuarios residenciales.<\/strong><\/em><!--more--><\/p>\n<p><img loading=\"lazy\" decoding=\"async\" class=\"size-medium wp-image-17283 alignright\" src=\"https:\/\/www.visionweb.com.ar\/wp-content\/uploads\/2025\/02\/ESTACION-TRANSFORMADORA-300x214.png\" alt=\"\" width=\"300\" height=\"214\" srcset=\"https:\/\/www.visionweb.com.ar\/wp-content\/uploads\/2025\/02\/ESTACION-TRANSFORMADORA-300x214.png 300w, https:\/\/www.visionweb.com.ar\/wp-content\/uploads\/2025\/02\/ESTACION-TRANSFORMADORA.png 640w\" sizes=\"auto, (max-width: 300px) 100vw, 300px\" \/>El gobernador de la provincia de Buenos Aires, Axel Kicillof, encabez\u00f3 este mi\u00e9rcoles la inauguraci\u00f3n formal de la nueva Estaci\u00f3n Transformadora (ET) de Mar del Sud, en el municipio de General Alvarado.<\/p>\n<p>El acto del que tambi\u00e9n particip\u00f3 el ministro de Infraestructura y Servicios P\u00fablicos, Gabriel Katopodis; el subsecretario de Energ\u00eda, Gast\u00f3n Ghioni; y el intendente local, Sebasti\u00e1n Ianantuony.<\/p>\n<p>La Estaci\u00f3n Transformadora se encuentra ubicada sobre la avenida 100, a unos 200 metros de su cruce con la avenida 27 (Ruta 11)<\/p>\n<p>En ese marco, Kicillof afirm\u00f3: \u201cEsta obra fue posible gracias a un Estado provincial comprometido con el bienestar de cada uno de los vecinos y vecinas de la localidad de Mar del Sud, pero tambi\u00e9n con el futuro de todo el distrito: con esta estaci\u00f3n transformadora rompimos el techo energ\u00e9tico que le pon\u00eda l\u00edmites al crecimiento de General Alvarado\u201d.<\/p>\n<p>La obra fue licitada en 2022, con una inversi\u00f3n de 280,8 millones de pesos y se adjudico a una empresa especializada en ingenier\u00eda electr\u00f3nica de Mar del Plata.<\/p>\n<p>Los preparativos para la realizaci\u00f3n del acto se iniciaron al rededor de las 10 de la ma\u00f1ana con el arribo de varias unidades policiales, se afect\u00f3, incluso un equipo de la brigada anti bombas y inusitado refuerzo en el control policial que se encuentra en la entrada de la villa balnearia.<\/p>\n<p>\u201cA diferencia del Gobierno nacional, que reci\u00e9n ahora comienza a hablar de desarrollo productivo y lo hace para camuflar la inmensa estafa de la criptomoneda que promocion\u00f3 el Presidente, en la provincia de Buenos Aires planificamos esta obra hace a\u00f1os, invertimos lo que hac\u00eda falta y hoy podemos inaugurarla para ampliar las oportunidades de todos los habitantes del municipio\u201d, se\u00f1al\u00f3 el Gobernador.<\/p>\n<p>La nueva infraestructura incrementar\u00e1 la potencia instalada y permitir\u00e1 abastecer a m\u00e1s de mil nuevos usuarios residenciales, dando respuesta al crecimiento demogr\u00e1fico de la regi\u00f3n y promoviendo el desarrollo del turismo y la producci\u00f3n local.<\/p>\n<p>Por su parte, Ghioni remarc\u00f3: \u201cEste tipo de obras es imposible llevarlas adelante si no es con un Estado presente invirtiendo como lo hace el de la provincia de Buenos Aires: la nueva estaci\u00f3n transformadora mejora el servicio de los usuarios, pero adem\u00e1s genera fuentes de trabajo e impulsa el turismo y el desarrollo regional\u201d.<\/p>\n<p>Los trabajos abarcaron la ejecuci\u00f3n de la ET en un predio de 1.500 metros cuadrados, la totalidad de las obras civiles y el montaje del equipamiento el\u00e9ctrico para su funcionamiento. A su vez, contempl\u00f3 la instalaci\u00f3n de un transformador de potencia y dos salidas de l\u00ednea para abastecer el consumo de industrias, comercios y usuarios particulares.<\/p>\n<p>\u00abHoy estamos resolviendo un problema hist\u00f3rico de nuestra comunidad: la respuesta no lleg\u00f3 desde el sector privado, sino que fue fruto del trabajo articulado entre la provincia de Buenos Aires y el municipio para garantizar el bienestar de toda la poblaci\u00f3n\u00bb, remarc\u00f3 Ianantuony.<\/p>\n<p>Por \u00faltimo, Kicillof subray\u00f3 que \u201ccomo lo hemos hecho durante cinco a\u00f1os, garantizar la producci\u00f3n y el trabajo de todos los y las bonaerenses, m\u00e1s all\u00e1 de d\u00f3nde vivan, sigue siendo nuestra prioridad\u201d. \u00a0\u201cNosotros estamos convencidos de que para que haya libertad, primero tiene que haber igualdad de oportunidades y, en eso, tiene un rol central el Estado que invierte y ejecuta las obras que nuestra sociedad necesita\u201d, concluy\u00f3.<\/p>\n<p>La puesta en marcha de la estaci\u00f3n transformadora de Mar del Sud, adem\u00e1s de beneficiar a la poblaci\u00f3n local refuerza la provisi\u00f3n de emerg\u00eda el\u00e9ctrica a la zona, que es administrada por la Cooperativa El\u00e9ctrica Mar del Sud y resuelve un problema de antigua data.<\/p>\n<p>Estuvieron presentes tambi\u00e9n el director de Aguas Bonaerenses (ABSA), Jorge Paredi; los diputados provinciales Gustavo Pulti y Germ\u00e1n Di Cesare; el intendente de Mar Chiquita, Walter Wischnivetzky; el secretario adjunto de la CTA Provincia de Buenos Aires, Ra\u00fal Calamante; funcionarios y funcionarias locales<strong>(VW)<\/strong><\/p>\n","protected":false},"excerpt":{"rendered":"<p>La infraestructura incrementar\u00e1 la potencia instalada y permitir\u00e1 abastecer a m\u00e1s de mil nuevos usuarios residenciales.<\/p>\n","protected":false},"author":3,"featured_media":17283,"comment_status":"closed","ping_status":"closed","sticky":false,"template":"","format":"standard","meta":{"_monsterinsights_skip_tracking":false,"_monsterinsights_sitenote_active":false,"_monsterinsights_sitenote_note":"","_monsterinsights_sitenote_category":0,"footnotes":""},"categories":[8],"tags":[1295,195,682,167],"class_list":["post-17282","post","type-post","status-publish","format-standard","has-post-thumbnail","hentry","category-interes-general","tag-electricidad","tag-energia","tag-estacion","tag-kicillof"],"_links":{"self":[{"href":"https:\/\/www.visionweb.com.ar\/index.php?rest_route=\/wp\/v2\/posts\/17282","targetHints":{"allow":["GET"]}}],"collection":[{"href":"https:\/\/www.visionweb.com.ar\/index.php?rest_route=\/wp\/v2\/posts"}],"about":[{"href":"https:\/\/www.visionweb.com.ar\/index.php?rest_route=\/wp\/v2\/types\/post"}],"author":[{"embeddable":true,"href":"https:\/\/www.visionweb.com.ar\/index.php?rest_route=\/wp\/v2\/users\/3"}],"replies":[{"embeddable":true,"href":"https:\/\/www.visionweb.com.ar\/index.php?rest_route=%2Fwp%2Fv2%2Fcomments&post=17282"}],"version-history":[{"count":4,"href":"https:\/\/www.visionweb.com.ar\/index.php?rest_route=\/wp\/v2\/posts\/17282\/revisions"}],"predecessor-version":[{"id":17287,"href":"https:\/\/www.visionweb.com.ar\/index.php?rest_route=\/wp\/v2\/posts\/17282\/revisions\/17287"}],"wp:featuredmedia":[{"embeddable":true,"href":"https:\/\/www.visionweb.com.ar\/index.php?rest_route=\/wp\/v2\/media\/17283"}],"wp:attachment":[{"href":"https:\/\/www.visionweb.com.ar\/index.php?rest_route=%2Fwp%2Fv2%2Fmedia&parent=17282"}],"wp:term":[{"taxonomy":"category","embeddable":true,"href":"https:\/\/www.visionweb.com.ar\/index.php?rest_route=%2Fwp%2Fv2%2Fcategories&post=17282"},{"taxonomy":"post_tag","embeddable":true,"href":"https:\/\/www.visionweb.com.ar\/index.php?rest_route=%2Fwp%2Fv2%2Ftags&post=17282"}],"curies":[{"name":"wp","href":"https:\/\/api.w.org\/{rel}","templated":true}]}}