{"id":17279,"date":"2025-02-19T16:38:01","date_gmt":"2025-02-19T19:38:01","guid":{"rendered":"https:\/\/www.visionweb.com.ar\/?p=17279"},"modified":"2025-02-19T16:38:01","modified_gmt":"2025-02-19T19:38:01","slug":"kicillof-abrira-las-sesiones-ordinarias-el-5-de-marzo","status":"publish","type":"post","link":"https:\/\/www.visionweb.com.ar\/?p=17279","title":{"rendered":"Kicillof abrir\u00e1 las sesiones ordinarias el 5 de marzo"},"content":{"rendered":"<p><strong><em>Hasta entonces no habr\u00e1 actos. El gobernador dar\u00e1 su discurso ante la Legislatura bonaerense, en un escenario marcado por tensiones con la oposici\u00f3n y el a\u00f1o electoral. Hay expectativa por el rechazo en diciembre pasado de los proyectos de presupuesto y ley impositiva.<\/em><\/strong><!--more--><\/p>\n<div id=\"attachment_13729\" style=\"width: 310px\" class=\"wp-caption alignright\"><img loading=\"lazy\" decoding=\"async\" aria-describedby=\"caption-attachment-13729\" class=\"wp-image-13729 size-medium\" src=\"https:\/\/www.visionweb.com.ar\/wp-content\/uploads\/2024\/02\/El-Gobernador-Kicillof-inauguro-las-sesisones-ordinarias-2023-300x200.png\" alt=\"\" width=\"300\" height=\"200\" srcset=\"https:\/\/www.visionweb.com.ar\/wp-content\/uploads\/2024\/02\/El-Gobernador-Kicillof-inauguro-las-sesisones-ordinarias-2023-300x200.png 300w, https:\/\/www.visionweb.com.ar\/wp-content\/uploads\/2024\/02\/El-Gobernador-Kicillof-inauguro-las-sesisones-ordinarias-2023.png 640w\" sizes=\"auto, (max-width: 300px) 100vw, 300px\" \/><p id=\"caption-attachment-13729\" class=\"wp-caption-text\">Foto archivo 2023 &#8211; VW<\/p><\/div>\n<p><strong>E<\/strong>l gobernador <strong>Axel Kicillof<\/strong> abrir\u00e1 el per\u00edodo de sesiones ordinarias de este a\u00f1o en la Legislatura el pr\u00f3ximo 5 de marzo, despu\u00e9s de los feriados de carnaval, y luego de que haya hecho lo propio el presidente Javier Milei en el Congreso. Este a\u00f1o, con el condimento especial del contexto electoral que marcar\u00e1 el 2025.<\/p>\n<p>As\u00ed, el pr\u00f3ximo 5 de marzo, a las 17 horas, el gobernador Axel Kicillof hablar\u00e1 ante Diputados y Senadores para dejar abierto el <strong>153\u00b0 periodo de Sesiones Ordinarias en la Legislatura bonaerense<\/strong>. Hasta ese entonces <strong>no habr\u00e1 actos<\/strong> y se espera un discurso con la mira puesta en polarizar con Javier Milei y en tono electoral.<\/p>\n<p>El llamado a la Asamblea se concret\u00f3 a trav\u00e9s de la circular 26 de presidencia de la C\u00e1mara de Senadores.<\/p>\n<p>Axel Kicillof esquiv\u00f3 abrir las sesiones el 1 de marzo, como lo har\u00e1<strong> Javier Milei en el Congreso Nacional.\u00a0<\/strong><\/p>\n<p>El gobernador Kicillof dar\u00e1 su discurso en la Legislatura en medio del fuego cruzado con varios sectores: la oposici\u00f3n legislativa, el Gobierno Nacional y La C\u00e1mpora, que no facilit\u00f3 nada luego de que el primer mandatario provincial no se pronuncie a favor de la conducci\u00f3n de Cristina Kirchner en el PJ nacional.<\/p>\n<p>As\u00ed, esta vez, la relaci\u00f3n entre Kicillof y la oposici\u00f3n se encuentra agitada, luego de que en diciembre Juntos por el Cambio y las bancadas libertarias rechazaran los proyectos claves para el Ejecutivo provincial, el gobernador llega a la apertura con un panorama m\u00e1s complejo. La <strong>negativa a aprobar el Presupuesto 2025, la Ley Fiscal Impositiva y el pedido de endeudamiento por hasta USD 1.045 millones represent\u00f3 un fuerte rev\u00e9s <\/strong>para Kicillof, quien ahora se ve privado de herramientas clave para gestionar la provincia en un a\u00f1o electoral. <strong>(VW)<\/strong><\/p>\n","protected":false},"excerpt":{"rendered":"<p>Hasta entonces no habr\u00e1 actos. El gobernador dar\u00e1 su discurso ante la Legislatura bonaerense, en un escenario marcado por tensiones con la oposici\u00f3n y el a\u00f1o electoral. Hay expectativa por el rechazo en diciembre&#46;&#46;&#46;<\/p>\n","protected":false},"author":4,"featured_media":13729,"comment_status":"closed","ping_status":"closed","sticky":false,"template":"","format":"standard","meta":{"_monsterinsights_skip_tracking":false,"_monsterinsights_sitenote_active":false,"_monsterinsights_sitenote_note":"","_monsterinsights_sitenote_category":0,"footnotes":""},"categories":[4],"tags":[5714,167,2240],"class_list":["post-17279","post","type-post","status-publish","format-standard","has-post-thumbnail","hentry","category-politica","tag-apertura-sesiones-ordinarias","tag-kicillof","tag-legislatura-bonaerense"],"_links":{"self":[{"href":"https:\/\/www.visionweb.com.ar\/index.php?rest_route=\/wp\/v2\/posts\/17279","targetHints":{"allow":["GET"]}}],"collection":[{"href":"https:\/\/www.visionweb.com.ar\/index.php?rest_route=\/wp\/v2\/posts"}],"about":[{"href":"https:\/\/www.visionweb.com.ar\/index.php?rest_route=\/wp\/v2\/types\/post"}],"author":[{"embeddable":true,"href":"https:\/\/www.visionweb.com.ar\/index.php?rest_route=\/wp\/v2\/users\/4"}],"replies":[{"embeddable":true,"href":"https:\/\/www.visionweb.com.ar\/index.php?rest_route=%2Fwp%2Fv2%2Fcomments&post=17279"}],"version-history":[{"count":1,"href":"https:\/\/www.visionweb.com.ar\/index.php?rest_route=\/wp\/v2\/posts\/17279\/revisions"}],"predecessor-version":[{"id":17280,"href":"https:\/\/www.visionweb.com.ar\/index.php?rest_route=\/wp\/v2\/posts\/17279\/revisions\/17280"}],"wp:featuredmedia":[{"embeddable":true,"href":"https:\/\/www.visionweb.com.ar\/index.php?rest_route=\/wp\/v2\/media\/13729"}],"wp:attachment":[{"href":"https:\/\/www.visionweb.com.ar\/index.php?rest_route=%2Fwp%2Fv2%2Fmedia&parent=17279"}],"wp:term":[{"taxonomy":"category","embeddable":true,"href":"https:\/\/www.visionweb.com.ar\/index.php?rest_route=%2Fwp%2Fv2%2Fcategories&post=17279"},{"taxonomy":"post_tag","embeddable":true,"href":"https:\/\/www.visionweb.com.ar\/index.php?rest_route=%2Fwp%2Fv2%2Ftags&post=17279"}],"curies":[{"name":"wp","href":"https:\/\/api.w.org\/{rel}","templated":true}]}}