{"id":17277,"date":"2025-02-19T13:44:33","date_gmt":"2025-02-19T16:44:33","guid":{"rendered":"https:\/\/www.visionweb.com.ar\/?p=17277"},"modified":"2025-02-19T13:44:33","modified_gmt":"2025-02-19T16:44:33","slug":"vuelve-el-calor-se-esperan-picos-de-35-para-los-proximos-dias","status":"publish","type":"post","link":"https:\/\/www.visionweb.com.ar\/?p=17277","title":{"rendered":"Vuelve el calor: Se esperan picos de 35\u00b0 para los pr\u00f3ximos d\u00edas"},"content":{"rendered":"<p><em><strong>El pron\u00f3stico del Servicio Meteorol\u00f3gico Nacional para esta semana indica que comienza a subir la temperatura en el AMBA, y se avecina un fin de semana sin lluvias.<\/strong><\/em><!--more--><\/p>\n<p><strong> <img loading=\"lazy\" decoding=\"async\" class=\"size-medium wp-image-9040 alignright\" src=\"https:\/\/www.visionweb.com.ar\/wp-content\/uploads\/2023\/01\/smn-ola-de-calor-300x227.jpg\" alt=\"\" width=\"300\" height=\"227\" srcset=\"https:\/\/www.visionweb.com.ar\/wp-content\/uploads\/2023\/01\/smn-ola-de-calor-300x227.jpg 300w, https:\/\/www.visionweb.com.ar\/wp-content\/uploads\/2023\/01\/smn-ola-de-calor.bmp 556w\" sizes=\"auto, (max-width: 300px) 100vw, 300px\" \/>\u00a0\u00a0 E<\/strong>ste\u00a0<strong>mi\u00e9rcoles 19 de febrero<\/strong>\u00a0lleg\u00f3 con temperaturas en ascenso, cielo parcialmente nublado, sin probabilidades de lluvia y con vientos leves del sector noreste, para la Ciudad de Buenos Aires y el conurbano bonaerense, seg\u00fan el <strong>Servicio Meteorol\u00f3gico Nacional (SMN)<\/strong>.<\/p>\n<p>Se espera una\u00a0<strong>m\u00ednima de 15\u00b0C y una m\u00e1xima de 29\u00b0C<\/strong>, con cielo algo nublado durante la tarde y la noche. El viento soplar\u00e1 del sector noreste con intensidad leve a moderada.<\/p>\n<p><strong>Pr\u00f3ximos d\u00edas:<\/strong><\/p>\n<ul>\n<li><strong>Jueves 20:<\/strong>\u00a0Aumento de temperatura con una m\u00e1xima de\u00a0<strong>32\u00b0C<\/strong>\u00a0y m\u00ednima de\u00a0<strong>21\u00b0C<\/strong>. Cielo algo nublado y sin lluvias.<\/li>\n<li><strong>Viernes 21:<\/strong>\u00a0El calor se intensifica con una m\u00e1xima de\u00a0<strong>33\u00b0C<\/strong>\u00a0y m\u00ednima de\u00a0<strong>23\u00b0C<\/strong>. Cielo parcialmente nublado.<\/li>\n<li><strong>S\u00e1bado 22 y domingo 23:<\/strong>\u00a0Fin de semana muy caluroso con m\u00e1ximas de\u00a0<strong>34\u00b0C y 35\u00b0C<\/strong>, respectivamente. Sin lluvias previstas.<\/li>\n<\/ul>\n<p><strong>Posibles lluvias el lunes 24<\/strong><\/p>\n<p>El\u00a0<strong>lunes 24<\/strong>\u00a0se espera un leve descenso de temperatura y la posibilidad de\u00a0<strong>lluvias aisladas<\/strong>. La m\u00ednima ser\u00e1 de\u00a0<strong>26\u00b0C<\/strong>\u00a0y la m\u00e1xima de\u00a0<strong>33\u00b0C<\/strong>, con cielo mayormente nublado. <strong>(VW)<\/strong><\/p>\n","protected":false},"excerpt":{"rendered":"<p>El pron\u00f3stico del Servicio Meteorol\u00f3gico Nacional para esta semana indica que comienza a subir la temperatura en el AMBA, y se avecina un fin de semana sin lluvias.<\/p>\n","protected":false},"author":4,"featured_media":9040,"comment_status":"closed","ping_status":"closed","sticky":false,"template":"","format":"standard","meta":{"_monsterinsights_skip_tracking":false,"_monsterinsights_sitenote_active":false,"_monsterinsights_sitenote_note":"","_monsterinsights_sitenote_category":0,"footnotes":""},"categories":[8],"tags":[7344,7343,1629,7345],"class_list":["post-17277","post","type-post","status-publish","format-standard","has-post-thumbnail","hentry","category-interes-general","tag-el-tiempo","tag-servicio-meteorologico","tag-smn","tag-vuelve-el-calor"],"_links":{"self":[{"href":"https:\/\/www.visionweb.com.ar\/index.php?rest_route=\/wp\/v2\/posts\/17277","targetHints":{"allow":["GET"]}}],"collection":[{"href":"https:\/\/www.visionweb.com.ar\/index.php?rest_route=\/wp\/v2\/posts"}],"about":[{"href":"https:\/\/www.visionweb.com.ar\/index.php?rest_route=\/wp\/v2\/types\/post"}],"author":[{"embeddable":true,"href":"https:\/\/www.visionweb.com.ar\/index.php?rest_route=\/wp\/v2\/users\/4"}],"replies":[{"embeddable":true,"href":"https:\/\/www.visionweb.com.ar\/index.php?rest_route=%2Fwp%2Fv2%2Fcomments&post=17277"}],"version-history":[{"count":1,"href":"https:\/\/www.visionweb.com.ar\/index.php?rest_route=\/wp\/v2\/posts\/17277\/revisions"}],"predecessor-version":[{"id":17278,"href":"https:\/\/www.visionweb.com.ar\/index.php?rest_route=\/wp\/v2\/posts\/17277\/revisions\/17278"}],"wp:featuredmedia":[{"embeddable":true,"href":"https:\/\/www.visionweb.com.ar\/index.php?rest_route=\/wp\/v2\/media\/9040"}],"wp:attachment":[{"href":"https:\/\/www.visionweb.com.ar\/index.php?rest_route=%2Fwp%2Fv2%2Fmedia&parent=17277"}],"wp:term":[{"taxonomy":"category","embeddable":true,"href":"https:\/\/www.visionweb.com.ar\/index.php?rest_route=%2Fwp%2Fv2%2Fcategories&post=17277"},{"taxonomy":"post_tag","embeddable":true,"href":"https:\/\/www.visionweb.com.ar\/index.php?rest_route=%2Fwp%2Fv2%2Ftags&post=17277"}],"curies":[{"name":"wp","href":"https:\/\/api.w.org\/{rel}","templated":true}]}}