{"id":17274,"date":"2025-02-19T12:56:08","date_gmt":"2025-02-19T15:56:08","guid":{"rendered":"https:\/\/www.visionweb.com.ar\/?p=17274"},"modified":"2025-02-19T12:56:08","modified_gmt":"2025-02-19T15:56:08","slug":"costa-atlantica-algas-en-las-playas-por-arribazones","status":"publish","type":"post","link":"https:\/\/www.visionweb.com.ar\/?p=17274","title":{"rendered":"Costa Atl\u00e1ntica: Algas en las playas por \u201carribazones\u201d"},"content":{"rendered":"<p><strong><em>Durante la semana la acumulaci\u00f3n de estos organismos en las playas, que se da por causas meteorol\u00f3gicas, caus\u00f3 la atenci\u00f3n de todos. Es importante diferenciar una arribaz\u00f3n con la llamada \u00abmarea roja\u00bb. Aunque no es peligroso para los ba\u00f1istas, se deben tomar precauciones para evitar el contacto directo con estas macroalgas\u201d, explic\u00f3 la bi\u00f3loga Guillermina Ruiz.<\/em><em>\u00a0<\/em><\/strong><!--more--><\/p>\n<div id=\"attachment_17275\" style=\"width: 310px\" class=\"wp-caption alignright\"><img loading=\"lazy\" decoding=\"async\" aria-describedby=\"caption-attachment-17275\" class=\"wp-image-17275 size-medium\" src=\"https:\/\/www.visionweb.com.ar\/wp-content\/uploads\/2025\/02\/mar-del-sud-algas-en-playa-300x135.jpg\" alt=\"\" width=\"300\" height=\"135\" srcset=\"https:\/\/www.visionweb.com.ar\/wp-content\/uploads\/2025\/02\/mar-del-sud-algas-en-playa-300x135.jpg 300w, https:\/\/www.visionweb.com.ar\/wp-content\/uploads\/2025\/02\/mar-del-sud-algas-en-playa.jpg 628w\" sizes=\"auto, (max-width: 300px) 100vw, 300px\" \/><p id=\"caption-attachment-17275\" class=\"wp-caption-text\">Playa cubierta de algas en Mar del Sud. Foto de autor Eduardo Bustos &#8211; VW<\/p><\/div>\n<p><strong>\u00a0\u00a0\u00a0\u00a0 E<\/strong>l mes de febrero trajo a la costa bonaerense un fen\u00f3meno en las playas, por la<strong> proliferaci\u00f3n y arribaz\u00f3n de algas rojas,\u00a0<\/strong>que se extendieron como verdaderas alfombras sobre la arena en <strong>Mar del Plata, Mar del Sud, Centinela del Mar y Necochea<\/strong> principalmente.<\/p>\n<p>Las \u201carribazones\u201d pueden definirse como la afluencia y acumulaci\u00f3n de organismos, materiales o basura flotante en una regi\u00f3n, generalmente en playas, ocasionadas principalmente por\u00a0<strong>factores meteorol\u00f3gicos y oceanogr\u00e1ficos.<\/strong><\/p>\n<p>De acuerdo a un informe de los investigadores <strong>del Instituto Nacional de Investigaci\u00f3n y Desarrollo Pesquero (INIDEP) y del Instituto de Investigaciones Marinas y Costeras<\/strong>, algunas de las causas que motivan la acumulaci\u00f3n de estas algas son\u00a0<strong>el intenso oleaje, las altas pleamares superiores, as\u00ed como el desarrollo de vientos predominantes del este y noreste.<\/strong><\/p>\n<p>En este caso, las condiciones meteorol\u00f3gicas generaron el desprendimiento de las macroalgas por la acci\u00f3n mec\u00e1nica de las olas, y luego, su transporte y arribo a las playas fue producto de las altas mareas. Esto evidencia que\u00a0<strong>estas algas tambi\u00e9n se encontraban presentes los d\u00edas previos en la columna de agua,<\/strong>\u00a0as\u00ed como en la zona de rompiente, ocasionando incomodidad a ba\u00f1istas y surfistas locales.<\/p>\n<p>Las algas rojas son del grupo de las Rodofitas,\u00a0<em>Anotrichium furcellatum y Callithamnion sp<\/em>. Tienen\u00a0<strong>estructura macrosc\u00f3pica, visible y palpable,<\/strong>\u00a0y cuando se produce una arribaz\u00f3n, pueden hallarse decenas de especies diversas en la biomasa acumulada.<\/p>\n<p>Seg\u00fan los investigadores,\u00a0<em>Anotrichium furcellatum<\/em>\u00a0<strong>es considerada una especie ex\u00f3tica\u00a0<\/strong>que fue detectada por primera vez en las costas de la provincia de Buenos Aires en 1997, aunque ya se encuentra establecida y fue protagonista de una arribaz\u00f3n muy importante observada en el a\u00f1o 2000.<\/p>\n<p>Cabe se\u00f1alar que\u00a0<strong>estas algas no son t\u00f3xicas para las personas.<\/strong>\u00a0No obstante, se recomienda <strong>no consumir ni utilizar sobre la piel<\/strong>, ya que, como a veces se cree, no tienen propiedades cosm\u00e9ticas.<\/p>\n<p>Si bien su presencia en la costa puede resultar llamativa,\u00a0<strong>no representa un riesgo para la salud humana<\/strong>. No obstante, cuando se acumulan en grandes cantidades y comienzan a descomponerse bajo el sol, pueden<strong>\u00a0<\/strong>desprender olores desagradables que afectan la experiencia de los visitantes en las playas.<\/p>\n<p>En ese sentido, la bi\u00f3loga del INIDEP <strong>Guillermina Ruiz<\/strong> asever\u00f3 que estas algas \u201cson de color rojo y liberan \u2018juguito\u2019 de adentro y ti\u00f1en el agua\u201d. Ruiz destac\u00f3 que es un \u201cfen\u00f3meno natural\u201d y no es peligroso y\u00a0<strong>distingui\u00f3 esta arribaz\u00f3n de la llamada marea roja,<\/strong>\u00a0que puede afectar a la fauna marina.\u00a0<strong>\u201cNo es una marea roja generada por microalgas,\u00a0<\/strong>porque estas son macroalgas, es una biomasa visible\u201d, diferenci\u00f3 la especialista a Canal 8 de Mar del Plata. <strong>(VW)<\/strong><\/p>\n","protected":false},"excerpt":{"rendered":"<p>Durante la semana la acumulaci\u00f3n de estos organismos en las playas, que se da por causas meteorol\u00f3gicas, caus\u00f3 la atenci\u00f3n de todos. Es importante diferenciar una arribaz\u00f3n con la llamada \u00abmarea roja\u00bb. Aunque no&#46;&#46;&#46;<\/p>\n","protected":false},"author":4,"featured_media":17275,"comment_status":"closed","ping_status":"closed","sticky":false,"template":"","format":"standard","meta":{"_monsterinsights_skip_tracking":false,"_monsterinsights_sitenote_active":false,"_monsterinsights_sitenote_note":"","_monsterinsights_sitenote_category":0,"footnotes":""},"categories":[8],"tags":[7342,3427,247,5582,948],"class_list":["post-17274","post","type-post","status-publish","format-standard","has-post-thumbnail","hentry","category-interes-general","tag-algas-en-playas","tag-costa-atlantica","tag-mar-del-plata","tag-mar-del-sud","tag-necochea"],"_links":{"self":[{"href":"https:\/\/www.visionweb.com.ar\/index.php?rest_route=\/wp\/v2\/posts\/17274","targetHints":{"allow":["GET"]}}],"collection":[{"href":"https:\/\/www.visionweb.com.ar\/index.php?rest_route=\/wp\/v2\/posts"}],"about":[{"href":"https:\/\/www.visionweb.com.ar\/index.php?rest_route=\/wp\/v2\/types\/post"}],"author":[{"embeddable":true,"href":"https:\/\/www.visionweb.com.ar\/index.php?rest_route=\/wp\/v2\/users\/4"}],"replies":[{"embeddable":true,"href":"https:\/\/www.visionweb.com.ar\/index.php?rest_route=%2Fwp%2Fv2%2Fcomments&post=17274"}],"version-history":[{"count":1,"href":"https:\/\/www.visionweb.com.ar\/index.php?rest_route=\/wp\/v2\/posts\/17274\/revisions"}],"predecessor-version":[{"id":17276,"href":"https:\/\/www.visionweb.com.ar\/index.php?rest_route=\/wp\/v2\/posts\/17274\/revisions\/17276"}],"wp:featuredmedia":[{"embeddable":true,"href":"https:\/\/www.visionweb.com.ar\/index.php?rest_route=\/wp\/v2\/media\/17275"}],"wp:attachment":[{"href":"https:\/\/www.visionweb.com.ar\/index.php?rest_route=%2Fwp%2Fv2%2Fmedia&parent=17274"}],"wp:term":[{"taxonomy":"category","embeddable":true,"href":"https:\/\/www.visionweb.com.ar\/index.php?rest_route=%2Fwp%2Fv2%2Fcategories&post=17274"},{"taxonomy":"post_tag","embeddable":true,"href":"https:\/\/www.visionweb.com.ar\/index.php?rest_route=%2Fwp%2Fv2%2Ftags&post=17274"}],"curies":[{"name":"wp","href":"https:\/\/api.w.org\/{rel}","templated":true}]}}