{"id":17268,"date":"2025-02-17T12:45:51","date_gmt":"2025-02-17T15:45:51","guid":{"rendered":"https:\/\/www.visionweb.com.ar\/?p=17268"},"modified":"2025-02-17T12:45:51","modified_gmt":"2025-02-17T15:45:51","slug":"revocarian-permisos-de-cultivo-de-marihuana-medicinal","status":"publish","type":"post","link":"https:\/\/www.visionweb.com.ar\/?p=17268","title":{"rendered":"Revocar\u00edan permisos de cultivo de marihuana medicinal"},"content":{"rendered":"<p><em><strong>La ministra Bullrich anticip\u00f3 que dar\u00e1n de baja las autorizaciones para el cultivo de marihuana para uso medicinal. \u00abEs ley el cannabis medicinal, lo que no es es ley es el desv\u00edo de la marihuana hacia el mercado ilegal\u201d, dijo Bullrich. Organizaciones Ongs y pacientes cann\u00e1bicos salieron al cruce y se suman a una marcha para el 27 de febrero.<\/strong><\/em><!--more--><\/p>\n<p><img loading=\"lazy\" decoding=\"async\" class=\"size-medium wp-image-12986 alignright\" src=\"https:\/\/www.visionweb.com.ar\/wp-content\/uploads\/2023\/12\/Bullrich-protocolo-300x197.png\" alt=\"\" width=\"300\" height=\"197\" srcset=\"https:\/\/www.visionweb.com.ar\/wp-content\/uploads\/2023\/12\/Bullrich-protocolo-300x197.png 300w, https:\/\/www.visionweb.com.ar\/wp-content\/uploads\/2023\/12\/Bullrich-protocolo.png 542w\" sizes=\"auto, (max-width: 300px) 100vw, 300px\" \/> <strong>L<\/strong>a ministra de Seguridad de la Naci\u00f3n, <strong>Patricia Bullrich<\/strong>, anticip\u00f3 que el Gobierno dar\u00e1 de baja las <strong>inscripciones<\/strong> al\u00a0<strong>Registro del Programa de Cannabis (Reprocann),<\/strong>\u00a0como consecuencia del \u00abdesv\u00edo de la marihuana hacia el mercado ilegal\u00bb.\u00a0<strong>\u00abVamos a dar todo de baja y vamos a empezar de cero\u00bb<\/strong>, asegur\u00f3.<\/p>\n<p>\u00abCon la marihuana hemos tenido un problema muy serio.\u00a0<strong>Algunos creen que no hace da\u00f1o, pero se convirti\u00f3 en una droga muy peligrosa<\/strong>. El THC que hay en Argentina es de 18%, pero la que est\u00e1 legalizada en Uruguay se acepta hasta un 2%\u00bb, comenz\u00f3 diciendo la funcionaria. \u00ab<strong>Es como una soja transg\u00e9nica<\/strong>, que tiene mucho m\u00e1s rendimiento\u00bb, defini\u00f3.<\/p>\n<p>\u00abEn el 2019 se vot\u00f3 una ley de cannabis medicinal, para una enfermedad. Desde el 2019, durante todo el gobierno de Alberto Fern\u00e1ndez dieron 300.000 permisos para sembrar marihuana, m\u00e1s 30.000 que pod\u00edan sembrar para vender remedios a otros\u00bb, explic\u00f3 Bullrich, y ejemplific\u00f3:\u00a0<strong>\u00abHemos encontrado un hincha de Col\u00f3n, que vino con el carnecito del Reprocann para sembrar 18 plantas, al final ten\u00eda 18.000 y lo llevamos detenido\u00bb<\/strong>.<\/p>\n<p>\u00ab<strong>Es ley el cannabis medicinal, lo que no es es ley es el desv\u00edo de la marihuana hacia el mercado ilegal<\/strong>. Ese descontrol hace que nosotros tengamos menos marihuana en la frontera y mucha m\u00e1s marihuana sembrada en cualquier lugar\u00bb, dijo.<\/p>\n<p>En agosto del 2024,\u00a0el Ministerio de Salud hab\u00eda notificado a trav\u00e9s de la\u00a0<a href=\"https:\/\/www.boletinoficial.gob.ar\/detalleAviso\/primera\/312511\/20240820\">Resoluci\u00f3n 3132\/2024<\/a>\u00a0publicada en el\u00a0<strong>Bolet\u00edn Oficial\u00a0<\/strong>una serie de cambios orientados a las <strong>asociaciones civiles y ONG que soliciten el permiso de cultivo<\/strong> y transporte de la planta con el objetivo de \u00abfortalecer los controles y la transparencia\u00bb.<\/p>\n<p>La modificaci\u00f3n m\u00e1s significativa radicaba en que los profesionales de la salud que gestionaran el tr\u00e1mite de ahora en m\u00e1s deb\u00edan <strong>contar con una Diplomatura o Maestr\u00eda sobre el uso medicinal de la planta de cannabis<\/strong>.<\/p>\n<p>Repercusiones y marcha:<\/p>\n<p>Ante el anuncio de la ministra de Seguridad,\u00a0de dar de baja<strong>\u00a0300.000 de permisos <\/strong>que autorizan al cultivo de cannabis para fines terap\u00e9uticos, <strong>organizaciones civiles y pacientes con fibromialgia, oncol\u00f3gicos, epilepsia, problemas motrices y con insomnio<\/strong> expresaron su<strong>\u00a0preocupaci\u00f3n<\/strong>\u00a0y criticaron el anuncio.<\/p>\n<p><img loading=\"lazy\" decoding=\"async\" class=\"size-full wp-image-5542 alignleft\" src=\"https:\/\/www.visionweb.com.ar\/wp-content\/uploads\/2022\/05\/cannabis-medicinal-aprobado-el-proyecto-5-3-22.bmp\" alt=\"\" width=\"576\" height=\"359\" \/>Las ONG y los usuarios se\u00f1alaron que el registro forma parte de la pol\u00edtica p\u00fablica de salud y no de seguridad. Adem\u00e1s, valoran el rol del autocultivo como forma de combate al narcotr\u00e1fico y advierten que, a partir de la baja de los permisos, se profundizar\u00eda la criminalizaci\u00f3n de los consumidores.<\/p>\n<p>\u201cEl\u00a0<strong>cannabis medicinal es un derecho<\/strong> y una herramienta de\u00a0salud p\u00fablica\u201d sostiene el club social y terap\u00e9utico<strong>\u00a0Mam\u00e1 Cultiva<\/strong>\u00a0en un comunicado, y a\u00f1ade: \u201c<strong>No es funci\u00f3n del Ministerio de Seguridad<\/strong>\u00a0<strong>definir su regulaci\u00f3n<\/strong> ni generar incertidumbre en la poblaci\u00f3n\u201d.<\/p>\n<p>\u201cFestejamos saber que ha\u00a0<strong>declinado el tr\u00e1fico de marihuana<\/strong>\u00a0en nuestro pa\u00eds, y al mismo tiempo recordamos que las regulaciones deben responder a criterios de salud p\u00fablica y derechos humanos, y no a estrategias de criminalizaci\u00f3n\u201d agrega Mam\u00e1 Cultiva en la convocatoria a la movilizaci\u00f3n.<\/p>\n<p>La cofundadora de\u00a0<strong>Cannabis Medicina<\/strong>l R\u00edo Negro y Neuqu\u00e9n,\u00a0<strong>Laura Caldentey,<\/strong>\u00a0sostuvo en di\u00e1logo con el\u00a0<em>Diario de R\u00edo Negro<\/em>: \u00abUno ya tiene permiso para poder realizar acciones que est\u00e1n tipificadas por el C\u00f3digo Penal\u00bb.<\/p>\n<p>\u00abSi se dan de baja todos los permisos, se lanzan todas estas personas a que sean perseguidas por la ley penal\u00bb, a\u00f1adi\u00f3 la asesora legal, quien opin\u00f3: \u00abEscuchar a la ministra <strong>asociar el cannabis medicinal con el narcotr\u00e1fico nos hace sentir que se est\u00e1 volviendo a criminalizar<\/strong>\u00ab.<\/p>\n<p>Caldentey calific\u00f3 como un \u00ab<strong>error conceptual<\/strong>\u00bb <strong>vincular el autocultivo con el narcotr\u00e1fico<\/strong> y que \u00abinvisibiliza la realidad de much\u00edsimas familias con condiciones de salud que dependen del cannabis medicinal para tener una mejor calidad de vida\u00bb.<\/p>\n<p>La medida, adem\u00e1s de generar una ola de rechazo entre los consumidores, sum\u00f3 nuevas adhesiones a la\u00a0<strong>Gran Marcha Nacional en Defensa de la Salud P\u00fablica y de la Vida<\/strong>\u00a0convocada para el <strong>pr\u00f3ximo 27 de febrero<\/strong>.<\/p>\n<p>De manera que, <strong>al reclamo<\/strong> por los hospitales\u00a0<strong>Garrahan y Bonaparte\u00a0<\/strong>y por el desmantelamiento de las direcciones de Control de Enfermedades Inmunoprevenibles, Vacunaci\u00f3n y Respuesta al VIH, ITS, Hepatitis Virales y Tuberculosis, <strong>se sum\u00f3 la de los usuarios del REPROCRANN<\/strong>. <strong>(VW)<\/strong><\/p>\n","protected":false},"excerpt":{"rendered":"<p>La ministra Bullrich anticip\u00f3 que dar\u00e1n de baja las autorizaciones para el cultivo de marihuana para uso medicinal. \u00abEs ley el cannabis medicinal, lo que no es es ley es el desv\u00edo de la&#46;&#46;&#46;<\/p>\n","protected":false},"author":4,"featured_media":12986,"comment_status":"closed","ping_status":"closed","sticky":false,"template":"","format":"standard","meta":{"_monsterinsights_skip_tracking":false,"_monsterinsights_sitenote_active":false,"_monsterinsights_sitenote_note":"","_monsterinsights_sitenote_category":0,"footnotes":""},"categories":[8,4],"tags":[504,2246,7337,7338,7336],"class_list":["post-17268","post","type-post","status-publish","format-standard","has-post-thumbnail","hentry","category-interes-general","category-politica","tag-bullrich","tag-cannabis-medicinal","tag-licencias-para-cultivo","tag-marcha-27-de-febrero","tag-reprocann"],"_links":{"self":[{"href":"https:\/\/www.visionweb.com.ar\/index.php?rest_route=\/wp\/v2\/posts\/17268","targetHints":{"allow":["GET"]}}],"collection":[{"href":"https:\/\/www.visionweb.com.ar\/index.php?rest_route=\/wp\/v2\/posts"}],"about":[{"href":"https:\/\/www.visionweb.com.ar\/index.php?rest_route=\/wp\/v2\/types\/post"}],"author":[{"embeddable":true,"href":"https:\/\/www.visionweb.com.ar\/index.php?rest_route=\/wp\/v2\/users\/4"}],"replies":[{"embeddable":true,"href":"https:\/\/www.visionweb.com.ar\/index.php?rest_route=%2Fwp%2Fv2%2Fcomments&post=17268"}],"version-history":[{"count":1,"href":"https:\/\/www.visionweb.com.ar\/index.php?rest_route=\/wp\/v2\/posts\/17268\/revisions"}],"predecessor-version":[{"id":17269,"href":"https:\/\/www.visionweb.com.ar\/index.php?rest_route=\/wp\/v2\/posts\/17268\/revisions\/17269"}],"wp:featuredmedia":[{"embeddable":true,"href":"https:\/\/www.visionweb.com.ar\/index.php?rest_route=\/wp\/v2\/media\/12986"}],"wp:attachment":[{"href":"https:\/\/www.visionweb.com.ar\/index.php?rest_route=%2Fwp%2Fv2%2Fmedia&parent=17268"}],"wp:term":[{"taxonomy":"category","embeddable":true,"href":"https:\/\/www.visionweb.com.ar\/index.php?rest_route=%2Fwp%2Fv2%2Fcategories&post=17268"},{"taxonomy":"post_tag","embeddable":true,"href":"https:\/\/www.visionweb.com.ar\/index.php?rest_route=%2Fwp%2Fv2%2Ftags&post=17268"}],"curies":[{"name":"wp","href":"https:\/\/api.w.org\/{rel}","templated":true}]}}