{"id":17264,"date":"2025-02-17T11:26:33","date_gmt":"2025-02-17T14:26:33","guid":{"rendered":"https:\/\/www.visionweb.com.ar\/?p=17264"},"modified":"2025-02-17T11:26:33","modified_gmt":"2025-02-17T14:26:33","slug":"grindetti-renuncia-a-la-ciudad-y-se-va-a-la-carrera-electoral-de-la-provincia","status":"publish","type":"post","link":"https:\/\/www.visionweb.com.ar\/?p=17264","title":{"rendered":"Grindetti renuncia a la Ciudad y se va a la carrera electoral de la Provincia"},"content":{"rendered":"<p><em><strong>Grindetti oficializ\u00f3 su renuncia al Gobierno de Jorge Macri. Dijo que trabajar\u00e1 en la Provincia para \u00abofrecer la alternativa de cambio que necesitan los bonaerenses\u00bb.<\/strong><\/em><!--more--><\/p>\n<div id=\"attachment_10705\" style=\"width: 310px\" class=\"wp-caption alignright\"><img loading=\"lazy\" decoding=\"async\" aria-describedby=\"caption-attachment-10705\" class=\"wp-image-10705 size-medium\" src=\"https:\/\/www.visionweb.com.ar\/wp-content\/uploads\/2023\/05\/GRINDETTI-1-300x200.jpeg\" alt=\"\" width=\"300\" height=\"200\" srcset=\"https:\/\/www.visionweb.com.ar\/wp-content\/uploads\/2023\/05\/GRINDETTI-1-300x200.jpeg 300w, https:\/\/www.visionweb.com.ar\/wp-content\/uploads\/2023\/05\/GRINDETTI-1.jpeg 640w\" sizes=\"auto, (max-width: 300px) 100vw, 300px\" \/><p id=\"caption-attachment-10705\" class=\"wp-caption-text\">N\u00e9stor Grindetti. Foto archivo 2023<\/p><\/div>\n<p><strong>\u00a0\u00a0 E<\/strong>l Jefe de Gabinete porte\u00f1o<strong> N\u00e9stor Grindetti, anunci\u00f3 hoy que abandona ese cargo \u201cpor motivos personales\u201d<\/strong>\u00a0y adelant\u00f3 que su trabajo pol\u00edtico se orientar\u00e1 \u201ca la provincia de Buenos Aires\u201d.<\/p>\n<p>El ex intendente de Lan\u00fas, N\u00e9stor Grindetti hizo p\u00fablico este lunes su alejamiento del Gobierno de Jorge Macri en la ciudad de Buenos Aires: \u201cPor motivos personales, he decidido presentar mi renuncia al Gobierno de la Ciudad\u201d, anunci\u00f3 a trav\u00e9s de un mensaje publicado en su cuenta de X.<\/p>\n<p>Adem\u00e1s, asegur\u00f3 que continuar\u00e1 \u201ctrabajando en la provincia de Buenos Aires para ofrecer la alternativa de cambio que necesitan los bonaerenses\u201d.<\/p>\n<p>La dimisi\u00f3n del\u00a0ex intendente de Lan\u00fas\u00a0y actual\u00a0presidente del club Independiente de Avellaneda\u00a0se produce en la antesala de la campa\u00f1a electoral para los comicios legislativos de este a\u00f1o.<\/p>\n<p>El dirigente, que hasta la campa\u00f1a electoral de 2023 fue muy cercano a\u00a0Patricia Bullrich,\u00a0\u00a0es uno de los integrantes del PRO que es mencionado como partidario de una <strong>alianza con La Libertad Avanza<\/strong>.<\/p>\n<p>\u201cHace poco m\u00e1s de un a\u00f1o,\u00a0Jorge Macri\u00a0me convoc\u00f3 para encabezar la Jefatura de Gabinete y ha sido un gran orgullo trabajar en cada una de las transformaciones que impulsamos para mejorarle la vida a la gente\u201d, dijo <strong>Grindetti en X<\/strong>.<\/p>\n<p>\u201cQuiero\u00a0agradecerle al jefe de Gobierno\u00a0por haber confiado en m\u00ed para acompa\u00f1arlo al inicio de su recorrido en la Ciudad, a todo el equipo que conforma el Gabinete y a cada uno de los vecinos\u201d, a\u00f1adi\u00f3.<\/p>\n<p><strong>\u201cEstos a\u00f1os que quedan de gesti\u00f3n sean exitosos para el bien de todos los porte\u00f1os. En esta etapa,\u00a0continuar\u00e9 trabajando en la provincia de Buenos Aires\u00a0para ofrecer la alternativa de cambio que necesitan los bonaerenses\u201d<\/strong>, subray\u00f3 en redes. <strong>(VW)<\/strong><\/p>\n","protected":false},"excerpt":{"rendered":"<p>Grindetti oficializ\u00f3 su renuncia al Gobierno de Jorge Macri. Dijo que trabajar\u00e1 en la Provincia para \u00abofrecer la alternativa de cambio que necesitan los bonaerenses\u00bb.<\/p>\n","protected":false},"author":4,"featured_media":10705,"comment_status":"closed","ping_status":"closed","sticky":false,"template":"","format":"standard","meta":{"_monsterinsights_skip_tracking":false,"_monsterinsights_sitenote_active":false,"_monsterinsights_sitenote_note":"","_monsterinsights_sitenote_category":0,"footnotes":""},"categories":[4],"tags":[7334,4265,356,7333],"class_list":["post-17264","post","type-post","status-publish","format-standard","has-post-thumbnail","hentry","category-politica","tag-jefe-de-gabinete-caba","tag-nestor-grindetti","tag-provincia","tag-renuncio-a-caba"],"_links":{"self":[{"href":"https:\/\/www.visionweb.com.ar\/index.php?rest_route=\/wp\/v2\/posts\/17264","targetHints":{"allow":["GET"]}}],"collection":[{"href":"https:\/\/www.visionweb.com.ar\/index.php?rest_route=\/wp\/v2\/posts"}],"about":[{"href":"https:\/\/www.visionweb.com.ar\/index.php?rest_route=\/wp\/v2\/types\/post"}],"author":[{"embeddable":true,"href":"https:\/\/www.visionweb.com.ar\/index.php?rest_route=\/wp\/v2\/users\/4"}],"replies":[{"embeddable":true,"href":"https:\/\/www.visionweb.com.ar\/index.php?rest_route=%2Fwp%2Fv2%2Fcomments&post=17264"}],"version-history":[{"count":1,"href":"https:\/\/www.visionweb.com.ar\/index.php?rest_route=\/wp\/v2\/posts\/17264\/revisions"}],"predecessor-version":[{"id":17265,"href":"https:\/\/www.visionweb.com.ar\/index.php?rest_route=\/wp\/v2\/posts\/17264\/revisions\/17265"}],"wp:featuredmedia":[{"embeddable":true,"href":"https:\/\/www.visionweb.com.ar\/index.php?rest_route=\/wp\/v2\/media\/10705"}],"wp:attachment":[{"href":"https:\/\/www.visionweb.com.ar\/index.php?rest_route=%2Fwp%2Fv2%2Fmedia&parent=17264"}],"wp:term":[{"taxonomy":"category","embeddable":true,"href":"https:\/\/www.visionweb.com.ar\/index.php?rest_route=%2Fwp%2Fv2%2Fcategories&post=17264"},{"taxonomy":"post_tag","embeddable":true,"href":"https:\/\/www.visionweb.com.ar\/index.php?rest_route=%2Fwp%2Fv2%2Ftags&post=17264"}],"curies":[{"name":"wp","href":"https:\/\/api.w.org\/{rel}","templated":true}]}}