{"id":17258,"date":"2025-02-14T13:31:04","date_gmt":"2025-02-14T16:31:04","guid":{"rendered":"https:\/\/www.visionweb.com.ar\/?p=17258"},"modified":"2025-02-14T13:31:04","modified_gmt":"2025-02-14T16:31:04","slug":"fernando-brom-asume-en-ambiente-en-reemplazo-de-la-renunciante-ana-lamas","status":"publish","type":"post","link":"https:\/\/www.visionweb.com.ar\/?p=17258","title":{"rendered":"Fernando Brom asume en Ambiente, en reemplazo de la renunciante Ana Lamas"},"content":{"rendered":"<p><strong><em>En medio de la crisis por los incendios renunci\u00f3 la subsecretaria de Ambiente.<\/em> <em>Bullrich anunci\u00f3 la creaci\u00f3n de un organismo para combatir incendios: La\u00a0Agencia Federal de Emergencias.<\/em><\/strong><!--more--><\/p>\n<p><em> <img loading=\"lazy\" decoding=\"async\" class=\"size-medium wp-image-17199 alignright\" src=\"https:\/\/www.visionweb.com.ar\/wp-content\/uploads\/2025\/02\/INCENDIOS-EN-LOS-BOSQUES-300x158.png\" alt=\"\" width=\"300\" height=\"158\" srcset=\"https:\/\/www.visionweb.com.ar\/wp-content\/uploads\/2025\/02\/INCENDIOS-EN-LOS-BOSQUES-300x158.png 300w, https:\/\/www.visionweb.com.ar\/wp-content\/uploads\/2025\/02\/INCENDIOS-EN-LOS-BOSQUES.png 640w\" sizes=\"auto, (max-width: 300px) 100vw, 300px\" \/>\u00a0\u00a0\u00a0 <\/em><strong>L<\/strong>a subsecretaria de Ambiente de la Naci\u00f3n,\u00a0<strong>Ana Lamas<\/strong>, confirm\u00f3 su renuncia luego de haberse desempe\u00f1ado como responsable de \u00e1rea de medio ambiente desde diciembre de 2023, momento en que asumi\u00f3 el presidente\u00a0<strong>Javier Milei<\/strong>.<strong>\u00a0<\/strong><\/p>\n<p><strong>En su lugar el Gobierno design\u00f3 a Fernando Jorge Brom,\u00a0<\/strong>funcionario que se desempe\u00f1aba hasta ahora dentro de la Jefatura de Gabinete, empresario vinculado con empresas alimenticias.<\/p>\n<p>Seg\u00fan explicaron desde\u00a0<strong>Casa Rosada<\/strong>, la funcionaria adjudic\u00f3 su renuncia a \u201c<strong>motivos personales<\/strong>\u201d. Sin embargo, desde el entorno de\u00a0<strong>Lamas<\/strong>\u00a0reconocieron que la funcionaria se encontrar\u00eda \u201c<strong>agotada<\/strong>\u201d por la gesti\u00f3n de los incendios\u00a0que azotan al sur y norte del pa\u00eds.<\/p>\n<p>Adem\u00e1s, a los\u00a0<strong>incendios<\/strong>\u00a0en la Patagonia y el norte del pa\u00eds, se le suma que el organismo, que se encuentra bajo la \u00f3rbita del\u00a0<strong>secretario de Ambiente, Deportes y Turismo<\/strong>,\u00a0<strong>Daniel Scioli<\/strong>, perdi\u00f3 jerarqu\u00eda y funciones a lo largo del 2024.<\/p>\n<p>Es que, en diciembre de 2024, la\u00a0<strong>subsecretar\u00eda de Ambiente<\/strong>\u00a0dej\u00f3 de intervenir en la gesti\u00f3n del\u00a0<strong>Sistema Nacional del Manejo del Fuego<\/strong>\u00a0(<strong>SMNF<\/strong>), que dispone de los recursos de emergencia para asistir a las provincias durante los\u00a0<strong>incendios<\/strong>, siendo esa responsabilidad trasferida al Ministerio de Seguridad, que dirige\u00a0<strong>Patricia Bullrich<\/strong>.<\/p>\n<p>En medio del traslado de recursos en lo que respecta al\u00a0<strong>SMNF<\/strong>, la\u00a0<strong>Argentina comenz\u00f3 atravesar a principios de enero una situaci\u00f3n cr\u00edtica con respecto a los incendios<\/strong>; de tenerse en cuenta todos los focos a lo largo y ancho del pa\u00eds, en menos de un mes y medio se consumieron casi 300 mil hect\u00e1reas.<\/p>\n<p>En detalle, en la provincia de\u00a0<strong>Rio Negro<\/strong>, en la localidad de\u00a0<strong>El Bols\u00f3n<\/strong>, ya se quemaron 3.500 hect\u00e1reas, siendo uno de las regiones m\u00e1s afectadas por las condiciones clim\u00e1ticas, fuertes vientos y temperaturas altas, que dificultaron el accionar de los brigadistas.<\/p>\n<p>En tanto, el\u00a0<strong>Parque Nacional Nahuel Huap<\/strong>i lleva m\u00e1s de 40 d\u00edas en llamas, con m\u00e1s de 10.000 hect\u00e1reas arrasadas, mientras que en\u00a0<strong>Epuy\u00e9n<\/strong>,\u00a0<strong>Chubut<\/strong>, el fuego tambi\u00e9n consumi\u00f3 m\u00e1s de 6.000 hect\u00e1reas, aunque, por el momento, las autoridades confirmaron que los<strong>\u00a0incendios\u00a0<\/strong>estar\u00edan contenidos.<\/p>\n<p>Sin embargo, uno de los casos m\u00e1s dif\u00edciles es el que afronta la provincia de\u00a0<strong>Corriente<\/strong>s. En 2025 ya se quemaron m\u00e1s de 250.000 hect\u00e1reas y la situaci\u00f3n no mejora con el pasar de los d\u00edas. En detalle, el promedio de hect\u00e1reas consumidas por d\u00eda en febrero supera las 7.000.<\/p>\n<p><strong>Bullrich anunci\u00f3 la creaci\u00f3n de un organismo para combatir incendios<\/strong><\/p>\n<p>Se trata de la<strong>\u00a0Agencia Federal de Emergencias<\/strong>, un organismo que pretende aunar las funciones del Estado para combatir desastres naturales. Desde la localidad patag\u00f3nica de\u00a0<strong>El Bols\u00f3n<\/strong>, foco principal de los\u00a0<strong>incendios<\/strong>, los ministros nacionales\u00a0<strong><a href=\"https:\/\/x.com\/PatoBullrich\">Patricia Bullrich<\/a><\/strong><strong>\u00a0<\/strong>(Seguridad) y\u00a0<strong>Luis Petri\u00a0<\/strong>(Defensa) hicieron el anuncio.<\/p>\n<p>\u201cActualmente hay 12 estructuras del Estado que combaten las emergencias, es una superposici\u00f3n y eso genera un desorden. A partir de un Decreto de Necesidad y Urgencia, vamos a disponer la creaci\u00f3n de la\u00a0<strong>Agencia Federal de Emergencias\u00a0<\/strong>que tendr\u00e1 verticalidad en el manejo de los fondos y las estructuras que hoy est\u00e1n dispersas en varios ministerios\u201d, asegur\u00f3\u00a0<strong>Bullrich<\/strong>.<\/p>\n<p>En ese sentido, la ministra de Seguridad les agradeci\u00f3 el esfuerzo a los\u00a0brigadistas\u00a0y\u00a0ciudadanos\u00a0que participaron de las tareas para paliar los\u00a0<strong>incendios\u00a0<\/strong>que tienen lugar en la Patagonia y asegur\u00f3 que ser\u00e1 \u201cimplacable\u201d con las personas que originaron los focos incendiarios. \u201c<strong>Han llegado a quemarse 130 casas<\/strong>, gente que se ha quedado sin su vivienda\u201d, remarc\u00f3.<\/p>\n<p>\u201cFue doloso, fue premeditado, creemos que estos\u00a0<strong>incendios intencionales\u00a0<\/strong>se tienen que terminar y para eso estamos con un proyecto para elevar las penas, para impedir que aquellos que cometen este tipo de estragos recuperen r\u00e1pidamente la libertad, para que lo tengan que pagar con c\u00e1rcel\u201d, se\u00f1al\u00f3 por su parte el ministro\u00a0<strong>Petri<\/strong>.<\/p>\n<p>Horas antes del anuncio sobre la\u00a0<strong>Agencia Federal de Emergencias<\/strong>,\u00a0<strong>Petri\u00a0<\/strong>recorri\u00f3 las principales zonas afectadas por el incendio con el gobernador de R\u00edo Negro,\u00a0<strong>Alberto Weretilneck<\/strong>. \u201cEvaluamos el impacto del fuego, el estado del operativo de combate y las estrategias de trabajo en conjunto para mitigar los da\u00f1os\u201d, expres\u00f3 el mandatario provincial. <strong>(VW)<\/strong><\/p>\n","protected":false},"excerpt":{"rendered":"<p>En medio de la crisis por los incendios renunci\u00f3 la subsecretaria de Ambiente. Bullrich anunci\u00f3 la creaci\u00f3n de un organismo para combatir incendios: La\u00a0Agencia Federal de Emergencias.<\/p>\n","protected":false},"author":4,"featured_media":17199,"comment_status":"closed","ping_status":"closed","sticky":false,"template":"","format":"standard","meta":{"_monsterinsights_skip_tracking":false,"_monsterinsights_sitenote_active":false,"_monsterinsights_sitenote_note":"","_monsterinsights_sitenote_category":0,"footnotes":""},"categories":[4],"tags":[7328,7327,536,607,4056,7326],"class_list":["post-17258","post","type-post","status-publish","format-standard","has-post-thumbnail","hentry","category-politica","tag-agencia-federal-de-emergencias","tag-fernando-brom","tag-incendios","tag-medio-ambiente","tag-patricia-bullrich","tag-renuncio-la-subsecretaria"],"_links":{"self":[{"href":"https:\/\/www.visionweb.com.ar\/index.php?rest_route=\/wp\/v2\/posts\/17258","targetHints":{"allow":["GET"]}}],"collection":[{"href":"https:\/\/www.visionweb.com.ar\/index.php?rest_route=\/wp\/v2\/posts"}],"about":[{"href":"https:\/\/www.visionweb.com.ar\/index.php?rest_route=\/wp\/v2\/types\/post"}],"author":[{"embeddable":true,"href":"https:\/\/www.visionweb.com.ar\/index.php?rest_route=\/wp\/v2\/users\/4"}],"replies":[{"embeddable":true,"href":"https:\/\/www.visionweb.com.ar\/index.php?rest_route=%2Fwp%2Fv2%2Fcomments&post=17258"}],"version-history":[{"count":1,"href":"https:\/\/www.visionweb.com.ar\/index.php?rest_route=\/wp\/v2\/posts\/17258\/revisions"}],"predecessor-version":[{"id":17259,"href":"https:\/\/www.visionweb.com.ar\/index.php?rest_route=\/wp\/v2\/posts\/17258\/revisions\/17259"}],"wp:featuredmedia":[{"embeddable":true,"href":"https:\/\/www.visionweb.com.ar\/index.php?rest_route=\/wp\/v2\/media\/17199"}],"wp:attachment":[{"href":"https:\/\/www.visionweb.com.ar\/index.php?rest_route=%2Fwp%2Fv2%2Fmedia&parent=17258"}],"wp:term":[{"taxonomy":"category","embeddable":true,"href":"https:\/\/www.visionweb.com.ar\/index.php?rest_route=%2Fwp%2Fv2%2Fcategories&post=17258"},{"taxonomy":"post_tag","embeddable":true,"href":"https:\/\/www.visionweb.com.ar\/index.php?rest_route=%2Fwp%2Fv2%2Ftags&post=17258"}],"curies":[{"name":"wp","href":"https:\/\/api.w.org\/{rel}","templated":true}]}}