{"id":17255,"date":"2025-02-14T12:42:04","date_gmt":"2025-02-14T15:42:04","guid":{"rendered":"https:\/\/www.visionweb.com.ar\/?p=17255"},"modified":"2025-02-14T12:42:04","modified_gmt":"2025-02-14T15:42:04","slug":"reserva-natural-santa-catalina-la-coalicion-civica-bonaerense-reclamo-la-reglamentacion-de-la-ley-para-su-preservacion","status":"publish","type":"post","link":"https:\/\/www.visionweb.com.ar\/?p=17255","title":{"rendered":"Reserva Natural Santa Catalina: La Coalici\u00f3n C\u00edvica bonaerense reclam\u00f3 la reglamentaci\u00f3n de la ley para su preservaci\u00f3n"},"content":{"rendered":"<p><em><strong>L<\/strong><strong>a Reserva est\u00e1 ubicada en el partido de Lomas de Zamora, y contin\u00faan los pedidos para resolver este tema. La diputada provincial Romina Braga reclam\u00f3 al gobierno provincial la reglamentaci\u00f3n de la ley provincial 14.294, que garantiza la protecci\u00f3n efectiva de la reserva. En esa l\u00ednea, el concejal Jorge Villalba presentar\u00e1 un pedido de informes a la ministra de ambiente de la Provincia.<\/strong><\/em><!--more--><\/p>\n<div id=\"attachment_17256\" style=\"width: 310px\" class=\"wp-caption alignright\"><img loading=\"lazy\" decoding=\"async\" aria-describedby=\"caption-attachment-17256\" class=\"wp-image-17256 size-medium\" src=\"https:\/\/www.visionweb.com.ar\/wp-content\/uploads\/2025\/02\/reserva-santa-catalina-300x167.png\" alt=\"\" width=\"300\" height=\"167\" srcset=\"https:\/\/www.visionweb.com.ar\/wp-content\/uploads\/2025\/02\/reserva-santa-catalina-300x167.png 300w, https:\/\/www.visionweb.com.ar\/wp-content\/uploads\/2025\/02\/reserva-santa-catalina.png 551w\" sizes=\"auto, (max-width: 300px) 100vw, 300px\" \/><p id=\"caption-attachment-17256\" class=\"wp-caption-text\">Contin\u00faan los pedidos para reglamentar la Ley 14294, que har\u00e1 efectiva la preservaci\u00f3n del espacio<\/p><\/div>\n<p><strong> \u00a0\u00a0\u00a0\u00a0\u00a0 L<\/strong>a diputada provincial de la <strong>Coalici\u00f3n C\u00edvica Romina Braga<\/strong>, reclam\u00f3 al gobierno provincial la reglamentaci\u00f3n de la <strong>Ley provincial 14.294<\/strong> que declara <strong>Reserva Natural al predio Santa Catalina<\/strong>, ubicado en el partido bonaerense de Lomas de Zamora.<\/p>\n<p>La diputada present\u00f3 un proyecto de declaraci\u00f3n en la legislatura bonaerense para advertir que la <strong>Ley 14.294, sancionada en 2011<\/strong>, \u201cno ha sido reglamentada por el gobierno provincial\u201d. Esta legislaci\u00f3n reconoce la importancia de <strong>preservar este espacio por su valor ecol\u00f3gico, hist\u00f3rico y educativo<\/strong>.<\/p>\n<p>\u201cEsta falta de reglamentaci\u00f3n implica que no se han establecido las pautas de manejo necesarias para garantizar la protecci\u00f3n efectiva de la reserva. Como resultado, <strong>el \u00e1rea permanece desprotegida, enfrentando amenazas como desarrollos inmobiliarios, incendios intencionales, rellenos y construcciones ilegales<\/strong>. Estas actividades afectan negativamente la biodiversidad del lugar y ponen en riesgo la integridad del ecosistema\u201d, indica la iniciativa de <strong>Braga<\/strong>, respaldada tambi\u00e9n por el <strong>concejal de la CC de Lomas de Zamora Jorge Villalba<\/strong>.<\/p>\n<p>Por tal motivo, le reclam\u00f3 al gobierno de Axel Kicillof que proceda a la reglamentaci\u00f3n de la Ley 14.294 \u201cpara asegurar la <strong>conservaci\u00f3n y el manejo adecuado de la Reserva Natural Santa Catalina\u201d<\/strong>.<\/p>\n<p>Por su parte, el concejal <strong>Jorge Villalba<\/strong> asegur\u00f3 que \u201cfue una lucha de muchos a\u00f1os para lograr la sanci\u00f3n de la ley que en su <strong>momento ten\u00eda un plazo de 90 d\u00edas para su reglamentaci\u00f3n y ya pasaron 14 a\u00f1os <\/strong>y ning\u00fan gobierno provincial la reglament\u00f3\u201d.<\/p>\n<p>\u201cSeguimos insistiendo junto a grupos ambientalistas locales para lograr que se mantenga la reserva, que representa el <strong>\u00fanico pulm\u00f3n verde que queda en la regi\u00f3n con una flora y una fauna muy importante y un bosque de 700 hect\u00e1reas con \u00e1rboles nativos\u201d, asegur\u00f3 Villalba<\/strong> quien adem\u00e1s presentar\u00e1 el lunes pr\u00f3ximo un <strong>pedido de informes a la ministra de ambiente de la provincia de Buenos Aires, Daniela Vilar<\/strong>. <strong>(VW)<\/strong><\/p>\n","protected":false},"excerpt":{"rendered":"<p>La Reserva est\u00e1 ubicada en el partido de Lomas de Zamora, y contin\u00faan los pedidos para resolver este tema. La diputada provincial Romina Braga reclam\u00f3 al gobierno provincial la reglamentaci\u00f3n de la ley provincial&#46;&#46;&#46;<\/p>\n","protected":false},"author":4,"featured_media":17256,"comment_status":"closed","ping_status":"closed","sticky":false,"template":"","format":"standard","meta":{"_monsterinsights_skip_tracking":false,"_monsterinsights_sitenote_active":false,"_monsterinsights_sitenote_note":"","_monsterinsights_sitenote_category":0,"footnotes":""},"categories":[8,4],"tags":[7325,318,7323,7322,7324],"class_list":["post-17255","post","type-post","status-publish","format-standard","has-post-thumbnail","hentry","category-interes-general","category-politica","tag-jorge-villalba","tag-lomas-de-zamora","tag-reglamentacion-de-ley","tag-reserva-santa-catalina","tag-romina-braga"],"_links":{"self":[{"href":"https:\/\/www.visionweb.com.ar\/index.php?rest_route=\/wp\/v2\/posts\/17255","targetHints":{"allow":["GET"]}}],"collection":[{"href":"https:\/\/www.visionweb.com.ar\/index.php?rest_route=\/wp\/v2\/posts"}],"about":[{"href":"https:\/\/www.visionweb.com.ar\/index.php?rest_route=\/wp\/v2\/types\/post"}],"author":[{"embeddable":true,"href":"https:\/\/www.visionweb.com.ar\/index.php?rest_route=\/wp\/v2\/users\/4"}],"replies":[{"embeddable":true,"href":"https:\/\/www.visionweb.com.ar\/index.php?rest_route=%2Fwp%2Fv2%2Fcomments&post=17255"}],"version-history":[{"count":1,"href":"https:\/\/www.visionweb.com.ar\/index.php?rest_route=\/wp\/v2\/posts\/17255\/revisions"}],"predecessor-version":[{"id":17257,"href":"https:\/\/www.visionweb.com.ar\/index.php?rest_route=\/wp\/v2\/posts\/17255\/revisions\/17257"}],"wp:featuredmedia":[{"embeddable":true,"href":"https:\/\/www.visionweb.com.ar\/index.php?rest_route=\/wp\/v2\/media\/17256"}],"wp:attachment":[{"href":"https:\/\/www.visionweb.com.ar\/index.php?rest_route=%2Fwp%2Fv2%2Fmedia&parent=17255"}],"wp:term":[{"taxonomy":"category","embeddable":true,"href":"https:\/\/www.visionweb.com.ar\/index.php?rest_route=%2Fwp%2Fv2%2Fcategories&post=17255"},{"taxonomy":"post_tag","embeddable":true,"href":"https:\/\/www.visionweb.com.ar\/index.php?rest_route=%2Fwp%2Fv2%2Ftags&post=17255"}],"curies":[{"name":"wp","href":"https:\/\/api.w.org\/{rel}","templated":true}]}}