{"id":17250,"date":"2025-02-14T08:05:08","date_gmt":"2025-02-14T11:05:08","guid":{"rendered":"https:\/\/www.visionweb.com.ar\/?p=17250"},"modified":"2025-02-14T08:05:08","modified_gmt":"2025-02-14T11:05:08","slug":"la-inflacion-fue-de-22-en-enero-la-mas-baja-desde-julio-de-2020","status":"publish","type":"post","link":"https:\/\/www.visionweb.com.ar\/?p=17250","title":{"rendered":"La inflaci\u00f3n fue de 2,2% en enero, la m\u00e1s baja desde julio de 2020"},"content":{"rendered":"<p><em><strong>Los \u00edtems que tuvieron las menores variaciones en enero de 2025 fueron Educaci\u00f3n (0,5%) y Prendas de vestir y calzado (-0,7%).<\/strong><\/em><!--more--><\/p>\n<p><img loading=\"lazy\" decoding=\"async\" class=\"size-medium wp-image-16538 alignright\" src=\"https:\/\/www.visionweb.com.ar\/wp-content\/uploads\/2024\/11\/SUPERMERCADOS-300x160.png\" alt=\"\" width=\"300\" height=\"160\" srcset=\"https:\/\/www.visionweb.com.ar\/wp-content\/uploads\/2024\/11\/SUPERMERCADOS-300x160.png 300w, https:\/\/www.visionweb.com.ar\/wp-content\/uploads\/2024\/11\/SUPERMERCADOS.png 640w\" sizes=\"auto, (max-width: 300px) 100vw, 300px\" \/>La inflaci\u00f3n del mes de enero fue 2,2%, seg\u00fan el \u00cdndice de Precios al Consumidor que public\u00f3 ayer el Indec, mientras que con esa cifra la evoluci\u00f3n interanual marca el 84,5%. Se trat\u00f3 de la marca m\u00e1s baja desde julio de 2020 -en plena pandemia el n\u00famero fue 1,9% mensual- y la menor para un mes de enero desde 2018.<\/p>\n<p>El \u00edtem que registr\u00f3 las mayores subas en enero fue Restaurantes y hoteles (5,3%). Esto se debi\u00f3 a subas estacionales en el servicio de hoteler\u00eda correspondientes al periodo vacacional.<\/p>\n<p>Le sigui\u00f3 la divisi\u00f3n Vivienda, agua, electricidad, gas y otros combustibles (4,0%), por incrementos en alquiler de la vivienda y gastos conexos; y Electricidad, gas y otros combustibles.<\/p>\n<p>En tanto, los \u00edtems que tuvieron las menores variaciones en enero de 2025 fueron Educaci\u00f3n (0,5%) y Prendas de vestir y calzado (-0,7%).<\/p>\n<p>El \u00edndice anterior, correspondiente al mes de diciembre, hab\u00eda sido de 2,7%. Hasta ahora, el IPC m\u00e1s bajo de la era Milei se hab\u00eda registrado en noviembre pasado, de 2,4%, que fue adem\u00e1s el menor desde julio de 2020 (aquella vez fue 1,9%).<\/p>\n<p>En la previa, para enero tanto las consultoras privadas como el propio Gobierno esperaban un n\u00famero por debajo de esas cifras. Luis Caputo incluso lleg\u00f3 a hablar de 2,3%. Pero el IPC de enero finalmente fue menor a esa previsi\u00f3n.<\/p>\n<p>En un comunicado, el ministerio de Econom\u00eda destac\u00f3 que este enero fue \u201cel noveno mes consecutivo de desaceleraci\u00f3n en la comparaci\u00f3n contra igual mes del a\u00f1o anterior\u201d. Y que \u201cla inflaci\u00f3n interanual a enero fue la menor desde septiembre de 2022\u201d.<\/p>\n<p>El gobierno explic\u00f3 que \u201ceste sendero de reducci\u00f3n en la inflaci\u00f3n se da en un contexto de crecimiento del nivel de actividad (+6,4% acumulado entre abril y noviembre seg\u00fan el EMAE desestacionalizado) y suba en los ingresos de la poblaci\u00f3n\u201d.<\/p>\n<p>En ese \u00faltimo punto, el gobierno explic\u00f3 que subi\u00f3 en diciembre subi\u00f3 \u201c18% el salario promedio del sector privado registrado (SIPA), 12,8% l haber jubilatorio y 107% la Asignaci\u00f3n Universal por Hijo\u201d<strong>(VW)<\/strong>.<\/p>\n","protected":false},"excerpt":{"rendered":"<p>Los \u00edtems que tuvieron las menores variaciones en enero de 2025 fueron Educaci\u00f3n (0,5%) y Prendas de vestir y calzado (-0,7%).<\/p>\n","protected":false},"author":3,"featured_media":16538,"comment_status":"closed","ping_status":"closed","sticky":false,"template":"","format":"standard","meta":{"_monsterinsights_skip_tracking":false,"_monsterinsights_sitenote_active":false,"_monsterinsights_sitenote_note":"","_monsterinsights_sitenote_category":0,"footnotes":""},"categories":[6,8],"tags":[266,327,618,7320],"class_list":["post-17250","post","type-post","status-publish","format-standard","has-post-thumbnail","hentry","category-economia","category-interes-general","tag-hoteles","tag-ipc","tag-restaurantes","tag-sunbas"],"_links":{"self":[{"href":"https:\/\/www.visionweb.com.ar\/index.php?rest_route=\/wp\/v2\/posts\/17250","targetHints":{"allow":["GET"]}}],"collection":[{"href":"https:\/\/www.visionweb.com.ar\/index.php?rest_route=\/wp\/v2\/posts"}],"about":[{"href":"https:\/\/www.visionweb.com.ar\/index.php?rest_route=\/wp\/v2\/types\/post"}],"author":[{"embeddable":true,"href":"https:\/\/www.visionweb.com.ar\/index.php?rest_route=\/wp\/v2\/users\/3"}],"replies":[{"embeddable":true,"href":"https:\/\/www.visionweb.com.ar\/index.php?rest_route=%2Fwp%2Fv2%2Fcomments&post=17250"}],"version-history":[{"count":1,"href":"https:\/\/www.visionweb.com.ar\/index.php?rest_route=\/wp\/v2\/posts\/17250\/revisions"}],"predecessor-version":[{"id":17251,"href":"https:\/\/www.visionweb.com.ar\/index.php?rest_route=\/wp\/v2\/posts\/17250\/revisions\/17251"}],"wp:featuredmedia":[{"embeddable":true,"href":"https:\/\/www.visionweb.com.ar\/index.php?rest_route=\/wp\/v2\/media\/16538"}],"wp:attachment":[{"href":"https:\/\/www.visionweb.com.ar\/index.php?rest_route=%2Fwp%2Fv2%2Fmedia&parent=17250"}],"wp:term":[{"taxonomy":"category","embeddable":true,"href":"https:\/\/www.visionweb.com.ar\/index.php?rest_route=%2Fwp%2Fv2%2Fcategories&post=17250"},{"taxonomy":"post_tag","embeddable":true,"href":"https:\/\/www.visionweb.com.ar\/index.php?rest_route=%2Fwp%2Fv2%2Ftags&post=17250"}],"curies":[{"name":"wp","href":"https:\/\/api.w.org\/{rel}","templated":true}]}}