{"id":17234,"date":"2025-02-12T09:51:23","date_gmt":"2025-02-12T12:51:23","guid":{"rendered":"https:\/\/www.visionweb.com.ar\/?p=17234"},"modified":"2025-02-12T09:56:51","modified_gmt":"2025-02-12T12:56:51","slug":"el-congreso-va-por-ficha-limpia","status":"publish","type":"post","link":"https:\/\/www.visionweb.com.ar\/?p=17234","title":{"rendered":"El Congreso va por Ficha Limpia"},"content":{"rendered":"<p><em><strong>El oficialismo y la oposici\u00f3n dialoguista alcanzaron un acuerdo para modificar un art\u00edculo clave. Esperan una marat\u00f3nica sesi\u00f3n.<\/strong><\/em><!--more--><\/p>\n<p><img loading=\"lazy\" decoding=\"async\" class=\"size-medium wp-image-13883 alignright\" src=\"https:\/\/www.visionweb.com.ar\/wp-content\/uploads\/2024\/03\/diputados-bonaerenses-300x175.png\" alt=\"\" width=\"300\" height=\"175\" srcset=\"https:\/\/www.visionweb.com.ar\/wp-content\/uploads\/2024\/03\/diputados-bonaerenses-300x175.png 300w, https:\/\/www.visionweb.com.ar\/wp-content\/uploads\/2024\/03\/diputados-bonaerenses.png 555w\" sizes=\"auto, (max-width: 300px) 100vw, 300px\" \/>Tras una ardua negociaci\u00f3n, el Gobierno de Milei logr\u00f3 un acuerdo con la oposici\u00f3n dialoguista para modificar un art\u00edculo clave y sesionar este mi\u00e9rcoles en Diputados. El oficialismo acept\u00f3 retirar la \u201ccl\u00e1usula antiproscriptiva\u201d o \u201ccl\u00e1usula Petri\u201d.<\/p>\n<p>El proyecto de Ley \u00abFicha limpia\u00bb impide que personas condenadas por corrupci\u00f3n con sentencia firme se presenten como candidatas podr\u00eda tener media sanci\u00f3n.<\/p>\n<p>Esa cl\u00e1usula, que los legisladores retirar\u00edan, admit\u00eda \u00fanicamente si el fallo de segunda instancia confirmatorio es anterior al a\u00f1o de las elecciones.<\/p>\n<p>As\u00ed, se acord\u00f3 la exclusi\u00f3n por<strong> Ficha Limpia<\/strong> cuando el fallo de segunda instancia se haya producido como fecha tope 180 d\u00edas antes de las elecciones .<\/p>\n<p>De acuerdo al calendario electoral, la fecha bisagra es el 29 de abril, seis meses antes de los comicios.<\/p>\n<p>Los fallos de segunda instancia posteriores a esa fecha no anular\u00e1n la participaci\u00f3n electoral de los candidatos condenados.<\/p>\n<p>Cristina Kirchner fue condenada en segunda instancia por la causa Vialidad el 13 de noviembre pasado, con lo cual si se sancionara la ley quedar\u00eda fuera de carrera.<\/p>\n<p>Sin embargo, el Gobierno tendr\u00e1 muchas m\u00e1s dificultades en poder imponer el proyecto en sus actuales t\u00e9rminos en el Senado.<\/p>\n<p>Por lo pronto, <strong>en Diputados contar\u00eda con los votos necesarios para la media sanci\u00f3n pese a que Uni\u00f3n por la Patria actuar\u00eda sin fisuras como bloque.<\/strong><\/p>\n<p>Los proyectos que impulsaban el PRO y bloques dialoguistas de la oposici\u00f3n quedaron en la nada por falta de compromiso de diputados oficialistas<\/p>\n<p>Ante las cr\u00edticas, Javier Milei anunci\u00f3 proyecto superador de Ficha Limpia y as\u00ed desterrar la hip\u00f3tesis del pacto con el kirchnerismo <strong>(VW).<\/strong><\/p>\n<p>&nbsp;<\/p>\n<p>&nbsp;<\/p>\n","protected":false},"excerpt":{"rendered":"<p>El oficialismo y la oposici\u00f3n dialoguista alcanzaron un acuerdo para modificar un art\u00edculo clave. Esperan una marat\u00f3nica sesi\u00f3n.<\/p>\n","protected":false},"author":3,"featured_media":4779,"comment_status":"closed","ping_status":"closed","sticky":false,"template":"","format":"standard","meta":{"_monsterinsights_skip_tracking":false,"_monsterinsights_sitenote_active":false,"_monsterinsights_sitenote_note":"","_monsterinsights_sitenote_category":0,"footnotes":""},"categories":[4],"tags":[7307,143,7306],"class_list":["post-17234","post","type-post","status-publish","format-standard","has-post-thumbnail","hentry","category-politica","tag-dialogusitaas","tag-diputados","tag-ficha"],"_links":{"self":[{"href":"https:\/\/www.visionweb.com.ar\/index.php?rest_route=\/wp\/v2\/posts\/17234","targetHints":{"allow":["GET"]}}],"collection":[{"href":"https:\/\/www.visionweb.com.ar\/index.php?rest_route=\/wp\/v2\/posts"}],"about":[{"href":"https:\/\/www.visionweb.com.ar\/index.php?rest_route=\/wp\/v2\/types\/post"}],"author":[{"embeddable":true,"href":"https:\/\/www.visionweb.com.ar\/index.php?rest_route=\/wp\/v2\/users\/3"}],"replies":[{"embeddable":true,"href":"https:\/\/www.visionweb.com.ar\/index.php?rest_route=%2Fwp%2Fv2%2Fcomments&post=17234"}],"version-history":[{"count":1,"href":"https:\/\/www.visionweb.com.ar\/index.php?rest_route=\/wp\/v2\/posts\/17234\/revisions"}],"predecessor-version":[{"id":17235,"href":"https:\/\/www.visionweb.com.ar\/index.php?rest_route=\/wp\/v2\/posts\/17234\/revisions\/17235"}],"wp:featuredmedia":[{"embeddable":true,"href":"https:\/\/www.visionweb.com.ar\/index.php?rest_route=\/wp\/v2\/media\/4779"}],"wp:attachment":[{"href":"https:\/\/www.visionweb.com.ar\/index.php?rest_route=%2Fwp%2Fv2%2Fmedia&parent=17234"}],"wp:term":[{"taxonomy":"category","embeddable":true,"href":"https:\/\/www.visionweb.com.ar\/index.php?rest_route=%2Fwp%2Fv2%2Fcategories&post=17234"},{"taxonomy":"post_tag","embeddable":true,"href":"https:\/\/www.visionweb.com.ar\/index.php?rest_route=%2Fwp%2Fv2%2Ftags&post=17234"}],"curies":[{"name":"wp","href":"https:\/\/api.w.org\/{rel}","templated":true}]}}