{"id":17231,"date":"2025-02-12T09:28:52","date_gmt":"2025-02-12T12:28:52","guid":{"rendered":"https:\/\/www.visionweb.com.ar\/?p=17231"},"modified":"2025-02-12T09:28:52","modified_gmt":"2025-02-12T12:28:52","slug":"se-agrava-la-crisis-de-la-industria-del-calzado-deportivo","status":"publish","type":"post","link":"https:\/\/www.visionweb.com.ar\/?p=17231","title":{"rendered":"Se agrava la crisis de la industria del calzado deportivo"},"content":{"rendered":"<p><em><strong>Ya se contabilizan m\u00e1s de 500 despidos y se registran cierres de diferentes plantas industriales. La eliminaci\u00f3n del control aduanero y la apertura de importaciones impactaron en la producci\u00f3n nacional.<\/strong><\/em><!--more--><\/p>\n<p><img loading=\"lazy\" decoding=\"async\" class=\"size-medium wp-image-17232 alignright\" src=\"https:\/\/www.visionweb.com.ar\/wp-content\/uploads\/2025\/02\/CALZADO-DEPORTIVO-300x169.png\" alt=\"\" width=\"300\" height=\"169\" srcset=\"https:\/\/www.visionweb.com.ar\/wp-content\/uploads\/2025\/02\/CALZADO-DEPORTIVO-300x169.png 300w, https:\/\/www.visionweb.com.ar\/wp-content\/uploads\/2025\/02\/CALZADO-DEPORTIVO.png 640w\" sizes=\"auto, (max-width: 300px) 100vw, 300px\" \/>La industria del calzado deportivo en Argentina atraviesa una severa crisis desde hace meses, con despidos masivos y cierre de f\u00e1bricas.<\/p>\n<p><strong>En los \u00faltimos 70 d\u00edas, 546 trabajadores perdieron sus empleos\u00a0<\/strong>en empresas como Dass, Bicontinentar, Puma y Topper.<\/p>\n<p>Seg\u00fan fuentes empresarias y gremiales, la eliminaci\u00f3n del control aduanero del etiquetado de calzado en julio de 2024<strong>\u00a0facilit\u00f3 el ingreso del exterior y redujo la demanda de productos locales.<\/strong>\u00a0As\u00ed,\u00a0<strong>las importaciones de calzado crecieron un 50%, mientras que la producci\u00f3n local cay\u00f3 un 15%<\/strong><\/p>\n<h3 class=\"wp-block-heading\">Despidos y cierres<\/h3>\n<p>Uno de los casos m\u00e1s emblem\u00e1ticos es el de<strong>\u00a0Topper, que despidi\u00f3 a 23 trabajadores de su planta en Aguilares, Tucum\u00e1n,\u00a0<\/strong>sumando 120 despidos entre marzo y abril de 2024.<\/p>\n<p>A pesar de contar con 1.700 puntos de venta y emplear a m\u00e1s de 950 personas, la empresa ajust\u00f3 su personal ante la ca\u00edda en ventas.<\/p>\n<p><strong>Puma,\u00a0<\/strong>por su parte, despidi\u00f3 a\u00a0<strong>23 operarios en su planta de La Rioja.\u00a0<\/strong>Para evitar m\u00e1s despidos, la compa\u00f1\u00eda acord\u00f3 con la Uni\u00f3n de Trabajadores de la Industria del Calzado (UTICRA) reducir la jornada laboral en una hora diaria, manteniendo 867 empleos.<\/p>\n<p><strong>Bicontinentar<\/strong>, que reabri\u00f3 la ex planta de Paquet\u00e1 en Chivilcoy en 2021,\u00a0<strong>despidi\u00f3 a 130 operarios en noviembre de 2024.\u00a0<\/strong>La empresa, que lleg\u00f3 a emplear a 500 trabajadores y produc\u00eda para<strong>\u00a0Le Coq Sportif y Under Armour,\u00a0<\/strong>ahora mantiene solo 40 empleados fabricando su propia marca, Argie.<\/p>\n<p>Finalmente, Dass cerr\u00f3 su planta en Coronel Su\u00e1rez, con lo que\u00a0<strong>dej\u00f3 sin trabajo a 360 empleados.<\/strong>\u00a0La compa\u00f1\u00eda, que fabrica para<strong>\u00a0Nike y Adidas<\/strong>, solo mantiene operativa su f\u00e1brica en El Dorado, Misiones. La planta cerrada perteneci\u00f3 a GATIC, empresa que en su momento lleg\u00f3 a emplear a 5.000 personas.<\/p>\n<h3 class=\"wp-block-heading\">Las causas<\/h3>\n<p>La eliminaci\u00f3n del control aduanero y la apertura de importaciones impactaron en la producci\u00f3n nacional. Horacio Moschetto, presidente de la C\u00e1mara de la Industria del Calzado (CIC), indic\u00f3 que\u00a0<strong>las importaciones de calzado crecieron un 50%, mientras que la producci\u00f3n local cay\u00f3 un 15%\u00a0<\/strong>y las ventas bajaron un 20%.<\/p>\n<p>El exceso de stock y la falta de ventas llevaron a las empresas a reducir personal, eliminar turnos y cerrar plantas. Aunque algunas compa\u00f1\u00edas esperan un repunte en las ventas, optaron entre tanto por ajustes dr\u00e1sticos para sostenerse en el mercado.<\/p>\n<p>La crisis del sector afecta a trabajadores y econom\u00edas regionales. Jorge Fugaracho, delegado regional de UTICRA, expres\u00f3 su preocupaci\u00f3n:\u00a0<strong>\u201cEstamos con temor. Sab\u00edamos que el plan econ\u00f3mico iba a afectar a la industria. La crisis de hoy es preocupante\u201d.<\/strong><\/p>\n<p>En La Rioja, los despidos en Puma generan incertidumbre. La empresa es una de las principales fuentes de empleo en la regi\u00f3n y, aunque se logr\u00f3 un acuerdo para reducir la jornada laboral, el futuro sigue siendo incierto.<strong>(VW)<\/strong><\/p>\n<p>&nbsp;<\/p>\n","protected":false},"excerpt":{"rendered":"<p>Ya se contabilizan m\u00e1s de 500 despidos y se registran cierres de diferentes plantas industriales. La eliminaci\u00f3n del control aduanero y la apertura de importaciones impactaron en la producci\u00f3n nacional.<\/p>\n","protected":false},"author":3,"featured_media":17232,"comment_status":"closed","ping_status":"closed","sticky":false,"template":"","format":"standard","meta":{"_monsterinsights_skip_tracking":false,"_monsterinsights_sitenote_active":false,"_monsterinsights_sitenote_note":"","_monsterinsights_sitenote_category":0,"footnotes":""},"categories":[8,749],"tags":[5501,714,7305,663],"class_list":["post-17231","post","type-post","status-publish","format-standard","has-post-thumbnail","hentry","category-interes-general","category-pymes","tag-calzado","tag-cierre","tag-deportivo","tag-empresas"],"_links":{"self":[{"href":"https:\/\/www.visionweb.com.ar\/index.php?rest_route=\/wp\/v2\/posts\/17231","targetHints":{"allow":["GET"]}}],"collection":[{"href":"https:\/\/www.visionweb.com.ar\/index.php?rest_route=\/wp\/v2\/posts"}],"about":[{"href":"https:\/\/www.visionweb.com.ar\/index.php?rest_route=\/wp\/v2\/types\/post"}],"author":[{"embeddable":true,"href":"https:\/\/www.visionweb.com.ar\/index.php?rest_route=\/wp\/v2\/users\/3"}],"replies":[{"embeddable":true,"href":"https:\/\/www.visionweb.com.ar\/index.php?rest_route=%2Fwp%2Fv2%2Fcomments&post=17231"}],"version-history":[{"count":1,"href":"https:\/\/www.visionweb.com.ar\/index.php?rest_route=\/wp\/v2\/posts\/17231\/revisions"}],"predecessor-version":[{"id":17233,"href":"https:\/\/www.visionweb.com.ar\/index.php?rest_route=\/wp\/v2\/posts\/17231\/revisions\/17233"}],"wp:featuredmedia":[{"embeddable":true,"href":"https:\/\/www.visionweb.com.ar\/index.php?rest_route=\/wp\/v2\/media\/17232"}],"wp:attachment":[{"href":"https:\/\/www.visionweb.com.ar\/index.php?rest_route=%2Fwp%2Fv2%2Fmedia&parent=17231"}],"wp:term":[{"taxonomy":"category","embeddable":true,"href":"https:\/\/www.visionweb.com.ar\/index.php?rest_route=%2Fwp%2Fv2%2Fcategories&post=17231"},{"taxonomy":"post_tag","embeddable":true,"href":"https:\/\/www.visionweb.com.ar\/index.php?rest_route=%2Fwp%2Fv2%2Ftags&post=17231"}],"curies":[{"name":"wp","href":"https:\/\/api.w.org\/{rel}","templated":true}]}}