{"id":17227,"date":"2025-02-11T18:54:58","date_gmt":"2025-02-11T21:54:58","guid":{"rendered":"https:\/\/www.visionweb.com.ar\/?p=17227"},"modified":"2025-02-11T18:56:32","modified_gmt":"2025-02-11T21:56:32","slug":"se-iniciaron-las-obras-de-reparacion-del-centro-de-trasbordo-de-lanus-oeste","status":"publish","type":"post","link":"https:\/\/www.visionweb.com.ar\/?p=17227","title":{"rendered":"Se inician las obras de reparaci\u00f3n del Centro de Trasbordo de Lan\u00fas Oeste"},"content":{"rendered":"<p><strong><em>El anuncio estuvo a cargo del intendente Juli\u00e1n Alvarez. Las obras de reparaci\u00f3n comienzan el lunes 17 de febrero.<\/em><\/strong> <!--more--><\/p>\n<p><img loading=\"lazy\" decoding=\"async\" class=\"size-medium wp-image-17228 alignright\" src=\"https:\/\/www.visionweb.com.ar\/wp-content\/uploads\/2025\/02\/Centro-de-Transbordo-1-300x200.jpg\" alt=\"\" width=\"300\" height=\"200\" srcset=\"https:\/\/www.visionweb.com.ar\/wp-content\/uploads\/2025\/02\/Centro-de-Transbordo-1-300x200.jpg 300w, https:\/\/www.visionweb.com.ar\/wp-content\/uploads\/2025\/02\/Centro-de-Transbordo-1.jpg 640w\" sizes=\"auto, (max-width: 300px) 100vw, 300px\" \/>Con una inversi\u00f3n de $550 millones, el pr\u00f3ximo lunes se iniciar\u00e1n las obras de reparaci\u00f3n del Centro de Trasbordo de transportes colectivos ubicado frente a la estaci\u00f3n de Lan\u00fas (oeste), soibre la avenida Hip\u00f3lito Yrigoyen.<\/p>\n<p>El anuncio fue hecho por el titular del\u00a0 ejecutivo local, Juli\u00e1n \u00c1lvarez hace pocas horas. Los trabajos prev\u00e9 la restauraci\u00f3n de los andenes, bancos e instalaci\u00f3n el\u00e9ctrica en las d\u00e1rsenas 1, 4, 3 y 6.<\/p>\n<p>En tanto, el paso peatonal estar\u00e1 habilitado en las d\u00e1rsenas del centro (2 y 5), mientras que el sector de estacionamientos quedar\u00e1 solamente para carga y descarga.<\/p>\n<p>\u201cEsta obra importante para nuestra ciudad se realizar\u00e1 \u00edntegramente con fondos municipales, mediante una inversi\u00f3n de 550 millones de pesos\u201d, explic\u00f3 el intendente\u00a0 \u00c1lvarez.<\/p>\n<p>El centro de Trasbordo de Lan\u00fas Oeste, con el paso del tiempo experiment\u00f3\u00a0 significativos deteriores, en parte producto de actos de vandalismo (rotura de bancos, robo de cableado el\u00e9ctrico y de luminarias), a lo que se debi\u00f3 sumar hace poco m\u00e1s de dos a\u00f1o la rotura de uno de los techos como consecuencia de un fuerte temporal.<\/p>\n<p>Con el objetivo de mejorar el tr\u00e1nsito y la movilidad en la ciudad, paralelamente a este proyecto, tambi\u00e9n se est\u00e1n ejecutando diferentes obras en el paso bajo nivel Mois\u00e9s Lebensohn.<\/p>\n<p>Adem\u00e1s, finalizaron los trabajos en el puente Madres de Malvinas, de Remedios de Escalada, con una puesta en valor integral.<\/p>\n<p>Las paradas de colectivos, a partir del lunes 17 de febrero, se reubicar\u00e1n temporalmente sobre la avenida Hip\u00f3lito Yrigoyen, la Avenida 25 de Mayo y Juan Pi\u00f1eiro.<\/p>\n<p>A continuaci\u00f3n, el cronograma completo de c\u00f3mo ser\u00e1n reubicadas cada una de las l\u00edneas de colectivos en sus respectivas paradas:<\/p>\n<p>Las l\u00edneas\u00a0<strong>33<\/strong>,\u00a0<strong>37<\/strong>,\u00a0<strong>45<\/strong>,<strong>\u00a051<\/strong>,\u00a0<strong>79<\/strong>, 119,\u00a0<strong>160<\/strong>,\u00a0<strong>164<\/strong>,\u00a0<strong>177<\/strong>\u00a0y\u00a0<strong>271<\/strong>\u00a0pararan sobre Hip\u00f3lito Yrigoyen. Las l\u00edneas\u00a0<strong>32<\/strong>,<strong>\u00a045<\/strong>,\u00a0<strong>75<\/strong>\u00a0y<strong>\u00a0158<\/strong>\u00a0sobre 25 de Mayo.<\/p>\n<p>Las l\u00edneas\u00a0<strong>405<\/strong>,\u00a0<strong>520 ramal C<\/strong>\u00a0y\u00a0<strong>ramal B1<\/strong>\u00a0sobre Juan Pi\u00f1eiro.<\/p>\n<ul>\n<li>L\u00ednea\u00a0<strong>37<\/strong>\u00a0&#8211; parar\u00e1 en Av. Hip\u00f3lito Yrigoyen 4750.<\/li>\n<li>L\u00ednea\u00a0<strong>160<\/strong>\u00a0&#8211; parar\u00e1 en Av. Hip\u00f3lito Yrigoyen 4762.<\/li>\n<li>L\u00ednea<strong>\u00a0119<\/strong>\u00a0&#8211; parar\u00e1 en Av. Hip\u00f3lito Yrigoyen 4680.<\/li>\n<li>L\u00ednea\u00a0<strong>164<\/strong>\u00a0&#8211; parar\u00e1 en Av. Hip\u00f3lito Yrigoyen 4670.<\/li>\n<li>L\u00ednea\u00a0<strong>271<\/strong>\u00a0&#8211; parar\u00e1 en Av. Hip\u00f3lito Yrigoyen 4676.<\/li>\n<li>L\u00ednea\u00a0<strong>177<\/strong>\u00a0&#8211; parar\u00e1 en Avenida Hip\u00f3lito Yrigoyen 4485.<\/li>\n<li>L\u00ednea\u00a0<strong>33<\/strong>\u00a0&#8211; parar\u00e1 en Av. Hip\u00f3lito Yrigoyen 4464.<\/li>\n<li>L\u00ednea\u00a0<strong>51\u00a0<\/strong>y\u00a0<strong>79\u00a0<\/strong>&#8211; parar\u00e1 en Av. Hip\u00f3lito Yrigoyen 4420.<\/li>\n<li>L\u00ednea\u00a0<strong>45\u00a0<\/strong>&#8211; parar\u00e1 en Av. Hip\u00f3lito Yrigoyen 4456 y en Av. 25 de Mayo 50.<\/li>\n<li>L\u00ednea\u00a0<strong>158\u00a0<\/strong>&#8211; parar\u00e1 en Av. 25 de Mayo 12.<\/li>\n<li>L\u00ednea\u00a0<strong>32\u00a0<\/strong>&#8211; parar\u00e1 en Av. 25 de Mayo 28.<\/li>\n<li>L\u00ednea\u00a0<strong>75\u00a0<\/strong>&#8211; parar\u00e1 en Av. 25 de Mayo 58.<\/li>\n<li>L\u00ednea\u00a0<strong>520 Ramal C\u00a0<\/strong>&#8211; parar\u00e1 en Juan Pi\u00f1eiro 33.<\/li>\n<li>L\u00ednea\u00a0<strong>520 Ramal B1<\/strong>\u00a0&#8211; parar\u00e1 en Juan Pi\u00f1eiro 63.<\/li>\n<li>L\u00ednea\u00a0<strong>405<\/strong>\u00a0&#8211; parar\u00e1 en Juan Pi\u00f1eiro 89.<strong>\u00a0<\/strong><\/li>\n<li><strong>(VW)<\/strong><\/li>\n<\/ul>\n<p>&nbsp;<\/p>\n","protected":false},"excerpt":{"rendered":"<p>El anuncio estuvo a cargo del intendente Juli\u00e1n Alvarez. Las obras de reparaci\u00f3n comienzan el lunes 17 de febrero.<\/p>\n","protected":false},"author":3,"featured_media":17228,"comment_status":"closed","ping_status":"closed","sticky":false,"template":"","format":"standard","meta":{"_monsterinsights_skip_tracking":false,"_monsterinsights_sitenote_active":false,"_monsterinsights_sitenote_note":"","_monsterinsights_sitenote_category":0,"footnotes":""},"categories":[1],"tags":[19,7304,7303],"class_list":["post-17227","post","type-post","status-publish","format-standard","has-post-thumbnail","hentry","category-uncategorized","tag-lanus","tag-reparacion","tag-terminal-colectivos"],"_links":{"self":[{"href":"https:\/\/www.visionweb.com.ar\/index.php?rest_route=\/wp\/v2\/posts\/17227","targetHints":{"allow":["GET"]}}],"collection":[{"href":"https:\/\/www.visionweb.com.ar\/index.php?rest_route=\/wp\/v2\/posts"}],"about":[{"href":"https:\/\/www.visionweb.com.ar\/index.php?rest_route=\/wp\/v2\/types\/post"}],"author":[{"embeddable":true,"href":"https:\/\/www.visionweb.com.ar\/index.php?rest_route=\/wp\/v2\/users\/3"}],"replies":[{"embeddable":true,"href":"https:\/\/www.visionweb.com.ar\/index.php?rest_route=%2Fwp%2Fv2%2Fcomments&post=17227"}],"version-history":[{"count":2,"href":"https:\/\/www.visionweb.com.ar\/index.php?rest_route=\/wp\/v2\/posts\/17227\/revisions"}],"predecessor-version":[{"id":17230,"href":"https:\/\/www.visionweb.com.ar\/index.php?rest_route=\/wp\/v2\/posts\/17227\/revisions\/17230"}],"wp:featuredmedia":[{"embeddable":true,"href":"https:\/\/www.visionweb.com.ar\/index.php?rest_route=\/wp\/v2\/media\/17228"}],"wp:attachment":[{"href":"https:\/\/www.visionweb.com.ar\/index.php?rest_route=%2Fwp%2Fv2%2Fmedia&parent=17227"}],"wp:term":[{"taxonomy":"category","embeddable":true,"href":"https:\/\/www.visionweb.com.ar\/index.php?rest_route=%2Fwp%2Fv2%2Fcategories&post=17227"},{"taxonomy":"post_tag","embeddable":true,"href":"https:\/\/www.visionweb.com.ar\/index.php?rest_route=%2Fwp%2Fv2%2Ftags&post=17227"}],"curies":[{"name":"wp","href":"https:\/\/api.w.org\/{rel}","templated":true}]}}