{"id":17219,"date":"2025-02-11T12:39:46","date_gmt":"2025-02-11T15:39:46","guid":{"rendered":"https:\/\/www.visionweb.com.ar\/?p=17219"},"modified":"2025-02-11T12:39:46","modified_gmt":"2025-02-11T15:39:46","slug":"provincia-convocatoria-para-designar-al-referente-bonaerense-ante-el-consejo-federal-de-discapacidad","status":"publish","type":"post","link":"https:\/\/www.visionweb.com.ar\/?p=17219","title":{"rendered":"Provincia: Convocatoria para designar al referente bonaerense ante el Consejo Federal de Discapacidad"},"content":{"rendered":"<p><em><strong>Ya se abri\u00f3 y recibir\u00e1n postulaciones hasta el 28 de febrero. La asamblea de selecci\u00f3n se llevar\u00e1 a cabo el jueves 13 de marzo, a las 10 de la ma\u00f1ana, en el Ministerio de Desarrollo de la Comunidad de la Provincia de Buenos Aires.<\/strong><\/em><!--more--><\/p>\n<p><strong>\u00a0\u00a0 <img loading=\"lazy\" decoding=\"async\" class=\"size-medium wp-image-14835 alignright\" src=\"https:\/\/www.visionweb.com.ar\/wp-content\/uploads\/2024\/06\/Discapacidad-300x225.png\" alt=\"\" width=\"300\" height=\"225\" srcset=\"https:\/\/www.visionweb.com.ar\/wp-content\/uploads\/2024\/06\/Discapacidad-300x225.png 300w, https:\/\/www.visionweb.com.ar\/wp-content\/uploads\/2024\/06\/Discapacidad-320x240.png 320w, https:\/\/www.visionweb.com.ar\/wp-content\/uploads\/2024\/06\/Discapacidad.png 404w\" sizes=\"auto, (max-width: 300px) 100vw, 300px\" \/>\u00a0 E<\/strong>l Ministerio de <strong>Desarrollo de la Comunidad<\/strong> inform\u00f3 que est\u00e1 abierta la convocatoria para organizaciones de la sociedad civil, de y para personas con discapacidad de la Provincia de Buenos Aires,\u00a0<strong>para participar en la selecci\u00f3n del representante provincial ante el Consejo Federal de Discapacidad (COFEDIS).<\/strong><\/p>\n<p>La convocatoria fue anunciada ayer lunes y publicada en el Bolet\u00edn Oficial de la Provincia de Buenos Aires, y lleva la firma de la subsecretaria de Pol\u00edticas Sociales del Ministerio, Bernarda Meglia.<\/p>\n<p>Esta <strong>subsecretar\u00eda<\/strong>, a trav\u00e9s de la Direcci\u00f3n de Promoci\u00f3n de Derechos para Personas con Discapacidad, a cargo de Ra\u00fal Lucero, es la <strong>encargada de representar a la Provincia de Buenos Aires<\/strong> ante el <strong>COFEDIS<\/strong>.<\/p>\n<p>Postulaciones<\/p>\n<p>Las postulaciones se recibir\u00e1n <strong>hasta el 28 de febrero <\/strong>del corriente a\u00f1o. Las organizaciones interesadas en postular a un\/a integrante\u00a0<strong>deber\u00e1n enviar a la direcci\u00f3n de correo electr\u00f3nico cofedispba@gmail.com la solicitud<\/strong>\u00a0junto con la siguiente documentaci\u00f3n:<\/p>\n<ul>\n<li>Copia de constancia de inscripci\u00f3n en el Registro Nacional y\/o Provincial de Personas Jur\u00eddicas y certificado de vigencia. La constancia deber\u00e1 haberse expedido, como m\u00e1ximo, dentro de los seis (6) meses anteriores a la elecci\u00f3n.<\/li>\n<\/ul>\n<ul>\n<li>Acreditaci\u00f3n de una antig\u00fcedad m\u00ednima de dos (2) a\u00f1os desde la fecha de presentaci\u00f3n del pedido de inscripci\u00f3n ante el Registro pertinente de Personas Jur\u00eddicas.<\/li>\n<\/ul>\n<ul>\n<li>Copia \u00edntegra de los estatutos sociales y sus modificaciones.<\/li>\n<\/ul>\n<ul>\n<li>\u00daltima acta de designaci\u00f3n de autoridades.<\/li>\n<\/ul>\n<ul>\n<li>Copia de acta de comisi\u00f3n directiva con la designaci\u00f3n de la persona a representar a la organizaci\u00f3n como candidato titular o suplente por la Provincia de Buenos Aires ante el COFEDIS.<\/li>\n<\/ul>\n<p><strong>La asamblea de selecci\u00f3n se llevar\u00e1 a cabo el jueves 13 de marzo, a las 10 de la ma\u00f1ana,<\/strong>\u00a0en el piso 10 del Ministerio de Desarrollo de la Comunidad de la Provincia de Buenos Aires, ubicado en calle 55 N\u00b0570, entre 6 y 7, de la ciudad de La Plata. <strong>(VW)<\/strong><\/p>\n","protected":false},"excerpt":{"rendered":"<p>Ya se abri\u00f3 y recibir\u00e1n postulaciones hasta el 28 de febrero. La asamblea de selecci\u00f3n se llevar\u00e1 a cabo el jueves 13 de marzo, a las 10 de la ma\u00f1ana, en el Ministerio de&#46;&#46;&#46;<\/p>\n","protected":false},"author":4,"featured_media":14835,"comment_status":"closed","ping_status":"closed","sticky":false,"template":"","format":"standard","meta":{"_monsterinsights_skip_tracking":false,"_monsterinsights_sitenote_active":false,"_monsterinsights_sitenote_note":"","_monsterinsights_sitenote_category":0,"footnotes":""},"categories":[4,5],"tags":[7297,876,7298],"class_list":["post-17219","post","type-post","status-publish","format-standard","has-post-thumbnail","hentry","category-politica","category-sociedad","tag-cofedis","tag-convocatoria","tag-referente-bonaerense-discapacidad"],"_links":{"self":[{"href":"https:\/\/www.visionweb.com.ar\/index.php?rest_route=\/wp\/v2\/posts\/17219","targetHints":{"allow":["GET"]}}],"collection":[{"href":"https:\/\/www.visionweb.com.ar\/index.php?rest_route=\/wp\/v2\/posts"}],"about":[{"href":"https:\/\/www.visionweb.com.ar\/index.php?rest_route=\/wp\/v2\/types\/post"}],"author":[{"embeddable":true,"href":"https:\/\/www.visionweb.com.ar\/index.php?rest_route=\/wp\/v2\/users\/4"}],"replies":[{"embeddable":true,"href":"https:\/\/www.visionweb.com.ar\/index.php?rest_route=%2Fwp%2Fv2%2Fcomments&post=17219"}],"version-history":[{"count":1,"href":"https:\/\/www.visionweb.com.ar\/index.php?rest_route=\/wp\/v2\/posts\/17219\/revisions"}],"predecessor-version":[{"id":17220,"href":"https:\/\/www.visionweb.com.ar\/index.php?rest_route=\/wp\/v2\/posts\/17219\/revisions\/17220"}],"wp:featuredmedia":[{"embeddable":true,"href":"https:\/\/www.visionweb.com.ar\/index.php?rest_route=\/wp\/v2\/media\/14835"}],"wp:attachment":[{"href":"https:\/\/www.visionweb.com.ar\/index.php?rest_route=%2Fwp%2Fv2%2Fmedia&parent=17219"}],"wp:term":[{"taxonomy":"category","embeddable":true,"href":"https:\/\/www.visionweb.com.ar\/index.php?rest_route=%2Fwp%2Fv2%2Fcategories&post=17219"},{"taxonomy":"post_tag","embeddable":true,"href":"https:\/\/www.visionweb.com.ar\/index.php?rest_route=%2Fwp%2Fv2%2Ftags&post=17219"}],"curies":[{"name":"wp","href":"https:\/\/api.w.org\/{rel}","templated":true}]}}