{"id":17213,"date":"2025-02-10T17:08:39","date_gmt":"2025-02-10T20:08:39","guid":{"rendered":"https:\/\/www.visionweb.com.ar\/?p=17213"},"modified":"2025-02-10T17:12:23","modified_gmt":"2025-02-10T20:12:23","slug":"milei-le-pidio-la-renuncia-a-de-los-heros","status":"publish","type":"post","link":"https:\/\/www.visionweb.com.ar\/?p=17213","title":{"rendered":"Milei le pidi\u00f3 la renuncia a De los Heros"},"content":{"rendered":"<p><em><strong>El ahora, ex titular de la ANSES, Mariano de los Heros hab\u00eda dicho que el Gobierno estaba trabajando en una rforma previsional. El presidente Javier Milei lo desminti\u00f3 y aseguro que no \u00abes momento\u00bb .<\/strong><\/em>\u00a0 <!--more--><\/p>\n<p><img loading=\"lazy\" decoding=\"async\" class=\"size-medium wp-image-17214 alignright\" src=\"https:\/\/www.visionweb.com.ar\/wp-content\/uploads\/2025\/02\/DE-LOS-HEROS-300x200.png\" alt=\"\" width=\"300\" height=\"200\" srcset=\"https:\/\/www.visionweb.com.ar\/wp-content\/uploads\/2025\/02\/DE-LOS-HEROS-300x200.png 300w, https:\/\/www.visionweb.com.ar\/wp-content\/uploads\/2025\/02\/DE-LOS-HEROS.png 640w\" sizes=\"auto, (max-width: 300px) 100vw, 300px\" \/>El gobierno nacional\u00a0<strong>le pidi\u00f3 la renuncia al titular de ANSES, Mariano de los Heros, y en su lugar asumir\u00e1 Fernando Bearzi.\u00a0<\/strong>As\u00ed lo anunciaron el vocero presidencial, Manuel Adorni, y la ministra de Capital Humano, Sandra Pettovello, a trav\u00e9s de sus cuentas de X.<\/p>\n<p>\u201cEn el d\u00eda de hoy, se solicit\u00f3 la renuncia del titular de ANSES, Dr. Mariano de los Heros. Asumir\u00e1 el cargo de director ejecutivo Fernando Bearzi, quien hasta la fecha se desempe\u00f1aba como subdirector\u201d, indic\u00f3 la funcionaria.<\/p>\n<p>El presidente Javier Milei desvincul\u00f3 a De los Heros, luego de que el ahora exfuncionario pusiera en consideraci\u00f3n la posibilidad de llevar adelante una reforma jubilatoria antes de fin de a\u00f1o.<\/p>\n<p>Entrevistado por el periodista Antonio Laje en el canal A24, el mandatario dej\u00f3 en claro que \u00a0<strong>\u201cEso no est\u00e1 en carpeta, eso corre por cuenta del titular de ANSES. Eso no es lo que est\u00e1 en carpeta. Es decir, hasta que usted no arregle el problema laboral, no puede ir con el tema previsional\u201d<\/strong>, asegur\u00f3 Milei, y explic\u00f3 que antes de abordar una reforma jubilatoria es necesario solucionar los problemas del mercado laboral. Horas despu\u00e9s, se conoci\u00f3 la decisi\u00f3n de la remoci\u00f3n del cargo.<\/p>\n<h4 class=\"wp-block-heading\">Otra renuncia<\/h4>\n<p>Este lunes,\u00a0<strong>Milei, tambi\u00e9n le pidi\u00f3 la renuncia a Sonia Cavallo, hasta ahora embajadora argentina ante la Organizaci\u00f3n de los Estados Americanos (OEA), e hija del exministro de Econom\u00eda<\/strong>, Domingo Cavallo.<\/p>\n<p>Despu\u00e9s de las duras cr\u00edticas de Milei hacia su padre, en la entrevista que dio a A 24,\u00a0 el vocero presidencial Manuel Adorni confirm\u00f3 la decisi\u00f3n a trav\u00e9s de sus redes sociales. \u201cPor decisi\u00f3n del Presidente de la Naci\u00f3n, Sonia Cavallo deja de ser la embajadora argentina ante la OEA\u201d, escribi\u00f3 Adorni en X<strong>.(VW)<\/strong><\/p>\n","protected":false},"excerpt":{"rendered":"<p>El ahora, ex titular de la ANSES, Mariano de los Heros hab\u00eda dicho que el Gobierno estaba trabajando en una rforma previsional. El presidente Javier Milei lo desminti\u00f3 y aseguro que no \u00abes momento\u00bb&#46;&#46;&#46;<\/p>\n","protected":false},"author":3,"featured_media":17214,"comment_status":"closed","ping_status":"closed","sticky":false,"template":"","format":"standard","meta":{"_monsterinsights_skip_tracking":false,"_monsterinsights_sitenote_active":false,"_monsterinsights_sitenote_note":"","_monsterinsights_sitenote_category":0,"footnotes":""},"categories":[4,5],"tags":[300,7291,1724],"class_list":["post-17213","post","type-post","status-publish","format-standard","has-post-thumbnail","hentry","category-politica","category-sociedad","tag-anses","tag-de-los-heros","tag-renuncia"],"_links":{"self":[{"href":"https:\/\/www.visionweb.com.ar\/index.php?rest_route=\/wp\/v2\/posts\/17213","targetHints":{"allow":["GET"]}}],"collection":[{"href":"https:\/\/www.visionweb.com.ar\/index.php?rest_route=\/wp\/v2\/posts"}],"about":[{"href":"https:\/\/www.visionweb.com.ar\/index.php?rest_route=\/wp\/v2\/types\/post"}],"author":[{"embeddable":true,"href":"https:\/\/www.visionweb.com.ar\/index.php?rest_route=\/wp\/v2\/users\/3"}],"replies":[{"embeddable":true,"href":"https:\/\/www.visionweb.com.ar\/index.php?rest_route=%2Fwp%2Fv2%2Fcomments&post=17213"}],"version-history":[{"count":2,"href":"https:\/\/www.visionweb.com.ar\/index.php?rest_route=\/wp\/v2\/posts\/17213\/revisions"}],"predecessor-version":[{"id":17216,"href":"https:\/\/www.visionweb.com.ar\/index.php?rest_route=\/wp\/v2\/posts\/17213\/revisions\/17216"}],"wp:featuredmedia":[{"embeddable":true,"href":"https:\/\/www.visionweb.com.ar\/index.php?rest_route=\/wp\/v2\/media\/17214"}],"wp:attachment":[{"href":"https:\/\/www.visionweb.com.ar\/index.php?rest_route=%2Fwp%2Fv2%2Fmedia&parent=17213"}],"wp:term":[{"taxonomy":"category","embeddable":true,"href":"https:\/\/www.visionweb.com.ar\/index.php?rest_route=%2Fwp%2Fv2%2Fcategories&post=17213"},{"taxonomy":"post_tag","embeddable":true,"href":"https:\/\/www.visionweb.com.ar\/index.php?rest_route=%2Fwp%2Fv2%2Ftags&post=17213"}],"curies":[{"name":"wp","href":"https:\/\/api.w.org\/{rel}","templated":true}]}}