{"id":17207,"date":"2025-02-10T12:27:16","date_gmt":"2025-02-10T15:27:16","guid":{"rendered":"https:\/\/www.visionweb.com.ar\/?p=17207"},"modified":"2025-02-10T12:27:16","modified_gmt":"2025-02-10T15:27:16","slug":"came-las-ventas-minoristas-crecieron-255-en-enero","status":"publish","type":"post","link":"https:\/\/www.visionweb.com.ar\/?p=17207","title":{"rendered":"CAME: Las ventas minoristas crecieron 25,5% en enero"},"content":{"rendered":"<p><em><strong>As\u00ed suman dos meses consecutivos en alza. A la vez destac\u00f3 que \u201ca pesar del sustancial incremento registrado,\u00a0los comercios no pudieron recuperar la ca\u00edda del mismo mes del a\u00f1o pasado. El mayor incremento se detect\u00f3 en Bazar, decoraci\u00f3n, textiles de hogar, con un alza del 33,8%; seguido por Alimentos y bebidas, 32,5%, y Textil e Indumentaria, 27,6%.<\/strong><\/em><!--more--><\/p>\n<p><strong>\u00a0 <img loading=\"lazy\" decoding=\"async\" class=\"size-full wp-image-4406 alignright\" src=\"https:\/\/www.visionweb.com.ar\/wp-content\/uploads\/2022\/02\/comercios.bmp\" alt=\"\" width=\"477\" height=\"337\" \/>\u00a0\u00a0 L<\/strong>as <strong>ventas minoristas<\/strong> pymes\u00a0<strong>crecieron 25,5% en enero respecto del mismo per\u00edodo de 2024 y acumularon dos meses consecutivos en alza<\/strong>, seg\u00fan el relevamiento realizado por la <strong>Confederaci\u00f3n Argentina de la Mediana Empresa (CAME)<\/strong>.<\/p>\n<p>\u201cEste aumento registrado en el primer mes del a\u00f1o demuestra\u00a0<strong>una recuperaci\u00f3n del comercio minorista,\u00a0<\/strong>iniciada en diciembre de 2024\u2033, indic\u00f3 el informe.<\/p>\n<p>A la vez subray\u00f3 que \u201cse espera que las pr\u00f3ximas variaciones interanuales contin\u00faen por la senda de la recuperaci\u00f3n\u201d.<\/p>\n<p>Al respecto, asegur\u00f3 que \u201c<strong>la incertidumbre econ\u00f3mica contin\u00faa afectando a los comerciantes<\/strong>, reflej\u00e1ndose en el\u00a0<strong>creciente aumento de los costos operativos\u00a0<\/strong>de las empresas\u201d, pero que \u201clos <strong>empresarios mantienen expectativas positivas<\/strong> de cara al resto del a\u00f1o, esperando que el regreso a clases impulse el consumo en febrero y marzo\u201d.<\/p>\n<p>La entidad pyme tambi\u00e9n advirti\u00f3 que \u201ca pesar del sustancial incremento registrado,\u00a0<strong>los comercios no pudieron recuperar la ca\u00edda del mismo mes del a\u00f1o pasado<\/strong>, que hab\u00eda alcanzado el m\u00ednimo hist\u00f3rico de -28,5%\u201d.<\/p>\n<p>\u201cEn enero, el comercio pyme enfrent\u00f3 un escenario desafiante, marcado por la\u00a0<strong>estacionalidad, el \u00e9xodo de consumidores a pa\u00edses lim\u00edtrofes y baja liquidez\u00a0<\/strong>tras las fiestas de diciembre. Si bien muchos empresarios consultados destacaron como positivo la estabilidad de los precios y una leve mejora real con respecto al a\u00f1o pasado, la mayor\u00eda coincide que<strong> las ventas siguen siendo menores a lo esperado<\/strong>\u201d, explic\u00f3.<\/p>\n<p><strong>Las ventas, rubro por rubro<\/strong><\/p>\n<p>Seg\u00fan el sondeo de CAME, en enero,\u00a0<strong>los siete rubros relevados registraron subas interanuales en sus ventas.\u00a0<\/strong>El mayor incremento se detect\u00f3 en Bazar, decoraci\u00f3n, textiles de hogar, con un alza del 33,8%; seguido por Alimentos y bebidas, 32,5%, y Textil e Indumentaria, 27,6%.<\/p>\n<p><strong>Alimentos y bebidas:\u00a0<\/strong>las ventas subieron 32,5% en la comparaci\u00f3n interanual, mientras que en la comparaci\u00f3n intermensual desestacionalizada se observ\u00f3 una ca\u00edda del 1%. \u201cEsta fuerte recuperaci\u00f3n del rubro est\u00e1\u00a0<strong>impulsada, principalmente, por la base de comparaci\u00f3n, ya que en enero de 2024 hab\u00eda tenido una retracci\u00f3n del 37,1<\/strong>%\u201d, explic\u00f3 CAME.<\/p>\n<p>Tambi\u00e9n indic\u00f3 que durante el primer mes del a\u00f1o es un rubro que \u201cse vio afectado por la estacionalidad y la baja en el consumo debido a las vacaciones, con menor nivel de circulaci\u00f3n de dinero y clientes fuera de sus ciudades\u201d. En algunas regiones como Santa Fe y Buenos Aires destacaron el aumento de costos de insumos, particularmente la carne.<\/p>\n<p><strong>Bazar, decoraci\u00f3n, textiles para el hogar y muebles<\/strong>: las ventas subieron 33,8% interanual, mientras que en la comparaci\u00f3n intermensual desestacionalizada tambi\u00e9n se present\u00f3 un aumento del 3,9%. \u201cEl crecimiento interanual est\u00e1 marcado, entre otros factores, por la baja base de comparaci\u00f3n, ya que\u00a0<strong>este rubro en enero de 2024 tuvo una ca\u00edda de 20,5%.\u00a0<\/strong>No obstante, la variaci\u00f3n intermensual positiva denota una recuperaci\u00f3n real pese a la estacionalidad t\u00edpica de enero\u201d, dijo CAME y destac\u00f3 que \u201cla estabilidad de precios favoreci\u00f3 la toma de decisiones de compra, aunque persisten los desaf\u00edos relacionados con los costos operativos y la carga impositiva\u201d.<\/p>\n<p><strong>Calzado y marroquiner\u00eda<\/strong>: las ventas crecieron 19,8% interanual en enero, mientras que en la comparaci\u00f3n intermensual desestacionalizada el rubro tuvo una retracci\u00f3n de 1,9%. \u201cLa base de comparaci\u00f3n de este rubro en 2024 es una ca\u00edda de -20,8%.\u00a0<strong>Es decir, parte de este crecimiento es recuperaci\u00f3n\u00a0<\/strong>de lo perdido\u201d, indic\u00f3 el informe. Adem\u00e1s, remarc\u00f3 que \u201clas ventas de mochilas, bolsos y valijas se mantuvieron activas debido al turismo y los preparativos para el inicio del ciclo escolar. El calzado deportivo y urbano tambi\u00e9n registr\u00f3 un aumento de la demanda\u201d.<\/p>\n<p><strong>Farmacia<\/strong>: las ventas subieron 19,4% anual en enero, pero cayeron 3,2% en la comparaci\u00f3n intermensual. \u201cSi bien el resultado del mes fue bueno, no alcanz\u00f3 para compensar la ca\u00edda de 45,8% anual que tuvieron las ventas del sector en enero del a\u00f1o pasado\u201d, remarc\u00f3. \u201cEn algunas localidades,\u00a0<strong>el consumo se sostuvo gracias a la venta de protectores, repelentes y medicamentos para afecciones dermatol\u00f3gicas,\u00a0<\/strong>mientras que en otras se vieron afectadas por la menor circulaci\u00f3n de personas debido a las vacaciones\u201d, precis\u00f3 el estudio.<\/p>\n<p><strong>Perfumer\u00eda<\/strong>: las ventas subieron 11,9% anual en enero, mientras que en la comparaci\u00f3n intermensual hubo una ca\u00edda de 0,3%. \u201cSi bien esta\u00a0<strong>recuperaci\u00f3n interanual es relevante, no se llega a recuperar la ca\u00edda de 32,6% de enero 2024<\/strong>\u2033, advirti\u00f3 CAME. No obstante, destac\u00f3 que \u201cmuchos empresarios sostienen expectativas positivas para los pr\u00f3ximos meses\u201d, debido a la cercan\u00eda del inicio de clases y la renovaci\u00f3n de stock para la nueva temporada.<\/p>\n<p><strong>Ferreter\u00eda, materiales el\u00e9ctricos y materiales de la construcci\u00f3n:\u00a0<\/strong>las ventas subieron 14,9% anual en enero y bajaron 3,5% en la comparaci\u00f3n intermensual. \u201cAl igual que con los dem\u00e1s rubros, se observa un\u00a0<strong>incremento de las ventas en t\u00e9rminos interanuales, pero sin llegar a recuperarse completamente de la ca\u00edda de enero 2024\u00a0<\/strong>(-31,3%)\u201d, alert\u00f3 el informe. De cara a los pr\u00f3ximos meses, indic\u00f3 que \u201clos comerciantes esperan un repunte de la actividad, impulsado por la reactivaci\u00f3n de obras y una mayor estabilidad econ\u00f3mica\u201d.<\/p>\n<p><strong>Textil e indumentaria:\u00a0<\/strong>las ventas crecieron 27,6% interanual en enero y 3,1% en la comparaci\u00f3n intermensual desestacionalizada. \u201cEste crecimiento interanual sumado a un cierre de a\u00f1o positivo\u00a0<strong>(fue el \u00fanico rubro que creci\u00f3 en 2024)\u00a0<\/strong>muestra una recuperaci\u00f3n y crecimiento real de los comercios del sector\u201d, destac\u00f3 CAME y asegur\u00f3 que \u201clas expectativas a futuro son optimistas: la estabilidad de precios y un progresivo aumento en el consumo generan entusiasmo de cara a los pr\u00f3ximos meses\u201d. <strong>(VW)<\/strong><\/p>\n","protected":false},"excerpt":{"rendered":"<p>As\u00ed suman dos meses consecutivos en alza. A la vez destac\u00f3 que \u201ca pesar del sustancial incremento registrado,\u00a0los comercios no pudieron recuperar la ca\u00edda del mismo mes del a\u00f1o pasado. El mayor incremento se&#46;&#46;&#46;<\/p>\n","protected":false},"author":4,"featured_media":4406,"comment_status":"closed","ping_status":"closed","sticky":false,"template":"","format":"standard","meta":{"_monsterinsights_skip_tracking":false,"_monsterinsights_sitenote_active":false,"_monsterinsights_sitenote_note":"","_monsterinsights_sitenote_category":0,"footnotes":""},"categories":[6],"tags":[7288,309,48],"class_list":["post-17207","post","type-post","status-publish","format-standard","has-post-thumbnail","hentry","category-economia","tag-aumento-de-ventas-minoristas","tag-came","tag-comercios"],"_links":{"self":[{"href":"https:\/\/www.visionweb.com.ar\/index.php?rest_route=\/wp\/v2\/posts\/17207","targetHints":{"allow":["GET"]}}],"collection":[{"href":"https:\/\/www.visionweb.com.ar\/index.php?rest_route=\/wp\/v2\/posts"}],"about":[{"href":"https:\/\/www.visionweb.com.ar\/index.php?rest_route=\/wp\/v2\/types\/post"}],"author":[{"embeddable":true,"href":"https:\/\/www.visionweb.com.ar\/index.php?rest_route=\/wp\/v2\/users\/4"}],"replies":[{"embeddable":true,"href":"https:\/\/www.visionweb.com.ar\/index.php?rest_route=%2Fwp%2Fv2%2Fcomments&post=17207"}],"version-history":[{"count":1,"href":"https:\/\/www.visionweb.com.ar\/index.php?rest_route=\/wp\/v2\/posts\/17207\/revisions"}],"predecessor-version":[{"id":17208,"href":"https:\/\/www.visionweb.com.ar\/index.php?rest_route=\/wp\/v2\/posts\/17207\/revisions\/17208"}],"wp:featuredmedia":[{"embeddable":true,"href":"https:\/\/www.visionweb.com.ar\/index.php?rest_route=\/wp\/v2\/media\/4406"}],"wp:attachment":[{"href":"https:\/\/www.visionweb.com.ar\/index.php?rest_route=%2Fwp%2Fv2%2Fmedia&parent=17207"}],"wp:term":[{"taxonomy":"category","embeddable":true,"href":"https:\/\/www.visionweb.com.ar\/index.php?rest_route=%2Fwp%2Fv2%2Fcategories&post=17207"},{"taxonomy":"post_tag","embeddable":true,"href":"https:\/\/www.visionweb.com.ar\/index.php?rest_route=%2Fwp%2Fv2%2Ftags&post=17207"}],"curies":[{"name":"wp","href":"https:\/\/api.w.org\/{rel}","templated":true}]}}