{"id":17206,"date":"2025-02-10T12:29:47","date_gmt":"2025-02-10T15:29:47","guid":{"rendered":"https:\/\/www.visionweb.com.ar\/?p=17206"},"modified":"2025-02-10T12:39:48","modified_gmt":"2025-02-10T15:39:48","slug":"tarifas-de-luz-la-provincia-autorizo-un-aumento-del-2-por-ciento","status":"publish","type":"post","link":"https:\/\/www.visionweb.com.ar\/?p=17206","title":{"rendered":"Tarifas de luz: La provincia autoriz\u00f3 un aumento del 2 por ciento"},"content":{"rendered":"<p><strong><em>La confirmaci\u00f3n lleg\u00f3 este lunes con el Bolet\u00edn Oficial. Impactar\u00e1 en las facturas de marzo y abril.\u00a0El aumento empezar\u00e1 a regir desde ma\u00f1ana martes con los consumos del mes de febrero.<\/em><\/strong><!--more--><\/p>\n<p><strong><img loading=\"lazy\" decoding=\"async\" class=\"size-medium wp-image-535 alignright\" src=\"https:\/\/www.visionweb.com.ar\/wp-content\/uploads\/2020\/12\/ENERGIA-300x167.png\" alt=\"\" width=\"300\" height=\"167\" srcset=\"https:\/\/www.visionweb.com.ar\/wp-content\/uploads\/2020\/12\/ENERGIA-300x167.png 300w, https:\/\/www.visionweb.com.ar\/wp-content\/uploads\/2020\/12\/ENERGIA.png 674w\" sizes=\"auto, (max-width: 300px) 100vw, 300px\" \/>El gobierno de la provincia de Buenos Aires<\/strong>\u00a0autoriz\u00f3 un aumento en las tarifas de luz para la primera parte del a\u00f1o.<strong>\u00a0Ser\u00e1 de un 2% y se ver\u00e1 en las facturas que lleguen desde abril y mayo<\/strong>.<\/p>\n<p>El reajuste qued\u00f3 establecido por la\u00a0<strong>Resoluci\u00f3n N\u00b0 67-MIYSPGP-2025<\/strong>, publicada este lunes en el Bolet\u00edn Oficial.<\/p>\n<p>Los montos corresponden a la la actualizaci\u00f3n del gravamen destinado al Fondo nacional de Energ\u00eda El\u00e9ctrica\u00a0 (FNEE) de acuerdo a lo dispuesto por la Secretar\u00eda de Energ\u00eda de la Naci\u00f3n y un ajuste transitorio del Valor Agregado de Distribuci\u00f3n (VAD), principal fuente de ingresos de las distribuidoras.<\/p>\n<p>Los nuevos valores del cuadro tarifario alcanzan a las distribuidoras Edelap, Edea,Eden, Edes del \u00c1rea R\u00edo de la Plata , Atl\u00e1ntica, Norte y Sur.<\/p>\n<p>A modo de ejemplo, se grafic\u00f3 que <span style=\"color: #0000ff;\"><em><strong>un usuario residencial N1 (ingresos altos) que pagaba $34.250 mensuales pagar\u00e1 $34.840 con el mismo consumo. En el caso de un usuario N2 (ingresos bajos), la factura pasar\u00e1 de $21.000 a $21.500.<\/strong><\/em><\/span><\/p>\n<p>El aumento empezar\u00e1 a regir desde ma\u00f1ana martes con los consumos del mes de febrero pero reci\u00e9n se ver\u00e1 reflejado con las facturas correspondientes a marzo y abril.<strong>(VW)<\/strong><\/p>\n<p>&nbsp;<\/p>\n<p>&nbsp;<\/p>\n","protected":false},"excerpt":{"rendered":"<p>La confirmaci\u00f3n lleg\u00f3 este lunes con el Bolet\u00edn Oficial. Impactar\u00e1 en las facturas de marzo y abril.\u00a0El aumento empezar\u00e1 a regir desde ma\u00f1ana martes con los consumos del mes de febrero.<\/p>\n","protected":false},"author":3,"featured_media":535,"comment_status":"closed","ping_status":"closed","sticky":false,"template":"","format":"standard","meta":{"_monsterinsights_skip_tracking":false,"_monsterinsights_sitenote_active":false,"_monsterinsights_sitenote_note":"","_monsterinsights_sitenote_category":0,"footnotes":""},"categories":[8],"tags":[799,1804,195,3828],"class_list":["post-17206","post","type-post","status-publish","format-standard","has-post-thumbnail","hentry","category-interes-general","tag-abril","tag-ajuste","tag-energia","tag-impacto"],"_links":{"self":[{"href":"https:\/\/www.visionweb.com.ar\/index.php?rest_route=\/wp\/v2\/posts\/17206","targetHints":{"allow":["GET"]}}],"collection":[{"href":"https:\/\/www.visionweb.com.ar\/index.php?rest_route=\/wp\/v2\/posts"}],"about":[{"href":"https:\/\/www.visionweb.com.ar\/index.php?rest_route=\/wp\/v2\/types\/post"}],"author":[{"embeddable":true,"href":"https:\/\/www.visionweb.com.ar\/index.php?rest_route=\/wp\/v2\/users\/3"}],"replies":[{"embeddable":true,"href":"https:\/\/www.visionweb.com.ar\/index.php?rest_route=%2Fwp%2Fv2%2Fcomments&post=17206"}],"version-history":[{"count":1,"href":"https:\/\/www.visionweb.com.ar\/index.php?rest_route=\/wp\/v2\/posts\/17206\/revisions"}],"predecessor-version":[{"id":17209,"href":"https:\/\/www.visionweb.com.ar\/index.php?rest_route=\/wp\/v2\/posts\/17206\/revisions\/17209"}],"wp:featuredmedia":[{"embeddable":true,"href":"https:\/\/www.visionweb.com.ar\/index.php?rest_route=\/wp\/v2\/media\/535"}],"wp:attachment":[{"href":"https:\/\/www.visionweb.com.ar\/index.php?rest_route=%2Fwp%2Fv2%2Fmedia&parent=17206"}],"wp:term":[{"taxonomy":"category","embeddable":true,"href":"https:\/\/www.visionweb.com.ar\/index.php?rest_route=%2Fwp%2Fv2%2Fcategories&post=17206"},{"taxonomy":"post_tag","embeddable":true,"href":"https:\/\/www.visionweb.com.ar\/index.php?rest_route=%2Fwp%2Fv2%2Ftags&post=17206"}],"curies":[{"name":"wp","href":"https:\/\/api.w.org\/{rel}","templated":true}]}}