{"id":17201,"date":"2025-02-10T11:59:49","date_gmt":"2025-02-10T14:59:49","guid":{"rendered":"https:\/\/www.visionweb.com.ar\/?p=17201"},"modified":"2025-02-10T12:06:53","modified_gmt":"2025-02-10T15:06:53","slug":"panorama-politico-entre-nacion-y-provincia-mas-rounds-y-cero-resultados","status":"publish","type":"post","link":"https:\/\/www.visionweb.com.ar\/?p=17201","title":{"rendered":"Panorama pol\u00edtico entre Naci\u00f3n y Provincia: M\u00e1s rounds y cero resultados"},"content":{"rendered":"<ul>\n<li><strong><em>Espert encabezar\u00e1 la disputa electoral para batallar con Kicillof.<\/em><\/strong><\/li>\n<li><strong><em>Milei: \u201cEstoy orgulloso de que Espert se meta a pelearle al mentiroso de Kicillof\u201d. <\/em><\/strong><\/li>\n<li><strong><em>Kicillof: Reclamo a Milei por la devoluci\u00f3n de 750 mil millones de pesos para seguridad.<\/em><\/strong><\/li>\n<li><strong><em>Cuestionamientos a Kicillof por la compra de instrumentos musicales en medio de la ola de inseguridad.<\/em><\/strong><\/li>\n<\/ul>\n<p><!--more--><\/p>\n<p><strong>\u00a0<\/strong><strong> \u00a0 <img loading=\"lazy\" decoding=\"async\" class=\"size-medium wp-image-10528 alignright\" src=\"https:\/\/www.visionweb.com.ar\/wp-content\/uploads\/2023\/05\/KICILLOF-CON-POLICIAS-300x169.png\" alt=\"\" width=\"300\" height=\"169\" srcset=\"https:\/\/www.visionweb.com.ar\/wp-content\/uploads\/2023\/05\/KICILLOF-CON-POLICIAS-300x169.png 300w, https:\/\/www.visionweb.com.ar\/wp-content\/uploads\/2023\/05\/KICILLOF-CON-POLICIAS.png 640w\" sizes=\"auto, (max-width: 300px) 100vw, 300px\" \/>\u00a0\u00a0\u00a0\u00a0\u00a0\u00a0\u00a0\u00a0 E<\/strong>l<strong> presidente Javier Milei <\/strong>anunci\u00f3 hoy que el<strong> diputado\u00a0Jos\u00e9 Luis Espert se afiliar\u00e1 esta ma\u00f1ana a La Libertad Avanza,\u00a0y asegur\u00f3 que competir\u00e1 en la provincia de Buenos Aires para hacerle frente al gobernador de Uni\u00f3n por la Patria, Axel Kicillof.<\/strong><\/p>\n<p>\u201cAhora nos vamos para Casa Rosada y vamos a afiliar al profe Espert a La Libertad Avanza. Al margen de la labor brillante que est\u00e1 haciendo,<strong> se va a sumar a la batalla electoral en la provincia de Buenos Aires como uno de los m\u00e1ximos exponentes de la libertad\u201d, <\/strong>sostuvo en declaraciones a A24.<\/p>\n<p>En la misma l\u00ednea, el presidente puntualiz\u00f3:<strong> \u201cEstoy orgulloso de que se meta en el barro de la provincia para pelearle de cara a cara\u00a0a un mentiroso, impresentable, incompetente e in\u00fatil como Kicillof, que adem\u00e1s es bruto\u201d.<\/strong><\/p>\n<p><strong>Para Milei, el gobernador \u201ctiene la provincia que es un ba\u00f1o de sangre\u00bb, y remarc\u00f3 que \u00aben lugar de ponerse los pantalones,\u00a0le echa la culpa a la Naci\u00f3n\u201d.\u00a0<\/strong><\/p>\n<p><strong>\u201cSe gasta\u00a030 mil millones en sobornar medios de comunicaci\u00f3n o en hormonizaci\u00f3n de ni\u00f1os. Por qu\u00e9 no lo pone en algo prioritario como es la seguridad\u201d, cuestion\u00f3.<\/strong><\/p>\n<p>Asimismo, el mandatario plante\u00f3 que si el Gobierno Nacional girara plata a Kicillof, \u201cno lo arregla porque\u00a0cree en la doctrina Zaffaroni\u00a0porque pone al delincuente como v\u00edctima\u201d.<\/p>\n<p><strong><img loading=\"lazy\" decoding=\"async\" class=\"size-medium wp-image-13144 alignleft\" src=\"https:\/\/www.visionweb.com.ar\/wp-content\/uploads\/2023\/12\/Milei-presidente-300x199.png\" alt=\"\" width=\"300\" height=\"199\" srcset=\"https:\/\/www.visionweb.com.ar\/wp-content\/uploads\/2023\/12\/Milei-presidente-300x199.png 300w, https:\/\/www.visionweb.com.ar\/wp-content\/uploads\/2023\/12\/Milei-presidente.png 358w\" sizes=\"auto, (max-width: 300px) 100vw, 300px\" \/>Kicillof: El reclamo a Milei por la devoluci\u00f3n de 750 mil millones de pesos para seguridad:<\/strong><\/p>\n<p>Por su parte, el<strong> gobernador de la provincia de Buenos Aires,\u00a0Axel Kicillof, le exigi\u00f3 al presidente Javier Milei que restituya los 750 mil millones de pesos\u00a0que, seg\u00fan el mandatario provincial, le fueron quitados a la provincia y estaban destinados a\u00a0reforzar las pol\u00edticas de seguridad.<\/strong><\/p>\n<p><strong>Kicillof argument\u00f3 que esos fondos iban a ser utilizados para\u00a0\u201cla incorporaci\u00f3n de m\u00e1s agentes, m\u00e1s patrulleros, pertrechos y tecnolog\u00eda\u201d. En ese sentido, cuestion\u00f3 la actitud del presidente y le pidi\u00f3 que \u201cdeje de hacer marketing con el dolor y la tragedia\u201d.<\/strong><\/p>\n<p><strong>Cr\u00edticas a la pol\u00edtica econ\u00f3mica:\u00a0<\/strong>El gobernador de Buenos Aires\u00a0tambi\u00e9n<strong> critic\u00f3 la pol\u00edtica econ\u00f3mica del Gobierno nacional\u00a0y afirm\u00f3 que la gesti\u00f3n de Milei \u201ccelebra como exitosa\u201d una situaci\u00f3n que, seg\u00fan su visi\u00f3n,\u00a0est\u00e1 \u201cpulverizando jubilaciones, salarios, empleo, industria y producci\u00f3n\u201d.<\/strong><\/p>\n<p>En un extenso mensaje publicado en redes sociales,\u00a0Kicillof cuestion\u00f3 la respuesta del presidente a sus cr\u00edticas previas\u00a0y <strong>asegur\u00f3 que el Gobierno nacional \u201cno consigue responder ninguno de los argumentos y objeciones\u201d que plante\u00f3 sobre el rumbo econ\u00f3mico del pa\u00eds.<\/strong><\/p>\n<p><strong>El mandatario provincial tambi\u00e9n reclam\u00f3 una\u00a0mayor inversi\u00f3n en \u00e1reas clave como educaci\u00f3n, salud y seguridad.\u00a0\u201cLa provincia necesita obras\u201d, sostuvo, y pidi\u00f3 que el Gobierno nacional \u201cfrene con la violencia verbal y reanude las obras\u201d.<\/strong><\/p>\n<p><strong>Pedido de di\u00e1logo: Kicillof <\/strong>indic\u00f3 que<strong> hab\u00eda solicitado\u00a0una reuni\u00f3n con Milei para discutir la situaci\u00f3n de la seguridad en la provincia,\u00a0pero afirm\u00f3 que no obtuvo respuesta. \u201cHace unos d\u00edas le propuse una reuni\u00f3n para abordar un tema muy serio y concreto, pero no me respondi\u00f3\u201d, manifest\u00f3.<\/strong><\/p>\n<p><strong>Asimismo, se\u00f1al\u00f3 que\u00a0la gesti\u00f3n nacional debe asumir las responsabilidades que le asigna la Constituci\u00f3n\u00a0<\/strong>y remarc\u00f3 que su Gobierno contin\u00faa<strong> \u201cluchando sin descanso\u201d contra la inseguridad en la provincia.<\/strong><\/p>\n<p>Finalmente, el gobernador hizo referencia a la <strong>ca\u00edda del consumo de alimentos esenciales y sostuvo que el consumo de carne, leche y yerba mate se encuentra en los niveles m\u00e1s bajos de los \u00faltimos 100 a\u00f1os. \u201cMientras usted y su amigo Macri conversan comiendo milanesas, su gobierno est\u00e1 destruyendo la capacidad adquisitiva, la salud y hasta las costumbres del pueblo argentino\u201d, <\/strong>concluy\u00f3 Kicillof en su mensaje dirigido al presidente.<\/p>\n<p><strong>Cuestionamiento a Kicillof y Alonso por gastar $100 millones en instrumentos musicales:<\/strong><\/p>\n<p>En las \u00faltimas horas, el\u00a0<strong>senador bonaerense<\/strong>\u00a0del bloque\u00a0<strong>UCR + Cambio Federal<\/strong>,\u00a0<strong>Ariel Bordaisco<\/strong>, arremeti\u00f3 contra la administraci\u00f3n de\u00a0<strong>Axel Kicillof<\/strong>\u00a0porque el\u00a0<strong>Ministerio de Seguridad<\/strong>\u00a0de\u00a0<strong>Javier Alonso<\/strong>\u00a0licit\u00f3 una partida de $100 millones para adquirir instrumentos musicales en medio de la <strong>ola de inseguridad <\/strong>que se registr\u00f3 en los \u00faltimos d\u00edas en la\u00a0<strong>provincia de Buenos Aires<\/strong>.<\/p>\n<p>En concreto, el\u00a0<strong>senador bonaerense<\/strong>\u00a0present\u00f3 dos proyectos referidos al gasto que pretende realizar el\u00a0<strong>Ministerio de Seguridad<\/strong>, uno en el que propone declarar la \u201cprofunda\u201d preocupaci\u00f3n por parte de la Legislatura y otro en el que invita a la administraci\u00f3n de\u00a0<strong>Axel Kicillof<\/strong>\u00a0a que d\u00e9 explicaciones sobre la licitaci\u00f3n, al considerar que deber\u00eda tener otras prioridades por los hechos de il\u00edcitos.<\/p>\n<p>\u201cSi el gobernador le reclama fondos a (presidente,\u00a0<strong>Javier<\/strong>)\u00a0<strong>Milei<\/strong>, vamos a acompa\u00f1arlo, pero si malgasta los que tiene tenemos que pedirle explicaciones y hacerle ver que tiene cambiadas las prioridades. Los bonaerenses tienen miedo de salir a la calle, necesitan pol\u00edticas de seguridad concretas\u201d, refiri\u00f3 el\u00a0<strong>Ariel<\/strong>\u00a0<strong>Bordaisco\u00a0<\/strong>en el proyecto que solicita informaci\u00f3n sobre el gasto.<\/p>\n<p>As\u00ed, el senador bonaerense le ofrece al\u00a0<strong>Gobierno\u00a0<\/strong>de\u00a0<strong>Kicillof\u00a0<\/strong>la posibilidad de dar explicaciones sobre <strong>el fundamento de la adquisici\u00f3n de los instrumentos musicales<\/strong> para a\u00a0<strong>Agrupaci\u00f3n Sinf\u00f3nica<\/strong>\u00a0de la\u00a0<strong>Polic\u00eda Bonaerense<\/strong>, al tiempo que respalda la funci\u00f3n de integraci\u00f3n del aparato de\u00a0<strong>Seguridad\u00a0<\/strong>con la comunidad y la promoci\u00f3n de la m\u00fasica.<\/p>\n<p>En esta l\u00ednea,\u00a0<strong>Bordaisco\u00a0<\/strong>ejemplifica con el valor de las flautas traversa Yamaha YFL 272 y detalla que se registraron ofertas de entre $2.975.000 y 3.394.000, cuando en realidad el precio promedio de estos instrumentos es de aproximadamente $1.600.000. Esto mismo ocurre con los costos de los trombones, que oscilan entre $686.936,25 y $2.925.000.<\/p>\n<p>\u201c<strong>Todos los bonaerenses vemos a diario como la inseguridad nos aqueja en cada rinc\u00f3n de la provincia, que no hay acciones tendientes a parar esta ola, pero se compran instrumentos musicales por $100 millones<\/strong>. Evidentemente las prioridades del Gobernador Kicillof y del ministro Alonso, no van de la mano de las necesidades de los vecinos\u201d, fustig\u00f3 el\u00a0<strong>senador bonaerense<\/strong>. <strong>(VW)<\/strong><\/p>\n","protected":false},"excerpt":{"rendered":"<p>Espert encabezar\u00e1 la disputa electoral para batallar con Kicillof. Milei: \u201cEstoy orgulloso de que Espert se meta a pelearle al mentiroso de Kicillof\u201d. Kicillof: Reclamo a Milei por la devoluci\u00f3n de 750 mil millones&#46;&#46;&#46;<\/p>\n","protected":false},"author":4,"featured_media":10528,"comment_status":"closed","ping_status":"closed","sticky":false,"template":"","format":"standard","meta":{"_monsterinsights_skip_tracking":false,"_monsterinsights_sitenote_active":false,"_monsterinsights_sitenote_note":"","_monsterinsights_sitenote_category":0,"footnotes":""},"categories":[4],"tags":[4680,1010,240,167,4530],"class_list":["post-17201","post","type-post","status-publish","format-standard","has-post-thumbnail","hentry","category-politica","tag-espert","tag-fondos","tag-inseguridad","tag-kicillof","tag-milei"],"_links":{"self":[{"href":"https:\/\/www.visionweb.com.ar\/index.php?rest_route=\/wp\/v2\/posts\/17201","targetHints":{"allow":["GET"]}}],"collection":[{"href":"https:\/\/www.visionweb.com.ar\/index.php?rest_route=\/wp\/v2\/posts"}],"about":[{"href":"https:\/\/www.visionweb.com.ar\/index.php?rest_route=\/wp\/v2\/types\/post"}],"author":[{"embeddable":true,"href":"https:\/\/www.visionweb.com.ar\/index.php?rest_route=\/wp\/v2\/users\/4"}],"replies":[{"embeddable":true,"href":"https:\/\/www.visionweb.com.ar\/index.php?rest_route=%2Fwp%2Fv2%2Fcomments&post=17201"}],"version-history":[{"count":3,"href":"https:\/\/www.visionweb.com.ar\/index.php?rest_route=\/wp\/v2\/posts\/17201\/revisions"}],"predecessor-version":[{"id":17204,"href":"https:\/\/www.visionweb.com.ar\/index.php?rest_route=\/wp\/v2\/posts\/17201\/revisions\/17204"}],"wp:featuredmedia":[{"embeddable":true,"href":"https:\/\/www.visionweb.com.ar\/index.php?rest_route=\/wp\/v2\/media\/10528"}],"wp:attachment":[{"href":"https:\/\/www.visionweb.com.ar\/index.php?rest_route=%2Fwp%2Fv2%2Fmedia&parent=17201"}],"wp:term":[{"taxonomy":"category","embeddable":true,"href":"https:\/\/www.visionweb.com.ar\/index.php?rest_route=%2Fwp%2Fv2%2Fcategories&post=17201"},{"taxonomy":"post_tag","embeddable":true,"href":"https:\/\/www.visionweb.com.ar\/index.php?rest_route=%2Fwp%2Fv2%2Ftags&post=17201"}],"curies":[{"name":"wp","href":"https:\/\/api.w.org\/{rel}","templated":true}]}}