{"id":17194,"date":"2025-02-10T08:42:15","date_gmt":"2025-02-10T11:42:15","guid":{"rendered":"https:\/\/www.visionweb.com.ar\/?p=17194"},"modified":"2025-02-10T08:42:54","modified_gmt":"2025-02-10T11:42:54","slug":"milei-firmo-el-decreto-para-la-privatizacion-de-belgrano-cargas","status":"publish","type":"post","link":"https:\/\/www.visionweb.com.ar\/?p=17194","title":{"rendered":"Milei firm\u00f3 el decreto para la privatizaci\u00f3n de Belgrano Cargas"},"content":{"rendered":"<p><strong><em>Se trata de la primera privatizaci\u00f3n de una empresa ferroviaria bajo la administraci\u00f3n Milei. En octubre el Ejecutivo hab\u00eda adelantado su intenci\u00f3n de transferirla al sector privado, amparado en la Ley Bases.<\/em><\/strong><\/p>\n<p><!--more--><\/p>\n<p><strong><img loading=\"lazy\" decoding=\"async\" class=\"size-medium wp-image-17195 alignleft\" src=\"https:\/\/www.visionweb.com.ar\/wp-content\/uploads\/2025\/02\/BERLGRANO-CARGAS-300x166.png\" alt=\"\" width=\"300\" height=\"166\" srcset=\"https:\/\/www.visionweb.com.ar\/wp-content\/uploads\/2025\/02\/BERLGRANO-CARGAS-300x166.png 300w, https:\/\/www.visionweb.com.ar\/wp-content\/uploads\/2025\/02\/BERLGRANO-CARGAS.png 640w\" sizes=\"auto, (max-width: 300px) 100vw, 300px\" \/>El presidente Javier Milei firm\u00f3 un decreto para iniciar el proceso de privatizaci\u00f3n de la empresa ferroviaria estatal Belgrano Cargas y Log\u00edstica SA.\u00a0<\/strong><\/p>\n<p>El anuncio fue hecho en redes sociales por el vocero presidencial, Manuel Adorni: \u201cEl Estado dejar\u00e1 de ser operador de los servicios ferroviarios de carga y de toda su infraestructura: material rodante, v\u00edas, talleres e inmuebles\u201d, se\u00f1alo la agencia DIB<\/p>\n<p><strong>Se trata de la primera privatizaci\u00f3n de una empresa ferroviaria bajo la administraci\u00f3n de Milei. En octubre, el Ejecutivo ya hab\u00eda adelantado su intenci\u00f3n de transferir Belgrano Cargas al sector privado, amparado en la Ley Bases.<\/strong><\/p>\n<p>Belgrano Cargas fue creada en 2013 mediante la Resoluci\u00f3n 471\/2013 para unificar la operaci\u00f3n de las tres principales l\u00edneas de transporte de carga del pa\u00eds:\u00a0<strong>Belgrano, San Mart\u00edn y Urquiza<\/strong>. Con la privatizaci\u00f3n, la gesti\u00f3n de estas l\u00edneas pasar\u00e1 a manos privadas mediante un esquema de concesi\u00f3n.<\/p>\n<h4 class=\"wp-block-heading\">El Belgrano Cargas<\/h4>\n<p><strong>Trenes Argentinos Cargas (Belgrano Cargas y Log\u00edstica SA) es la empresa estatal argentina encargada del transporte ferroviario de cargas.\u00a0<\/strong>Forma parte del grupo Trenes Argentinos, junto a otras empresas estatales del sector ferroviario.<\/p>\n<p>Fue creada en mayo de 2013 por un decreto de la entonces presidenta Cristina Fern\u00e1ndez, con el objetivo de asumir la explotaci\u00f3n integral de la red carguera del Ferrocarril General Belgrano, que hasta ese momento estaba concesionada a Belgrano Cargas SA.<\/p>\n<p><strong>En junio de 2013 la empresa tambi\u00e9n se hizo cargo de las redes de carga de los ferrocarriles General Urquiza, General San Mart\u00edn y una secci\u00f3n del Sarmiento<\/strong>. Posteriormente, a partir del 1 de noviembre de 2021, asumi\u00f3 el control de la totalidad restante del Sarmiento, General Bartolom\u00e9 Mitre y General Roca, en reemplazo de las empresas FEPSA (2021), NCA (2022) y Ferrosur Roca (2023).<\/p>\n<p><strong>Trenes Argentinos Cargas tiene como accionistas a tres Sociedades del Estado: Trenes Argentinos Infraestructura, Trenes Argentinos Operaciones y la Administraci\u00f3n General de Puertos (AGP) (VW)<\/strong><\/p>\n","protected":false},"excerpt":{"rendered":"<p>Se trata de la primera privatizaci\u00f3n de una empresa ferroviaria bajo la administraci\u00f3n Milei. En octubre el Ejecutivo hab\u00eda adelantado su intenci\u00f3n de transferirla al sector privado, amparado en la Ley Bases.<\/p>\n","protected":false},"author":3,"featured_media":17195,"comment_status":"closed","ping_status":"closed","sticky":false,"template":"","format":"standard","meta":{"_monsterinsights_skip_tracking":false,"_monsterinsights_sitenote_active":false,"_monsterinsights_sitenote_note":"","_monsterinsights_sitenote_category":0,"footnotes":""},"categories":[8,4],"tags":[2316,3282,7286],"class_list":["post-17194","post","type-post","status-publish","format-standard","has-post-thumbnail","hentry","category-interes-general","category-politica","tag-belgrano","tag-cargas","tag-provatizacion"],"_links":{"self":[{"href":"https:\/\/www.visionweb.com.ar\/index.php?rest_route=\/wp\/v2\/posts\/17194","targetHints":{"allow":["GET"]}}],"collection":[{"href":"https:\/\/www.visionweb.com.ar\/index.php?rest_route=\/wp\/v2\/posts"}],"about":[{"href":"https:\/\/www.visionweb.com.ar\/index.php?rest_route=\/wp\/v2\/types\/post"}],"author":[{"embeddable":true,"href":"https:\/\/www.visionweb.com.ar\/index.php?rest_route=\/wp\/v2\/users\/3"}],"replies":[{"embeddable":true,"href":"https:\/\/www.visionweb.com.ar\/index.php?rest_route=%2Fwp%2Fv2%2Fcomments&post=17194"}],"version-history":[{"count":2,"href":"https:\/\/www.visionweb.com.ar\/index.php?rest_route=\/wp\/v2\/posts\/17194\/revisions"}],"predecessor-version":[{"id":17197,"href":"https:\/\/www.visionweb.com.ar\/index.php?rest_route=\/wp\/v2\/posts\/17194\/revisions\/17197"}],"wp:featuredmedia":[{"embeddable":true,"href":"https:\/\/www.visionweb.com.ar\/index.php?rest_route=\/wp\/v2\/media\/17195"}],"wp:attachment":[{"href":"https:\/\/www.visionweb.com.ar\/index.php?rest_route=%2Fwp%2Fv2%2Fmedia&parent=17194"}],"wp:term":[{"taxonomy":"category","embeddable":true,"href":"https:\/\/www.visionweb.com.ar\/index.php?rest_route=%2Fwp%2Fv2%2Fcategories&post=17194"},{"taxonomy":"post_tag","embeddable":true,"href":"https:\/\/www.visionweb.com.ar\/index.php?rest_route=%2Fwp%2Fv2%2Ftags&post=17194"}],"curies":[{"name":"wp","href":"https:\/\/api.w.org\/{rel}","templated":true}]}}