{"id":17192,"date":"2025-02-07T13:21:12","date_gmt":"2025-02-07T16:21:12","guid":{"rendered":"https:\/\/www.visionweb.com.ar\/?p=17192"},"modified":"2025-02-07T13:21:12","modified_gmt":"2025-02-07T16:21:12","slug":"el-gobierno-anuncio-un-refuerzo-para-la-ayuda-escolar-anual","status":"publish","type":"post","link":"https:\/\/www.visionweb.com.ar\/?p=17192","title":{"rendered":"El Gobierno anunci\u00f3 un refuerzo para la ayuda escolar anual"},"content":{"rendered":"<p><em><strong>El objetivo es hacer frente a la canasta para iniciar la escuela. La cifra ronda los\u00a0$85.000, y se precibe en una cuota sola.<\/strong><\/em> <!--more--><\/p>\n<p><strong><img loading=\"lazy\" decoding=\"async\" class=\"size-medium wp-image-10258 alignright\" src=\"https:\/\/www.visionweb.com.ar\/wp-content\/uploads\/2023\/04\/aula-300x168.png\" alt=\"\" width=\"300\" height=\"168\" srcset=\"https:\/\/www.visionweb.com.ar\/wp-content\/uploads\/2023\/04\/aula-300x168.png 300w, https:\/\/www.visionweb.com.ar\/wp-content\/uploads\/2023\/04\/aula.png 390w\" sizes=\"auto, (max-width: 300px) 100vw, 300px\" \/>\u00a0\u00a0\u00a0\u00a0 E<\/strong>l Gobierno anunci\u00f3 que se <strong>pagar\u00e1 un refuerzo<\/strong> para complementar el monto de la\u00a0<strong>Ayuda Escolar Anual, <\/strong>un beneficio que se entrega\u00a0<strong>una vez al a\u00f1o,<\/strong>\u00a0en marzo, a familias de los <strong>alumnos de nivel inicial, primario y secundario<\/strong>.\u00a0Los beneficiarios podr\u00e1n solicitar la asignaci\u00f3n\u00a0<strong>hasta el pr\u00f3ximo 31 de marzo.<\/strong><\/p>\n<p>La cifra podr\u00e1 alcanzar los\u00a0<strong>$85.000<\/strong>\u00a0y se abonar\u00e1 por \u00fanica vez.<\/p>\n<p>A menos de un mes del regreso a clases, la medida fue oficializada tras la publicaci\u00f3n del\u00a0<strong>Decreto 63\/2025<\/strong>\u00a0en el Bolet\u00edn Oficial.<\/p>\n<p>La medida establece que el monto de la Asignaci\u00f3n por Ayuda Escolar Anual para la educaci\u00f3n inicial, general b\u00e1sica y polimodal\u00a0<strong>ser\u00e1 el que surja de actualizar el importe abonado en marzo de 2023<\/strong>, aplicando la f\u00f3rmula de movilidad prevista por el art\u00edculo 32 de la Ley N\u00b0 24.241 y sus modificaciones, conforme lo dispuesto en la Ley N\u00b0 27.160 y sus modificatorias.<\/p>\n<p>El valor de la Asignaci\u00f3n Familiar por Ayuda Escolar Anual\u00a0<strong>s\u00f3lo se actualizar\u00e1 por movilidad una vez al a\u00f1o<\/strong>, en oportunidad de su \u00abpago masivo\u00bb.<\/p>\n<p>El art\u00edculo 2\u00b0 del decreto hace referencia al pago del refuerzo. El monto del mismo ser\u00e1 \u00abequivalente a la diferencia entre el importe de $ 85.000 y el valor que surja de la determinaci\u00f3n de la Asignaci\u00f3n por Ayuda Escolar Anual, conforme lo previsto en el art\u00edculo precedente\u00bb.<\/p>\n<p>Si el monto de la ayuda resulta igual o mayor al importe de $85.000, no corresponder\u00e1 abonar el refuerzo.<\/p>\n<p><strong>Qui\u00e9nes pueden solicitar la Ayuda Escolar Anual 2025<\/strong><\/p>\n<p>De acuerdo con la ANSES, pueden solicitar la Ayuda Escolar las familias que reciben una Asignaci\u00f3n Familiar o Universal, tengan hijos a partir de los 45 d\u00edas y hasta el mes que cumplan 18 a\u00f1os y que concurran a la escuela, ya sea nivel inicial, primario o secundario\/polimodal y los ingresos familiares no superen el tope dispuesto por el organismo previsional, que actualmente es de\u00a0<strong>$3.917.492.<\/strong><\/p>\n<p>Se deber\u00e1n cumplir los siguientes requisitos:<\/p>\n<p>&#8211; Edad de los hijos: El beneficio es para ni\u00f1os, ni\u00f1as y adolescentes de entre 45 d\u00edas y 17 a\u00f1os inclusive.<\/p>\n<ul>\n<li>Escolaridad: Deben asistir a establecimientos educativos p\u00fablicos o privados reconocidos por el Ministerio de Educaci\u00f3n.<\/li>\n<li>Situaci\u00f3n laboral: Destinado a trabajadores registrados, monotributistas, jubilados, pensionados y beneficiarios de la AUH.<\/li>\n<\/ul>\n<p><strong>C\u00f3mo solicitar la Ayuda Escolar Anual<\/strong><\/p>\n<p>La presentaci\u00f3n del certificado de escolaridad puede hacerse a trav\u00e9s de la app Mi Anses, o bien, en la web del organismo, siguiendo estos pasos:<\/p>\n<p>Ingresar a Mi Anses<br \/>\nIr al apartado Hijos y luego hacer clic en Presentar Certificado Escolar<br \/>\nObtener el formulario para cada hijo<br \/>\nElegir Generar Certificado, completar los datos requeridos y seleccionar Generar.<br \/>\nImprimir el certificado y llevarlo a la instituci\u00f3n escolar para que lo completen y firmen.<br \/>\nIngresar nuevamente a Mi Anses, apartado Hijos<br \/>\nSeleccionar: Presentar Certificado Escolar<br \/>\nLuego elegir la opci\u00f3n Subir Certificado y cargar la foto del formulario completo y firmado desde el celular o computadora.<strong> (VW)<\/strong><\/p>\n","protected":false},"excerpt":{"rendered":"<p>El objetivo es hacer frente a la canasta para iniciar la escuela. La cifra ronda los\u00a0$85.000, y se precibe en una cuota sola.<\/p>\n","protected":false},"author":4,"featured_media":10258,"comment_status":"closed","ping_status":"closed","sticky":false,"template":"","format":"standard","meta":{"_monsterinsights_skip_tracking":false,"_monsterinsights_sitenote_active":false,"_monsterinsights_sitenote_note":"","_monsterinsights_sitenote_category":0,"footnotes":""},"categories":[6,5],"tags":[3471,347,7285],"class_list":["post-17192","post","type-post","status-publish","format-standard","has-post-thumbnail","hentry","category-economia","category-sociedad","tag-ayuda-escolar","tag-marzo","tag-refuerzo-escolar"],"_links":{"self":[{"href":"https:\/\/www.visionweb.com.ar\/index.php?rest_route=\/wp\/v2\/posts\/17192","targetHints":{"allow":["GET"]}}],"collection":[{"href":"https:\/\/www.visionweb.com.ar\/index.php?rest_route=\/wp\/v2\/posts"}],"about":[{"href":"https:\/\/www.visionweb.com.ar\/index.php?rest_route=\/wp\/v2\/types\/post"}],"author":[{"embeddable":true,"href":"https:\/\/www.visionweb.com.ar\/index.php?rest_route=\/wp\/v2\/users\/4"}],"replies":[{"embeddable":true,"href":"https:\/\/www.visionweb.com.ar\/index.php?rest_route=%2Fwp%2Fv2%2Fcomments&post=17192"}],"version-history":[{"count":1,"href":"https:\/\/www.visionweb.com.ar\/index.php?rest_route=\/wp\/v2\/posts\/17192\/revisions"}],"predecessor-version":[{"id":17193,"href":"https:\/\/www.visionweb.com.ar\/index.php?rest_route=\/wp\/v2\/posts\/17192\/revisions\/17193"}],"wp:featuredmedia":[{"embeddable":true,"href":"https:\/\/www.visionweb.com.ar\/index.php?rest_route=\/wp\/v2\/media\/10258"}],"wp:attachment":[{"href":"https:\/\/www.visionweb.com.ar\/index.php?rest_route=%2Fwp%2Fv2%2Fmedia&parent=17192"}],"wp:term":[{"taxonomy":"category","embeddable":true,"href":"https:\/\/www.visionweb.com.ar\/index.php?rest_route=%2Fwp%2Fv2%2Fcategories&post=17192"},{"taxonomy":"post_tag","embeddable":true,"href":"https:\/\/www.visionweb.com.ar\/index.php?rest_route=%2Fwp%2Fv2%2Ftags&post=17192"}],"curies":[{"name":"wp","href":"https:\/\/api.w.org\/{rel}","templated":true}]}}