{"id":17184,"date":"2025-02-07T10:17:18","date_gmt":"2025-02-07T13:17:18","guid":{"rendered":"https:\/\/www.visionweb.com.ar\/?p=17184"},"modified":"2025-02-07T10:17:18","modified_gmt":"2025-02-07T13:17:18","slug":"avellaneda-misterio-el-arroyo-sarandi-se-tino-de-rojo","status":"publish","type":"post","link":"https:\/\/www.visionweb.com.ar\/?p=17184","title":{"rendered":"Avellaneda: Misterio, el arroyo Sarandi se ti\u00f1\u00f3 de rojo"},"content":{"rendered":"<p><em><strong>Seg\u00fan los testimonios de los habitantes de la zona, la alteraci\u00f3n en el color del agua podr\u00eda estar relacionada con el vertido de desechos industriales.<\/strong><\/em><!--more--><\/p>\n<p><img loading=\"lazy\" decoding=\"async\" class=\"size-medium wp-image-17185 alignright\" src=\"https:\/\/www.visionweb.com.ar\/wp-content\/uploads\/2025\/02\/ARROYO-CONTAMINADO-300x169.png\" alt=\"\" width=\"300\" height=\"169\" srcset=\"https:\/\/www.visionweb.com.ar\/wp-content\/uploads\/2025\/02\/ARROYO-CONTAMINADO-300x169.png 300w, https:\/\/www.visionweb.com.ar\/wp-content\/uploads\/2025\/02\/ARROYO-CONTAMINADO.png 640w\" sizes=\"auto, (max-width: 300px) 100vw, 300px\" \/>Un tramo del Arroyo Sarand\u00ed se ti\u00f1\u00f3 de rojo debido a la contaminaci\u00f3n sobre el agua, lo que gener\u00f3 la sorpresa de los vecinos que residen en la zona que advirtieron que la situaci\u00f3n tambi\u00e9n se hab\u00eda producido en d\u00edas anteriores.<\/p>\n<p>El cambio de color es a la altura de Villa Inflamable y se sospecha de desechos qu\u00edmicos particularmente anilina roja que habr\u00eda te\u00f1ido el arroyo.<\/p>\n<p>Seg\u00fan los testimonios de los habitantes de la zona, la alteraci\u00f3n en el color del agua podr\u00eda estar relacionada con el vertido de desechos industriales provenientes de empresas que operan en las inmediaciones.<\/p>\n<p>\u201cMi marido sali\u00f3 de nuestra casa y me dijo que estaba todo rojo. Si bien es rojo, otras veces fue amarillo, con un olor \u00e1cido que nos hace mal hasta en la garganta. Vivo a una cuadra del arroyo. Hoy, olor no tiene. No hay muchas f\u00e1bricas en la zona, aunque s\u00ed dep\u00f3sitos\u201d, coment\u00f3 una vecina en una se\u00f1al de noticias.<\/p>\n<p>De hecho, esta no es la primera vez que el agua del arroyo presenta una coloraci\u00f3n extra\u00f1a, lo que refuerza las sospechas de los vecinos sobre la presunta responsabilidad de empresas que vierten sustancias t\u00f3xicas en el curso de agua.<\/p>\n<p>\u201cEn otros d\u00edas tuvimos una espesa amarilla que dej\u00f3 la parte de arriba dura y un olor \u00e1cido. Igualmente, en la canilla no tengo problemas y hay agua potable\u201d, agreg\u00f3 en esta l\u00ednea.<\/p>\n<p>\u201cParece que las curtiembres siguen haciendo de las suyas\u201d, comentaron algunos de los vecinos, quienes se mostraron preocupados.<\/p>\n<p>El arroyo Sarand\u00ed, cuyo cauce est\u00e1 entubado en un 80% y desemboca en el R\u00edo de la Plata, fue hist\u00f3ricamente un receptor de residuos industriales. La falta de controles efectivos permiti\u00f3 que se convierta en un foco de contaminaci\u00f3n que afecta a la comunidad y al ecosistema local.<\/p>\n<p>Organizaciones ambientalistas, como la Asociaci\u00f3n Civil Vecinos de Villa Corina por un Futuro Mejor, vienen denunciando desde hace a\u00f1os la degradaci\u00f3n ambiental del arroyo. Sin embargo, a pesar de las reiteradas quejas y reclamos, la situaci\u00f3n sigue sin resolverse.<\/p>\n<p>La preocupaci\u00f3n radica no solo en el impacto ecol\u00f3gico, sino tambi\u00e9n en los riesgos para la salud de la poblaci\u00f3n que convive con este foco de contaminaci\u00f3n. Ante la gravedad del episodio, los vecinos exigen respuestas concretas de las autoridades municipales y provinciales.<\/p>\n<p>Los residentes de la zona piden la implementaci\u00f3n de controles estrictos sobre las industrias de la zona y la aplicaci\u00f3n de sanciones a aquellas que incumplan las normativas ambientales. Adem\u00e1s, solicitan un plan integral de saneamiento para evitar que el arroyo siga siendo utilizado como un desag\u00fce de residuos t\u00f3xicos<strong>(VW)<\/strong>.<\/p>\n","protected":false},"excerpt":{"rendered":"<p>Seg\u00fan los testimonios de los habitantes de la zona, la alteraci\u00f3n en el color del agua podr\u00eda estar relacionada con el vertido de desechos industriales.<\/p>\n","protected":false},"author":3,"featured_media":17185,"comment_status":"closed","ping_status":"closed","sticky":false,"template":"","format":"standard","meta":{"_monsterinsights_skip_tracking":false,"_monsterinsights_sitenote_active":false,"_monsterinsights_sitenote_note":"","_monsterinsights_sitenote_category":0,"footnotes":""},"categories":[5],"tags":[260,83,7281],"class_list":["post-17184","post","type-post","status-publish","format-standard","has-post-thumbnail","hentry","category-sociedad","tag-arroyo","tag-avellaneda","tag-sarandi"],"_links":{"self":[{"href":"https:\/\/www.visionweb.com.ar\/index.php?rest_route=\/wp\/v2\/posts\/17184","targetHints":{"allow":["GET"]}}],"collection":[{"href":"https:\/\/www.visionweb.com.ar\/index.php?rest_route=\/wp\/v2\/posts"}],"about":[{"href":"https:\/\/www.visionweb.com.ar\/index.php?rest_route=\/wp\/v2\/types\/post"}],"author":[{"embeddable":true,"href":"https:\/\/www.visionweb.com.ar\/index.php?rest_route=\/wp\/v2\/users\/3"}],"replies":[{"embeddable":true,"href":"https:\/\/www.visionweb.com.ar\/index.php?rest_route=%2Fwp%2Fv2%2Fcomments&post=17184"}],"version-history":[{"count":1,"href":"https:\/\/www.visionweb.com.ar\/index.php?rest_route=\/wp\/v2\/posts\/17184\/revisions"}],"predecessor-version":[{"id":17186,"href":"https:\/\/www.visionweb.com.ar\/index.php?rest_route=\/wp\/v2\/posts\/17184\/revisions\/17186"}],"wp:featuredmedia":[{"embeddable":true,"href":"https:\/\/www.visionweb.com.ar\/index.php?rest_route=\/wp\/v2\/media\/17185"}],"wp:attachment":[{"href":"https:\/\/www.visionweb.com.ar\/index.php?rest_route=%2Fwp%2Fv2%2Fmedia&parent=17184"}],"wp:term":[{"taxonomy":"category","embeddable":true,"href":"https:\/\/www.visionweb.com.ar\/index.php?rest_route=%2Fwp%2Fv2%2Fcategories&post=17184"},{"taxonomy":"post_tag","embeddable":true,"href":"https:\/\/www.visionweb.com.ar\/index.php?rest_route=%2Fwp%2Fv2%2Ftags&post=17184"}],"curies":[{"name":"wp","href":"https:\/\/api.w.org\/{rel}","templated":true}]}}