{"id":17179,"date":"2025-02-06T15:53:01","date_gmt":"2025-02-06T18:53:01","guid":{"rendered":"https:\/\/www.visionweb.com.ar\/?p=17179"},"modified":"2025-02-06T15:53:01","modified_gmt":"2025-02-06T18:53:01","slug":"en-un-ano-se-perdieron-185-000-puestos-de-trabajo","status":"publish","type":"post","link":"https:\/\/www.visionweb.com.ar\/?p=17179","title":{"rendered":"En un a\u00f1o se perdieron 185.000 puestos de trabajo"},"content":{"rendered":"<p><em><strong>Son datos oficiales publicados por el ministerio de Capital Humano y corresponden a la medici\u00f3n hecha entre diciembre de 2023 y noviembre de 2024.<\/strong><\/em> <!--more--><\/p>\n<p><img loading=\"lazy\" decoding=\"async\" class=\"size-medium wp-image-4209 alignleft\" src=\"https:\/\/www.visionweb.com.ar\/wp-content\/uploads\/2022\/01\/lanus-empleo-300x168.jpg\" alt=\"\" width=\"300\" height=\"168\" srcset=\"https:\/\/www.visionweb.com.ar\/wp-content\/uploads\/2022\/01\/lanus-empleo-300x168.jpg 300w, https:\/\/www.visionweb.com.ar\/wp-content\/uploads\/2022\/01\/lanus-empleo.jpg 640w\" sizes=\"auto, (max-width: 300px) 100vw, 300px\" \/>En el marco de los ajustes impulsados por el gobierno nacional en los organismos oficiales,con el objeto de achicar el gasto p\u00fablico, incluyendo la obra p\u00fablico, se perdieron <strong>\u00a0casi 185 mil empleos\u00a0<\/strong>formales en los primeros doce meses de gesti\u00f3n de Javier Milei.<\/p>\n<p>Los datos oficiales y que corresponden al per\u00edodo que va de diciembre de 2023 a noviembre de 2024 precisan que en ese per\u00edodo\u00a0<strong>el empleo privado asalariado registrado se redujo en 119.000 personas,<\/strong>\u00a0al bajar de 6.385.000 a 6.266.000 trabajadores.<\/p>\n<p>Adem\u00e1s, el\u00a0<strong>empleo p\u00fablico se achic\u00f3 en 51.000 personas\u00a0<\/strong>al bajar desde 3.484.000 a 3.433.000 millones de empleados y el personal de casas particulares se redujo en 15.000 al caer de 464.000 a 449.000.<\/p>\n<p>En cambio, los\u00a0<strong>monotributistas aumentaron de 2.037.000 a 2.062.000 millones\u00a0<\/strong>con un saldo positivo de de 25.000 titulares.<\/p>\n<p>El total de\u00a0<strong>trabajadores registrados se redujo de 13.392.000 a 13.281.000 trabajadores,\u00a0<\/strong>seg\u00fan los datos de la Secretar\u00eda de Trabajo, que depende del Ministerio de Capital Humano.<\/p>\n<p>En noviembre, el trabajo registrado se redujo 0,1% mensual, lo que implic\u00f3 16.500 trabajadores menos, tras un retroceso semejante en octubre,\u00a0<strong>lo que marca una desaceleraci\u00f3n en la p\u00e9rdida de puestos, aunque a\u00fan no se nota una recuperaci\u00f3n.<\/strong><\/p>\n<p>El empleo formal cumpli\u00f3\u00a0<strong>11 de 12 meses con retrocesos o sin crecimiento\u00a0<\/strong>desde diciembre de 2023, cuando asumi\u00f3 la gesti\u00f3n actual.<\/p>\n<p>En cuanto al\u00a0<strong>empleo privado, hubo una creaci\u00f3n de 2.400 puestos en noviembre<\/strong>, lo cual equivale a una tasa de variaci\u00f3n mensual sin estacionalidad de 0,0%.<\/p>\n<p>El informe se\u00f1ala que el crecimiento del empleo formal acumulado durante los \u00faltimos cuatro meses es \u201cacotado con relaci\u00f3n a la\u00a0<strong>contracci\u00f3n verificada en los meses previos y en comparaci\u00f3n con la expansi\u00f3n de la actividad econ\u00f3mica\u00a0<\/strong>observada durante los \u00faltimos meses\u201d.<\/p>\n<p>Es decir,\u00a0<strong>la econom\u00eda se empieza a recuperar pero eso no se refleja\u00a0<\/strong>en el crecimiento de la demanda laboral.<\/p>\n<p>A su vez, el empleo formal presenta un incremento intermensual oscilante, y no llega a estabilizarse.<\/p>\n<p>En\u00a0<strong>septiembre y octubre la creaci\u00f3n neta de empleo se aceler\u00f3 con respecto a agosto<\/strong>, pero en diciembre volvi\u00f3 a desacelerarse hasta alcanzar un valor similar al verificado en agosto, dice el reporte.<\/p>\n<p>De acuerdo a la informaci\u00f3n que brinda la Encuesta de Indicadores Laborales (EIL),\u00a0<strong>el empleo privado cay\u00f3 0,2% en diciembre con relaci\u00f3n al mes anterior,<\/strong>\u00a0que las autoridades lo atribuyeron a \u201cfactores estacionales\u201d.<\/p>\n<p>El informe consigna que el empleo privado\u00a0<strong>solo creci\u00f3 levemente en la Industria manufacturera (0,1%),\u00a0<\/strong>mientras que se estanc\u00f3 en Comercio, restaurantes y hoteles (0,0%), Transporte, Servicios financieros y Sociales mostraron valores negativos (entre 0,0% y -0,5%8), y la Construcci\u00f3n cay\u00f3 (1,9%).<\/p>\n<p>Desde diciembre de 2023 hasta octubre de 2024,\u00a0<strong>el salario promedio registrado tuvo en cada mes variaciones interanuales menores a la inflaci\u00f3n<\/strong>. Reci\u00e9n en noviembre, la variaci\u00f3n salarial fue superior a la de los precios.<\/p>\n<p>La\u00a0<strong>remuneraci\u00f3n nominal bruta promedio de noviembre de 2024 fue de $1.423.257\u00a0<\/strong>y creci\u00f3 172,8% con relaci\u00f3n al mismo mes del a\u00f1o anterior, mientras que la inflaci\u00f3n fue del 166%<strong>(VW)<\/strong>.<\/p>\n<p>&nbsp;<\/p>\n","protected":false},"excerpt":{"rendered":"<p>Son datos oficiales publicados por el ministerio de Capital Humano y corresponden a la medici\u00f3n hecha entre diciembre de 2023 y noviembre de 2024.<\/p>\n","protected":false},"author":3,"featured_media":4209,"comment_status":"closed","ping_status":"closed","sticky":false,"template":"","format":"standard","meta":{"_monsterinsights_skip_tracking":false,"_monsterinsights_sitenote_active":false,"_monsterinsights_sitenote_note":"","_monsterinsights_sitenote_category":0,"footnotes":""},"categories":[8,5],"tags":[3551,7279,845],"class_list":["post-17179","post","type-post","status-publish","format-standard","has-post-thumbnail","hentry","category-interes-general","category-sociedad","tag-caida","tag-empelo","tag-monotributistas"],"_links":{"self":[{"href":"https:\/\/www.visionweb.com.ar\/index.php?rest_route=\/wp\/v2\/posts\/17179","targetHints":{"allow":["GET"]}}],"collection":[{"href":"https:\/\/www.visionweb.com.ar\/index.php?rest_route=\/wp\/v2\/posts"}],"about":[{"href":"https:\/\/www.visionweb.com.ar\/index.php?rest_route=\/wp\/v2\/types\/post"}],"author":[{"embeddable":true,"href":"https:\/\/www.visionweb.com.ar\/index.php?rest_route=\/wp\/v2\/users\/3"}],"replies":[{"embeddable":true,"href":"https:\/\/www.visionweb.com.ar\/index.php?rest_route=%2Fwp%2Fv2%2Fcomments&post=17179"}],"version-history":[{"count":1,"href":"https:\/\/www.visionweb.com.ar\/index.php?rest_route=\/wp\/v2\/posts\/17179\/revisions"}],"predecessor-version":[{"id":17180,"href":"https:\/\/www.visionweb.com.ar\/index.php?rest_route=\/wp\/v2\/posts\/17179\/revisions\/17180"}],"wp:featuredmedia":[{"embeddable":true,"href":"https:\/\/www.visionweb.com.ar\/index.php?rest_route=\/wp\/v2\/media\/4209"}],"wp:attachment":[{"href":"https:\/\/www.visionweb.com.ar\/index.php?rest_route=%2Fwp%2Fv2%2Fmedia&parent=17179"}],"wp:term":[{"taxonomy":"category","embeddable":true,"href":"https:\/\/www.visionweb.com.ar\/index.php?rest_route=%2Fwp%2Fv2%2Fcategories&post=17179"},{"taxonomy":"post_tag","embeddable":true,"href":"https:\/\/www.visionweb.com.ar\/index.php?rest_route=%2Fwp%2Fv2%2Ftags&post=17179"}],"curies":[{"name":"wp","href":"https:\/\/api.w.org\/{rel}","templated":true}]}}