{"id":17164,"date":"2025-02-05T08:18:14","date_gmt":"2025-02-05T11:18:14","guid":{"rendered":"https:\/\/www.visionweb.com.ar\/?p=17164"},"modified":"2025-02-05T08:18:14","modified_gmt":"2025-02-05T11:18:14","slug":"ley-de-ministerios-se-dispuso-el-ministerio-de-seguridad-nacional-y-se-saco-la-secretaria-de-prensa-de-presidencia","status":"publish","type":"post","link":"https:\/\/www.visionweb.com.ar\/?p=17164","title":{"rendered":"Ley de Ministerios: Se dispuso el ministerio de \u201cSeguridad Nacional\u201d, y se sac\u00f3 la Secretar\u00eda de Prensa de Presidencia"},"content":{"rendered":"<p><strong><em>El presidente Milei modific\u00f3 la estructura de su gabinete por decreto. Patricia Bullrich ahora ser\u00e1 ministro de \u201cSeguridad Nacional\u201d, y suprimi\u00f3 la Secretar\u00eda de Prensa presidencial.<\/em><\/strong><!--more--><\/p>\n<p><strong>\u00a0\u00a0 <img loading=\"lazy\" decoding=\"async\" class=\"size-medium wp-image-13216 alignright\" src=\"https:\/\/www.visionweb.com.ar\/wp-content\/uploads\/2024\/01\/Milei-Javier-300x206.png\" alt=\"\" width=\"300\" height=\"206\" srcset=\"https:\/\/www.visionweb.com.ar\/wp-content\/uploads\/2024\/01\/Milei-Javier-300x206.png 300w, https:\/\/www.visionweb.com.ar\/wp-content\/uploads\/2024\/01\/Milei-Javier.png 502w\" sizes=\"auto, (max-width: 300px) 100vw, 300px\" \/> A <\/strong>trav\u00e9s del<strong>\u00a0Decreto de Necesidad y Urgencia (DNU) 58\/2025, el Gobierno nacional\u00a0dispuso modificaciones en la Ley de Ministerios, <\/strong>con el objetivo de redefinir la estructura del gabinete y reorganizar funciones.<\/p>\n<p>La norma establece el cambio de denominaci\u00f3n del<strong> Ministerio de Seguridad, que ahora pas\u00f3 a denominarse Ministerio de Seguridad Nacional<\/strong>, para resaltar\u00a0<strong>\u201csu misi\u00f3n en la prevenci\u00f3n y la lucha contra los delitos federales entre los que se encuentran el narcotr\u00e1fico, la trata de personas y otros delitos organizados y complejos\u201d<\/strong>.\u00a0Tambi\u00e9n se oficializ\u00f3\u00a0<strong>la desaparici\u00f3n de la Secretar\u00eda de Prensa de la Presidencia<\/strong>.<\/p>\n<p>Asimismo, mediante el\u00a0<strong><a href=\"https:\/\/www.boletinoficial.gob.ar\/detalleAviso\/primera\/320548\/20250204\">decreto 59\/2025<\/a><\/strong><strong>, Patricia Bullrich\u00a0<\/strong>fue designada como<strong> Ministro de Seguridad Nacional.\u00a0<\/strong> \u201cAtento a la experiencia recabada y a efectos de resaltar las competencias asignadas, resulta necesaria y urgente esta modificaci\u00f3n\u00a0<strong>para adecuar el ministerio al cambio de paradigma\u00a0<\/strong>en el concepto de seguridad\u201d, se\u00f1ala el texto del decreto firmado por Milei.<\/p>\n<div id=\"attachment_12986\" style=\"width: 310px\" class=\"wp-caption alignleft\"><img loading=\"lazy\" decoding=\"async\" aria-describedby=\"caption-attachment-12986\" class=\"wp-image-12986 size-medium\" src=\"https:\/\/www.visionweb.com.ar\/wp-content\/uploads\/2023\/12\/Bullrich-protocolo-300x197.png\" alt=\"\" width=\"300\" height=\"197\" srcset=\"https:\/\/www.visionweb.com.ar\/wp-content\/uploads\/2023\/12\/Bullrich-protocolo-300x197.png 300w, https:\/\/www.visionweb.com.ar\/wp-content\/uploads\/2023\/12\/Bullrich-protocolo.png 542w\" sizes=\"auto, (max-width: 300px) 100vw, 300px\" \/><p id=\"caption-attachment-12986\" class=\"wp-caption-text\">Ahora Patricia Bullrich ser\u00e1 Ministro de Seguridad Nacional. Foto archivo WV<\/p><\/div>\n<p>El decreto tambi\u00e9n suprime la Secretar\u00eda de Prensa de la Presidencia de la Naci\u00f3n, cuyas funciones ser\u00e1n absorbidas por la nueva Secretar\u00eda de Comunicaci\u00f3n y Medios.<\/p>\n<p>Con estos cambios el gabinete presidencial queda conformado por\u00a0<strong>ocho ministerios<\/strong>:\u00a0<strong>Relaciones Exteriores, Defensa, Econom\u00eda, Justicia, Seguridad Nacional, Salud, Capital Humano y Desregulaci\u00f3n y Transformaci\u00f3n del Estado<\/strong>.<\/p>\n<p>Tambi\u00e9n se reestructuran las Secretar\u00edas Presidenciales, que ser\u00e1n:\u00a0<strong>General, Legal y T\u00e9cnica, Planeamiento Estrat\u00e9gico Normativo, Inteligencia de Estado, Comunicaci\u00f3n y Medios, y Cultura<\/strong>. <strong>(VW)<\/strong><\/p>\n","protected":false},"excerpt":{"rendered":"<p>El presidente Milei modific\u00f3 la estructura de su gabinete por decreto. Patricia Bullrich ahora ser\u00e1 ministro de \u201cSeguridad Nacional\u201d, y suprimi\u00f3 la Secretar\u00eda de Prensa presidencial.<\/p>\n","protected":false},"author":4,"featured_media":13216,"comment_status":"closed","ping_status":"closed","sticky":false,"template":"","format":"standard","meta":{"_monsterinsights_skip_tracking":false,"_monsterinsights_sitenote_active":false,"_monsterinsights_sitenote_note":"","_monsterinsights_sitenote_category":0,"footnotes":""},"categories":[4],"tags":[500,7270,7271,4056,7272],"class_list":["post-17164","post","type-post","status-publish","format-standard","has-post-thumbnail","hentry","category-politica","tag-decreto","tag-ley-de-ministerios","tag-ministerio-de-seguridad-nacional","tag-patricia-bullrich","tag-sin-secretaria-de-prensa"],"_links":{"self":[{"href":"https:\/\/www.visionweb.com.ar\/index.php?rest_route=\/wp\/v2\/posts\/17164","targetHints":{"allow":["GET"]}}],"collection":[{"href":"https:\/\/www.visionweb.com.ar\/index.php?rest_route=\/wp\/v2\/posts"}],"about":[{"href":"https:\/\/www.visionweb.com.ar\/index.php?rest_route=\/wp\/v2\/types\/post"}],"author":[{"embeddable":true,"href":"https:\/\/www.visionweb.com.ar\/index.php?rest_route=\/wp\/v2\/users\/4"}],"replies":[{"embeddable":true,"href":"https:\/\/www.visionweb.com.ar\/index.php?rest_route=%2Fwp%2Fv2%2Fcomments&post=17164"}],"version-history":[{"count":1,"href":"https:\/\/www.visionweb.com.ar\/index.php?rest_route=\/wp\/v2\/posts\/17164\/revisions"}],"predecessor-version":[{"id":17165,"href":"https:\/\/www.visionweb.com.ar\/index.php?rest_route=\/wp\/v2\/posts\/17164\/revisions\/17165"}],"wp:featuredmedia":[{"embeddable":true,"href":"https:\/\/www.visionweb.com.ar\/index.php?rest_route=\/wp\/v2\/media\/13216"}],"wp:attachment":[{"href":"https:\/\/www.visionweb.com.ar\/index.php?rest_route=%2Fwp%2Fv2%2Fmedia&parent=17164"}],"wp:term":[{"taxonomy":"category","embeddable":true,"href":"https:\/\/www.visionweb.com.ar\/index.php?rest_route=%2Fwp%2Fv2%2Fcategories&post=17164"},{"taxonomy":"post_tag","embeddable":true,"href":"https:\/\/www.visionweb.com.ar\/index.php?rest_route=%2Fwp%2Fv2%2Ftags&post=17164"}],"curies":[{"name":"wp","href":"https:\/\/api.w.org\/{rel}","templated":true}]}}