{"id":17162,"date":"2025-02-05T07:49:10","date_gmt":"2025-02-05T10:49:10","guid":{"rendered":"https:\/\/www.visionweb.com.ar\/?p=17162"},"modified":"2025-02-05T07:49:10","modified_gmt":"2025-02-05T10:49:10","slug":"hubo-dictamen-y-la-suspension-de-las-paso-se-debatira-este-jueves-en-el-recinto","status":"publish","type":"post","link":"https:\/\/www.visionweb.com.ar\/?p=17162","title":{"rendered":"Hubo dictamen y la suspensi\u00f3n de las PASO se debatir\u00e1 este jueves en el recinto"},"content":{"rendered":"<p><em><strong>Con apoyo de gobernadores peronistas de Santiago del Estero y Catamarca, se aprob\u00f3 el dictamen para suspender las PASO y lo tratar\u00e1n el jueves en Diputados.<\/strong><\/em><!--more--><\/p>\n<p><strong>\u00a0 <img loading=\"lazy\" decoding=\"async\" class=\"size-full wp-image-1797 alignright\" src=\"https:\/\/www.visionweb.com.ar\/wp-content\/uploads\/2021\/06\/congreso.bmp\" alt=\"\" width=\"443\" height=\"304\" \/>\u00a0 E<\/strong>l oficialismo consigui\u00f3 ayer por la tarde las<strong>\u00a058 firmas necesarias en la C\u00e1mara de Diputados para avanzar con el dictamen que habilita el tratamiento en el plenario del proyecto de ley para suspender las Primarias, Abiertas, Simult\u00e1neas y Obligatorias (PASO).\u00a0<\/strong><\/p>\n<p>El debate se extendi\u00f3 durante horas debido a la dificultad de alcanzar el apoyo requerido en un Congreso dividido, pero finalmente<strong>\u00a0el respaldo clave de diputados peronistas de provincias como Catamarca y Santiago del Estero permiti\u00f3 destrabar la situaci\u00f3n.<\/strong><\/p>\n<p>La decisi\u00f3n se adopt\u00f3 en el plenario de comisiones, al que asistieron 114 de los 115 diputados que lo conforman. Inicialmente, el bloque oficialista obtuvo 53 firmas, apenas a cinco de las necesarias para obtener el dictamen de mayor\u00eda. Ante este escenario, se inici\u00f3 un nuevo proceso de negociaci\u00f3n con otros bloques y representantes provinciales.<\/p>\n<p>El respaldo clave provino de diputados peronistas de Catamarca y Santiago del Estero, quienes sumaron sus firmas al proyecto.\u00a0<strong>Los gobernadores de ambas provincias jugaron un rol central en el proceso de negociaci\u00f3n.\u00a0<\/strong>Finalmente, los diputados Ricardo Daives y Bernardo Herrera, de Santiago del Estero, junto con Sebasti\u00e1n Noblega y Silvana Ginocchio, de Catamarca, permitieron alcanzar el n\u00famero requerido de apoyos.<\/p>\n<p>El presidente de la comisi\u00f3n, Nicol\u00e1s Mayoraz, confirm\u00f3 que se hab\u00eda logrado\u00a0<strong>\u201cun dictamen de mayor\u00eda con 53 firmas, con 3 en disidencia, y otro 5 de un dictamen en minor\u00eda. En total se alcanzaron las 58 firmas\u201d.<\/strong><\/p>\n<p>Ahora,\u00a0<strong>el proyecto que busca suspender las PASO ser\u00e1 debatido en el recinto el jueves,<\/strong> <strong>donde se espera un intenso debate entre los distintos bloques legislativos, <\/strong>y en una sesi\u00f3n que tambi\u00e9n abordar\u00e1 otros temas de relevancia, como los<strong> proyectos de reiterancia y juicio en ausencia.<\/strong><\/p>\n<p><strong>Las PASO en Argentina<\/strong><\/p>\n<p>Las Primarias, Abiertas, Simult\u00e1neas y Obligatorias (PASO) fueron implementadas en Argentina a trav\u00e9s de la Ley 26.571, sancionada en 2009. Su objetivo principal fue ordenar la oferta electoral dentro de cada espacio pol\u00edtico y garantizar mayor participaci\u00f3n en la selecci\u00f3n de candidatos.<\/p>\n<p>Su<strong> primera aplicaci\u00f3n fue en 2011.\u00a0<\/strong>En algunas elecciones, sirvieron para definir liderazgos internos, mientras que en otras funcionaron como una <strong>gran encuesta nacional<\/strong> previa a las elecciones generales.<\/p>\n<p>Su obligatoriedad para ciudadanos y partidos pol\u00edticos gener\u00f3 debates a lo largo de los a\u00f1os, con posturas a favor y en contra de su continuidad.<\/p>\n<p>En distintos momentos, sectores pol\u00edticos propusieron su eliminaci\u00f3n o modificaci\u00f3n.\u00a0<strong>En 2019, algunos gobernadores impulsaron su suspensi\u00f3n, con los fundamentos de reducir costos y evitar la fragmentaci\u00f3n del electorado.\u00a0<\/strong>Sin embargo, hasta ahora, las PASO se mantuvieron en el calendario electoral. <strong>(VW)<\/strong><\/p>\n","protected":false},"excerpt":{"rendered":"<p>Con apoyo de gobernadores peronistas de Santiago del Estero y Catamarca, se aprob\u00f3 el dictamen para suspender las PASO y lo tratar\u00e1n el jueves en Diputados.<\/p>\n","protected":false},"author":4,"featured_media":1797,"comment_status":"closed","ping_status":"closed","sticky":false,"template":"","format":"standard","meta":{"_monsterinsights_skip_tracking":false,"_monsterinsights_sitenote_active":false,"_monsterinsights_sitenote_note":"","_monsterinsights_sitenote_category":0,"footnotes":""},"categories":[4],"tags":[7269,1913,143,7268],"class_list":["post-17162","post","type-post","status-publish","format-standard","has-post-thumbnail","hentry","category-politica","tag-al-senado","tag-dictamen","tag-diputados","tag-suspension-de-las-paso"],"_links":{"self":[{"href":"https:\/\/www.visionweb.com.ar\/index.php?rest_route=\/wp\/v2\/posts\/17162","targetHints":{"allow":["GET"]}}],"collection":[{"href":"https:\/\/www.visionweb.com.ar\/index.php?rest_route=\/wp\/v2\/posts"}],"about":[{"href":"https:\/\/www.visionweb.com.ar\/index.php?rest_route=\/wp\/v2\/types\/post"}],"author":[{"embeddable":true,"href":"https:\/\/www.visionweb.com.ar\/index.php?rest_route=\/wp\/v2\/users\/4"}],"replies":[{"embeddable":true,"href":"https:\/\/www.visionweb.com.ar\/index.php?rest_route=%2Fwp%2Fv2%2Fcomments&post=17162"}],"version-history":[{"count":1,"href":"https:\/\/www.visionweb.com.ar\/index.php?rest_route=\/wp\/v2\/posts\/17162\/revisions"}],"predecessor-version":[{"id":17163,"href":"https:\/\/www.visionweb.com.ar\/index.php?rest_route=\/wp\/v2\/posts\/17162\/revisions\/17163"}],"wp:featuredmedia":[{"embeddable":true,"href":"https:\/\/www.visionweb.com.ar\/index.php?rest_route=\/wp\/v2\/media\/1797"}],"wp:attachment":[{"href":"https:\/\/www.visionweb.com.ar\/index.php?rest_route=%2Fwp%2Fv2%2Fmedia&parent=17162"}],"wp:term":[{"taxonomy":"category","embeddable":true,"href":"https:\/\/www.visionweb.com.ar\/index.php?rest_route=%2Fwp%2Fv2%2Fcategories&post=17162"},{"taxonomy":"post_tag","embeddable":true,"href":"https:\/\/www.visionweb.com.ar\/index.php?rest_route=%2Fwp%2Fv2%2Ftags&post=17162"}],"curies":[{"name":"wp","href":"https:\/\/api.w.org\/{rel}","templated":true}]}}