{"id":17150,"date":"2025-02-03T12:14:14","date_gmt":"2025-02-03T15:14:14","guid":{"rendered":"https:\/\/www.visionweb.com.ar\/?p=17150"},"modified":"2025-02-03T12:16:44","modified_gmt":"2025-02-03T15:16:44","slug":"intendentes-arman-mesa-politica-para-apoyar-a-kicillof","status":"publish","type":"post","link":"https:\/\/www.visionweb.com.ar\/?p=17150","title":{"rendered":"Intendentes arman mesa pol\u00edtica para apoyar a Kicillof"},"content":{"rendered":"<p><em><strong>Se trata de tres intendentes de la Segunda secci\u00f3n electoral (noroeste). La iniciativa surge despu\u00e9s de la cumbre de Villa Gesell.<\/strong><\/em> <!--more--><\/p>\n<div id=\"attachment_17151\" style=\"width: 310px\" class=\"wp-caption alignright\"><img loading=\"lazy\" decoding=\"async\" aria-describedby=\"caption-attachment-17151\" class=\"wp-image-17151 size-medium\" src=\"https:\/\/www.visionweb.com.ar\/wp-content\/uploads\/2025\/02\/INTENDENTES-300x200.png\" alt=\"\" width=\"300\" height=\"200\" srcset=\"https:\/\/www.visionweb.com.ar\/wp-content\/uploads\/2025\/02\/INTENDENTES-300x200.png 300w, https:\/\/www.visionweb.com.ar\/wp-content\/uploads\/2025\/02\/INTENDENTES.png 640w\" sizes=\"auto, (max-width: 300px) 100vw, 300px\" \/><p id=\"caption-attachment-17151\" class=\"wp-caption-text\"><em><strong>Intendentes de la Segunda secci\u00f3n electoral pican en punta y crean una Mesa para apoyar a Kicillof. Quieren sumar a otros alcaldes<\/strong><\/em>.<\/p><\/div>\n<p>Tres intendentes de la Segunda secci\u00f3n electoral activaron el \u00faltimo fin de semana una mesa seccional \u201cLa Segunda con Axel\u201d,junto a concejales y dirigentes territoriales para respaldar el liderazgo pol\u00edtico de Axel Kicillof.<\/p>\n<p>Luego de la cumbre que reuni\u00f3 a cerca de 40 jefes comunales en Villa Gesell donde el mandatario bonaerense comenz\u00f3 a delinear la estrategia electoral \u2013 coincidieron en la conveniencia de desdoblar los comicios, la eliminaci\u00f3n de las PASO y avanzar por la eliminaci\u00f3n de los l\u00edmites las reelecciones-, los principales referentes del kicillofismo en la Segunda se reunieron el s\u00e1bado en Salto.<\/p>\n<p>Con el intendente\u00a0<strong>Ricardo Alessandro<\/strong>\u00a0como anfitri\u00f3n y con la presencia de sus pares de Ramallo,\u00a0<strong>Mauro Poletti\u00a0<\/strong>y de San Pedro<strong>, Cecilio Salazar<\/strong>, los alcaldes dieron por inaugurada una metodolog\u00eda de trabajo que se replicar\u00e1 en las pr\u00f3ximas semanas<strong> en el resto de las secciones bonaerenses.<\/strong><\/p>\n<p>Seg\u00fan explicaron tras la reuni\u00f3n, el encuentro sirvi\u00f3 para \u201c<strong>abordar los principales desaf\u00edos que enfrenta la regi\u00f3n en el actual contexto\u201d<\/strong>\u00a0y para analizar \u201cdistintas propuestas que fortalezcan el proyecto provincial\u201d.<\/p>\n<p>El segundo encuentro de la Mesa \u201cLa Segunda con Axel\u201d se har\u00e1 el pr\u00f3ximo 22 de febrero. Tendr\u00e1 como sede a San Nicol\u00e1s, ciudad basti\u00f3n de la familia Passaglia y en donde el kirchnerismo es la principal fuerza opositora.<\/p>\n<p>Aunque ahora se muestran m\u00e1s cercanos a Javier Milei, el intendente de San Nicol\u00e1s Santiago Passaglia (Juntos) encabez\u00f3 en 2023 un proyecto para \u201cregionalizar\u201d la gesti\u00f3n y colocar dirigentes afines de la mano de Patricia Bullrich.<\/p>\n<p>En Ramallo, desplazaron en las Paso al intendente del PRO, Gustavo Peri\u00e9 e impusieron como candidata de Juntos a Cecilia Giammar\u00eda, en ese entonces secretaria del equipo de Obras P\u00fablicas de San Nicol\u00e1s.<\/p>\n<p>Sin embargo, en las generales cayeron frente al peronista Mauro Poletti, hoy alineado con Axel Kicillof.<\/p>\n<p>Tambi\u00e9n hubo intentos por posicionar a dirigentes en Pergamino, otra de las ciudades clave de la zona aunque all\u00ed logr\u00f3 imponerse con comodidad el intendente PRO, Javier Mart\u00ednez.<\/p>\n<p>En la Segunda tambi\u00e9n tiene peso el kirchnerismo con la fuerte presencia de la dirigente de San Nicol\u00e1s, Cecilia Comerio, la diputada nacional Agustina Propato (Z\u00e1rate) y el dirigente sindical Abel Furlan (Campana)(<strong>VW)<\/strong>.<\/p>\n<p>&nbsp;<\/p>\n","protected":false},"excerpt":{"rendered":"<p>Se trata de tres intendentes de la Segunda secci\u00f3n electoral (noroeste). La iniciativa surge despu\u00e9s de la cumbre de Villa Gesell.<\/p>\n","protected":false},"author":3,"featured_media":17151,"comment_status":"closed","ping_status":"closed","sticky":false,"template":"","format":"standard","meta":{"_monsterinsights_skip_tracking":false,"_monsterinsights_sitenote_active":false,"_monsterinsights_sitenote_note":"","_monsterinsights_sitenote_category":0,"footnotes":""},"categories":[4],"tags":[264,3911,7266,345],"class_list":["post-17150","post","type-post","status-publish","format-standard","has-post-thumbnail","hentry","category-politica","tag-intendentes","tag-mesa","tag-seccion","tag-segunda"],"_links":{"self":[{"href":"https:\/\/www.visionweb.com.ar\/index.php?rest_route=\/wp\/v2\/posts\/17150","targetHints":{"allow":["GET"]}}],"collection":[{"href":"https:\/\/www.visionweb.com.ar\/index.php?rest_route=\/wp\/v2\/posts"}],"about":[{"href":"https:\/\/www.visionweb.com.ar\/index.php?rest_route=\/wp\/v2\/types\/post"}],"author":[{"embeddable":true,"href":"https:\/\/www.visionweb.com.ar\/index.php?rest_route=\/wp\/v2\/users\/3"}],"replies":[{"embeddable":true,"href":"https:\/\/www.visionweb.com.ar\/index.php?rest_route=%2Fwp%2Fv2%2Fcomments&post=17150"}],"version-history":[{"count":1,"href":"https:\/\/www.visionweb.com.ar\/index.php?rest_route=\/wp\/v2\/posts\/17150\/revisions"}],"predecessor-version":[{"id":17152,"href":"https:\/\/www.visionweb.com.ar\/index.php?rest_route=\/wp\/v2\/posts\/17150\/revisions\/17152"}],"wp:featuredmedia":[{"embeddable":true,"href":"https:\/\/www.visionweb.com.ar\/index.php?rest_route=\/wp\/v2\/media\/17151"}],"wp:attachment":[{"href":"https:\/\/www.visionweb.com.ar\/index.php?rest_route=%2Fwp%2Fv2%2Fmedia&parent=17150"}],"wp:term":[{"taxonomy":"category","embeddable":true,"href":"https:\/\/www.visionweb.com.ar\/index.php?rest_route=%2Fwp%2Fv2%2Fcategories&post=17150"},{"taxonomy":"post_tag","embeddable":true,"href":"https:\/\/www.visionweb.com.ar\/index.php?rest_route=%2Fwp%2Fv2%2Ftags&post=17150"}],"curies":[{"name":"wp","href":"https:\/\/api.w.org\/{rel}","templated":true}]}}