{"id":17146,"date":"2025-02-03T11:46:06","date_gmt":"2025-02-03T14:46:06","guid":{"rendered":"https:\/\/www.visionweb.com.ar\/?p=17146"},"modified":"2025-02-03T11:46:06","modified_gmt":"2025-02-03T14:46:06","slug":"lanus-lanzan-colonia-de-verano-para-jubilados-en-el-parque-eva-peron","status":"publish","type":"post","link":"https:\/\/www.visionweb.com.ar\/?p=17146","title":{"rendered":"Lan\u00fas: Lanzan Colonia de Verano para jubilados en el Parque Eva Per\u00f3n"},"content":{"rendered":"<p>S<strong><em>e trata de la primera edici\u00f3n de esta iniciativa. La actividad comenzar\u00e1 ma\u00f1ana martes 4 de febrero, de 9 a 12hs. Hay que inscribirse por mail.<\/em><\/strong><!--more--><\/p>\n<p><strong><img loading=\"lazy\" decoding=\"async\" class=\"size-medium wp-image-17147 alignleft\" src=\"https:\/\/www.visionweb.com.ar\/wp-content\/uploads\/2025\/02\/colonia-vac-para-mayores-240x300.png\" alt=\"\" width=\"240\" height=\"300\" srcset=\"https:\/\/www.visionweb.com.ar\/wp-content\/uploads\/2025\/02\/colonia-vac-para-mayores-240x300.png 240w, https:\/\/www.visionweb.com.ar\/wp-content\/uploads\/2025\/02\/colonia-vac-para-mayores.png 371w\" sizes=\"auto, (max-width: 240px) 100vw, 240px\" \/>\u00a0\u00a0\u00a0 L<\/strong>a Direcci\u00f3n de Adultos Mayores del municipio de Lan\u00fas, puso en marcha una colonia de vacaciones para jubilados a partir de los 60 a\u00f1os, que funcionar\u00e1 desde el 4 al 27 de febrero, en el Parque Municipal Eva Per\u00f3n, en Salta y Ram\u00f3n Cabrero, Remedios de Escalada este, de lunes a jueves de 9:00 a 12:00.<\/p>\n<p>Para inscribirse, se deber\u00e1 enviar un mail a\u00a0<a href=\"mailto:dir.adultosmayores@lanus.gob.ar\">dir.adultosmayores@lanus.gob.ar<\/a><\/p>\n<p>Cabe mencionar que durante enero, se lanz\u00f3 la Colonia Municipal de Verano 2025 que alberg\u00f3 a m\u00e1s de 6 mil chicos y chicas del distrito, que tuvieron acceso a deportes y juegos recreativos, talleres de arte y creatividad, actividades acu\u00e1ticas en piletas acondicionadas en cada sede, espect\u00e1culos culturales infantiles y celebraciones especiales. <strong>(VW)<\/strong><\/p>\n","protected":false},"excerpt":{"rendered":"<p>Se trata de la primera edici\u00f3n de esta iniciativa. La actividad comenzar\u00e1 ma\u00f1ana martes 4 de febrero, de 9 a 12hs. Hay que inscribirse por mail.<\/p>\n","protected":false},"author":4,"featured_media":17147,"comment_status":"closed","ping_status":"closed","sticky":false,"template":"","format":"standard","meta":{"_monsterinsights_skip_tracking":false,"_monsterinsights_sitenote_active":false,"_monsterinsights_sitenote_note":"","_monsterinsights_sitenote_category":0,"footnotes":""},"categories":[5],"tags":[573,7265,19,14],"class_list":["post-17146","post","type-post","status-publish","format-standard","has-post-thumbnail","hentry","category-sociedad","tag-adultos-mayores","tag-colonia-de-verano-para-jubilados","tag-lanus","tag-municipio"],"_links":{"self":[{"href":"https:\/\/www.visionweb.com.ar\/index.php?rest_route=\/wp\/v2\/posts\/17146","targetHints":{"allow":["GET"]}}],"collection":[{"href":"https:\/\/www.visionweb.com.ar\/index.php?rest_route=\/wp\/v2\/posts"}],"about":[{"href":"https:\/\/www.visionweb.com.ar\/index.php?rest_route=\/wp\/v2\/types\/post"}],"author":[{"embeddable":true,"href":"https:\/\/www.visionweb.com.ar\/index.php?rest_route=\/wp\/v2\/users\/4"}],"replies":[{"embeddable":true,"href":"https:\/\/www.visionweb.com.ar\/index.php?rest_route=%2Fwp%2Fv2%2Fcomments&post=17146"}],"version-history":[{"count":1,"href":"https:\/\/www.visionweb.com.ar\/index.php?rest_route=\/wp\/v2\/posts\/17146\/revisions"}],"predecessor-version":[{"id":17148,"href":"https:\/\/www.visionweb.com.ar\/index.php?rest_route=\/wp\/v2\/posts\/17146\/revisions\/17148"}],"wp:featuredmedia":[{"embeddable":true,"href":"https:\/\/www.visionweb.com.ar\/index.php?rest_route=\/wp\/v2\/media\/17147"}],"wp:attachment":[{"href":"https:\/\/www.visionweb.com.ar\/index.php?rest_route=%2Fwp%2Fv2%2Fmedia&parent=17146"}],"wp:term":[{"taxonomy":"category","embeddable":true,"href":"https:\/\/www.visionweb.com.ar\/index.php?rest_route=%2Fwp%2Fv2%2Fcategories&post=17146"},{"taxonomy":"post_tag","embeddable":true,"href":"https:\/\/www.visionweb.com.ar\/index.php?rest_route=%2Fwp%2Fv2%2Ftags&post=17146"}],"curies":[{"name":"wp","href":"https:\/\/api.w.org\/{rel}","templated":true}]}}